{"id":2927,"date":"2025-06-13T01:51:08","date_gmt":"2025-06-13T01:51:08","guid":{"rendered":"https:\/\/pasahoy.com.ar\/ph\/?p=2927"},"modified":"2025-06-13T01:51:21","modified_gmt":"2025-06-13T01:51:21","slug":"cristina-kirchner-recibio-en-constitucion-a-ricardo-quintela-tras-su-condena-el-gobernador-respaldo-su-liderazgo-y-pidio-juicio-politico-a-la-corte","status":"publish","type":"post","link":"https:\/\/pasahoy.com.ar\/ph\/cristina-kirchner-recibio-en-constitucion-a-ricardo-quintela-tras-su-condena-el-gobernador-respaldo-su-liderazgo-y-pidio-juicio-politico-a-la-corte\/","title":{"rendered":"Cristina Kirchner recibi\u00f3 en Constituci\u00f3n a Ricardo Quintela tras su condena. El gobernador respald\u00f3 su liderazgo y pidi\u00f3 juicio pol\u00edtico a la Corte."},"content":{"rendered":"\n<p>La\u00a0<strong>expresidenta Cristina Kirchner<\/strong>\u00a0se reuni\u00f3 en su domicilio del barrio porte\u00f1o de\u00a0<strong><a href=\"https:\/\/elintransigente.com\/tag\/constitucion\/\">Constituci\u00f3n<\/a><\/strong>\u00a0con el gobernador de\u00a0<strong><a href=\"https:\/\/elintransigente.com\/tag\/la-rioja\/\">La Rioja<\/a>, Ricardo Quintela<\/strong>, para analizar la situaci\u00f3n pol\u00edtica del\u00a0<strong>peronismo<\/strong>\u00a0tras la ratificaci\u00f3n de su\u00a0<strong>condena<\/strong>\u00a0a seis a\u00f1os de prisi\u00f3n e\u00a0<strong>inhabilitaci\u00f3n perpetua<\/strong>\u00a0para ejercer cargos p\u00fablicos. El encuentro fue breve, pero marc\u00f3 el respaldo de un sector del\u00a0<strong>PJ<\/strong>\u00a0a su figura. <\/p>\n\n\n\n<p>El encuentro tuvo lugar en la casa de su hija,\u00a0<strong>Florencia Kirchner<\/strong>, ubicada en San Jos\u00e9 1111. Quintela lleg\u00f3 al lugar luego de participar en la sede del\u00a0<strong>PJ<\/strong>\u00a0en Balvanera, donde se celebraba una reuni\u00f3n con referentes como Sergio Massa, Juan Grabois y Guillermo Moreno. A la salida, el mandatario riojano afirm\u00f3: \u201cDialogamos con respecto a las acciones a seguir. Tambi\u00e9n hablamos de la situaci\u00f3n de La Rioja<\/p>\n\n\n\n<p>Quintela, quien en su momento compiti\u00f3 contra Cristina dentro del\u00a0<strong>justicialismo<\/strong>, dijo haber visto a la expresidenta \u201cmuy bien\u201d y con entereza. Adem\u00e1s, descart\u00f3 asumir la conducci\u00f3n del\u00a0<strong>Partido Justicialista<\/strong>: \u201cEst\u00e1 el vicepresidente a cargo, que es&nbsp;<strong>Jos\u00e9 Mayans<\/strong>\u201d, explic\u00f3.<\/p>\n\n\n\n<p>En di\u00e1logo con los medios, tambi\u00e9n expres\u00f3 su respaldo a un posible\u00a0<strong>juicio pol\u00edtico a la Corte Suprema<\/strong>. \u201cYo se lo har\u00eda ya. Son tres personas que no fueron elegidas por nadie. No representan a la Rep\u00fablica y sus fallos no se pueden discutir\u201d, critic\u00f3 con dureza. <\/p>\n\n\n\n<p>Desde que se conoci\u00f3 el fallo de la Corte, la casa de\u00a0<strong>Cristina Kirchner<\/strong>\u00a0se convirti\u00f3 en punto de encuentro para simpatizantes y militantes. Una\u00a0<strong>vigilia constante<\/strong>\u00a0rodea su domicilio en se\u00f1al de apoyo. A dos d\u00edas de la sentencia, todav\u00eda permanecen varias personas en los alrededores <\/p>\n\n\n\n<p>Antes de visitar a Cristina, Quintela hab\u00eda adelantado que podr\u00eda haber una cumbre de\u00a0<strong>gobernadores peronistas<\/strong>\u00a0en los pr\u00f3ximos d\u00edas. La reuni\u00f3n tendr\u00eda como objetivo definir una nueva\u00a0<strong>estrategia pol\u00edtica<\/strong>\u00a0del espacio y analizar los pasos a seguir ante el vac\u00edo de liderazgo.<\/p>\n\n\n\n<p>Este jueves, el senador formose\u00f1o\u00a0<strong>Jos\u00e9 Mayans<\/strong>, jefe de bloque de Uni\u00f3n por la Patria y actual vicepresidente del\u00a0<strong>PJ<\/strong>, se comunic\u00f3 con el gobernador<\/p>\n\n\n\n<figure class=\"wp-block-gallery has-nested-images columns-default is-cropped wp-block-gallery-1 is-layout-flex wp-block-gallery-is-layout-flex\">\n<figure class=\"wp-block-image size-large\"><img loading=\"lazy\" decoding=\"async\" width=\"1024\" height=\"576\" data-id=\"2928\" src=\"https:\/\/pasahoy.com.ar\/ph\/wp-content\/uploads\/2025\/06\/1000419688-1024x576.jpg\" alt=\"\" class=\"wp-image-2928\" srcset=\"https:\/\/pasahoy.com.ar\/ph\/wp-content\/uploads\/2025\/06\/1000419688-1024x576.jpg 1024w, https:\/\/pasahoy.com.ar\/ph\/wp-content\/uploads\/2025\/06\/1000419688-300x169.jpg 300w, https:\/\/pasahoy.com.ar\/ph\/wp-content\/uploads\/2025\/06\/1000419688-768x432.jpg 768w, https:\/\/pasahoy.com.ar\/ph\/wp-content\/uploads\/2025\/06\/1000419688.jpg 1080w\" sizes=\"auto, (max-width: 1024px) 100vw, 1024px\" \/><\/figure>\n<\/figure>\n","protected":false},"excerpt":{"rendered":"<p>La\u00a0expresidenta Cristina Kirchner\u00a0se reuni\u00f3 en su domicilio del barrio porte\u00f1o de\u00a0Constituci\u00f3n\u00a0con el gobernador de\u00a0La Rioja, Ricardo Quintela, para analizar la situaci\u00f3n pol\u00edtica del\u00a0peronismo\u00a0tras la ratificaci\u00f3n de su\u00a0condena\u00a0a seis a\u00f1os de prisi\u00f3n e\u00a0inhabilitaci\u00f3n perpetua\u00a0para ejercer cargos p\u00fablicos. El encuentro fue breve, pero marc\u00f3 el respaldo de un sector del\u00a0PJ\u00a0a su figura. El encuentro tuvo lugar en [&hellip;]<\/p>\n","protected":false},"author":3,"featured_media":2928,"comment_status":"open","ping_status":"open","sticky":false,"template":"","format":"standard","meta":{"_jetpack_memberships_contains_paid_content":false,"footnotes":""},"categories":[2],"tags":[],"class_list":["post-2927","post","type-post","status-publish","format-standard","has-post-thumbnail","hentry","category-nacional"],"jetpack_featured_media_url":"https:\/\/pasahoy.com.ar\/ph\/wp-content\/uploads\/2025\/06\/1000419688.jpg","jetpack_sharing_enabled":true,"_links":{"self":[{"href":"https:\/\/pasahoy.com.ar\/ph\/wp-json\/wp\/v2\/posts\/2927","targetHints":{"allow":["GET"]}}],"collection":[{"href":"https:\/\/pasahoy.com.ar\/ph\/wp-json\/wp\/v2\/posts"}],"about":[{"href":"https:\/\/pasahoy.com.ar\/ph\/wp-json\/wp\/v2\/types\/post"}],"author":[{"embeddable":true,"href":"https:\/\/pasahoy.com.ar\/ph\/wp-json\/wp\/v2\/users\/3"}],"replies":[{"embeddable":true,"href":"https:\/\/pasahoy.com.ar\/ph\/wp-json\/wp\/v2\/comments?post=2927"}],"version-history":[{"count":1,"href":"https:\/\/pasahoy.com.ar\/ph\/wp-json\/wp\/v2\/posts\/2927\/revisions"}],"predecessor-version":[{"id":2929,"href":"https:\/\/pasahoy.com.ar\/ph\/wp-json\/wp\/v2\/posts\/2927\/revisions\/2929"}],"wp:featuredmedia":[{"embeddable":true,"href":"https:\/\/pasahoy.com.ar\/ph\/wp-json\/wp\/v2\/media\/2928"}],"wp:attachment":[{"href":"https:\/\/pasahoy.com.ar\/ph\/wp-json\/wp\/v2\/media?parent=2927"}],"wp:term":[{"taxonomy":"category","embeddable":true,"href":"https:\/\/pasahoy.com.ar\/ph\/wp-json\/wp\/v2\/categories?post=2927"},{"taxonomy":"post_tag","embeddable":true,"href":"https:\/\/pasahoy.com.ar\/ph\/wp-json\/wp\/v2\/tags?post=2927"}],"curies":[{"name":"wp","href":"https:\/\/api.w.org\/{rel}","templated":true}]}}