{"id":2920,"date":"2025-06-12T21:53:39","date_gmt":"2025-06-12T21:53:39","guid":{"rendered":"https:\/\/pasahoy.com.ar\/ph\/?p=2920"},"modified":"2025-06-12T21:53:39","modified_gmt":"2025-06-12T21:53:39","slug":"la-provincia-presento-un-protocolo-clave-para-actuar-ante-urgencias-de-salud-mental-y-consumos-problematicos","status":"publish","type":"post","link":"https:\/\/pasahoy.com.ar\/ph\/la-provincia-presento-un-protocolo-clave-para-actuar-ante-urgencias-de-salud-mental-y-consumos-problematicos\/","title":{"rendered":"La Provincia present\u00f3 un protocolo clave para actuar ante urgencias de salud mental y consumos problem\u00e1ticos"},"content":{"rendered":"\n<p><em>Con un enfoque en los derechos humanos y la intervenci\u00f3n oportuna, el Gobierno provincial articul\u00f3 un acuerdo entre Seguridad, Salud y la Defensa P\u00fablica para guiar la actuaci\u00f3n en situaciones cr\u00edticas. El protocolo se implementar\u00e1 con capacitaciones y coordinaci\u00f3n institucional.<\/em><\/p>\n\n\n\n<figure class=\"wp-block-gallery has-nested-images columns-default is-cropped wp-block-gallery-1 is-layout-flex wp-block-gallery-is-layout-flex\">\n<figure class=\"wp-block-image size-large\"><img loading=\"lazy\" decoding=\"async\" width=\"1024\" height=\"760\" data-id=\"2923\" src=\"https:\/\/pasahoy.com.ar\/ph\/wp-content\/uploads\/2025\/06\/1000418703-1024x760.jpg\" alt=\"\" class=\"wp-image-2923\" srcset=\"https:\/\/pasahoy.com.ar\/ph\/wp-content\/uploads\/2025\/06\/1000418703-1024x760.jpg 1024w, https:\/\/pasahoy.com.ar\/ph\/wp-content\/uploads\/2025\/06\/1000418703-300x223.jpg 300w, https:\/\/pasahoy.com.ar\/ph\/wp-content\/uploads\/2025\/06\/1000418703-768x570.jpg 768w, https:\/\/pasahoy.com.ar\/ph\/wp-content\/uploads\/2025\/06\/1000418703.jpg 1280w\" sizes=\"auto, (max-width: 1024px) 100vw, 1024px\" \/><\/figure>\n\n\n\n<figure class=\"wp-block-image size-large\"><img loading=\"lazy\" decoding=\"async\" width=\"1024\" height=\"717\" data-id=\"2924\" src=\"https:\/\/pasahoy.com.ar\/ph\/wp-content\/uploads\/2025\/06\/1000418695-1024x717.jpg\" alt=\"\" class=\"wp-image-2924\" srcset=\"https:\/\/pasahoy.com.ar\/ph\/wp-content\/uploads\/2025\/06\/1000418695-1024x717.jpg 1024w, https:\/\/pasahoy.com.ar\/ph\/wp-content\/uploads\/2025\/06\/1000418695-300x210.jpg 300w, https:\/\/pasahoy.com.ar\/ph\/wp-content\/uploads\/2025\/06\/1000418695-768x538.jpg 768w, https:\/\/pasahoy.com.ar\/ph\/wp-content\/uploads\/2025\/06\/1000418695-1536x1076.jpg 1536w, https:\/\/pasahoy.com.ar\/ph\/wp-content\/uploads\/2025\/06\/1000418695.jpg 1600w\" sizes=\"auto, (max-width: 1024px) 100vw, 1024px\" \/><\/figure>\n\n\n\n<figure class=\"wp-block-image size-large\"><img loading=\"lazy\" decoding=\"async\" width=\"1024\" height=\"781\" data-id=\"2922\" src=\"https:\/\/pasahoy.com.ar\/ph\/wp-content\/uploads\/2025\/06\/1000418697-1024x781.jpg\" alt=\"\" class=\"wp-image-2922\" srcset=\"https:\/\/pasahoy.com.ar\/ph\/wp-content\/uploads\/2025\/06\/1000418697-1024x781.jpg 1024w, https:\/\/pasahoy.com.ar\/ph\/wp-content\/uploads\/2025\/06\/1000418697-300x229.jpg 300w, https:\/\/pasahoy.com.ar\/ph\/wp-content\/uploads\/2025\/06\/1000418697-768x586.jpg 768w, https:\/\/pasahoy.com.ar\/ph\/wp-content\/uploads\/2025\/06\/1000418697-1536x1172.jpg 1536w, https:\/\/pasahoy.com.ar\/ph\/wp-content\/uploads\/2025\/06\/1000418697.jpg 1600w\" sizes=\"auto, (max-width: 1024px) 100vw, 1024px\" \/><\/figure>\n\n\n\n<figure class=\"wp-block-image size-large\"><img loading=\"lazy\" decoding=\"async\" width=\"1024\" height=\"684\" data-id=\"2925\" src=\"https:\/\/pasahoy.com.ar\/ph\/wp-content\/uploads\/2025\/06\/1000418699-1024x684.jpg\" alt=\"\" class=\"wp-image-2925\" srcset=\"https:\/\/pasahoy.com.ar\/ph\/wp-content\/uploads\/2025\/06\/1000418699-1024x684.jpg 1024w, https:\/\/pasahoy.com.ar\/ph\/wp-content\/uploads\/2025\/06\/1000418699-300x200.jpg 300w, https:\/\/pasahoy.com.ar\/ph\/wp-content\/uploads\/2025\/06\/1000418699-768x513.jpg 768w, https:\/\/pasahoy.com.ar\/ph\/wp-content\/uploads\/2025\/06\/1000418699-1536x1026.jpg 1536w, https:\/\/pasahoy.com.ar\/ph\/wp-content\/uploads\/2025\/06\/1000418699.jpg 1600w\" sizes=\"auto, (max-width: 1024px) 100vw, 1024px\" \/><\/figure>\n\n\n\n<figure class=\"wp-block-image size-large\"><img loading=\"lazy\" decoding=\"async\" width=\"1024\" height=\"684\" data-id=\"2921\" src=\"https:\/\/pasahoy.com.ar\/ph\/wp-content\/uploads\/2025\/06\/1000418701-1024x684.jpg\" alt=\"\" class=\"wp-image-2921\" srcset=\"https:\/\/pasahoy.com.ar\/ph\/wp-content\/uploads\/2025\/06\/1000418701-1024x684.jpg 1024w, https:\/\/pasahoy.com.ar\/ph\/wp-content\/uploads\/2025\/06\/1000418701-300x200.jpg 300w, https:\/\/pasahoy.com.ar\/ph\/wp-content\/uploads\/2025\/06\/1000418701-768x513.jpg 768w, https:\/\/pasahoy.com.ar\/ph\/wp-content\/uploads\/2025\/06\/1000418701.jpg 1280w\" sizes=\"auto, (max-width: 1024px) 100vw, 1024px\" \/><\/figure>\n<\/figure>\n\n\n\n<p>Este jueves se present\u00f3 en el Sal\u00f3n Auditorio Angelelli del Tribunal Superior de Justicia el Protocolo de Intervenci\u00f3n para las Fuerzas de Seguridad y los Servicios de Urgencia de Salud P\u00fablica ante personas en situaci\u00f3n de crisis de salud mental y consumos problem\u00e1ticos. El acto incluy\u00f3 la firma de un acuerdo de cooperaci\u00f3n entre el Ministerio de Seguridad, el Ministerio P\u00fablico de la Defensa y el Ministerio de Salud, marcando un hito en el abordaje conjunto de estas problem\u00e1ticas.<br>La elaboraci\u00f3n del protocolo responde a la necesidad de contar con herramientas claras y eficaces para responder ante situaciones de urgencia, resguardando los derechos de las personas afectadas y la seguridad de la comunidad.<br>Desde la sanci\u00f3n de la Ley Nacional N.\u00ba 26.657 de Derecho a la Protecci\u00f3n de la Salud Mental (2010), a la que la Provincia adhiri\u00f3 mediante la Ley N.\u00ba 10.210, el Estado argentino busca garantizar el respeto a los derechos humanos de todas las personas con padecimientos mentales o consumos problem\u00e1ticos.<br>El nuevo protocolo se alinea con estos principios y establece una gu\u00eda de actuaci\u00f3n para el personal de seguridad y salud p\u00fablica, priorizando el cuidado integral, la dignidad y el trato no discriminatorio.<\/p>\n\n\n\n<p><em>Clara visi\u00f3n de gobierno<\/em><br>Durante la presentaci\u00f3n, la jueza del Tribunal Superior de Justicia, Karina Becerra, dio la bienvenida a los presentes y destac\u00f3 la articulaci\u00f3n interinstitucional al afirmar que \u201cno somos aislados en lo ejecutivo, legislativo o judicial; estas pol\u00edticas son fundamentales para abordar las problem\u00e1ticas mentales que enfrentamos en todos los \u00e1mbitos\u201d.<br>Por su parte, el ministro de Seguridad, Justicia y Derechos Humanos, Miguel Z\u00e1rate, subray\u00f3 la importancia de este tipo de herramientas y del trabajo conjunto y se\u00f1al\u00f3 que \u201choy hemos podido observar c\u00f3mo el Estado presente articula sus esfuerzos en una clara visi\u00f3n de gobierno. Este protocolo ser\u00e1 fundamental para las fuerzas de seguridad y el sistema de salud, para contener y garantizar los derechos de aquellas personas que padecen problemas de salud mental en su sentido m\u00e1s amplio. La salud mental abarca no solo aspectos ps\u00edquicos, sino tambi\u00e9n f\u00edsicos, y est\u00e1 relacionada con el consumo problem\u00e1tico de sustancias, tanto legales como ilegales\u00bb.<br>Z\u00e1rate remarc\u00f3 que muchas personas atraviesan estas problem\u00e1ticas en silencio y que el Estado debe estar preparado, y en ese sentido afirm\u00f3 que \u201ces crucial que tanto la Fuerza de Seguridad como el Sistema de Salud est\u00e9n listos para abordar a aquellas personas en crisis, quienes a menudo pueden poner en riesgo su vida o la de otros\u201d.<br>Adem\u00e1s, el ministro hizo un llamado a consolidar derechos desde el Estado provincial, y fue enf\u00e1tico en contrastar esta pol\u00edtica con la del Gobierno nacional: \u201cEl Estado tiene la obligaci\u00f3n de garantizar estos derechos. Celebramos esta actividad en el contexto actual de un gobierno nacional cada vez menos humano, que restringe o elimina derechos adquiridos de muchos sectores de la sociedad. Somos la cara de la otra moneda, con un Gobierno provincial que busca consolidar derechos, con una gesti\u00f3n m\u00e1s humana\u201d.<\/p>\n\n\n\n<p><em>Tarea conjunta<\/em><br>Por su parte, el Defensor General de la Provincia, Gast\u00f3n Mercado Luna, explic\u00f3 que el protocolo se elabor\u00f3 en conjunto con la Polic\u00eda y el Ministerio de Salud, y est\u00e1 destinado a intervenir en casos extremos. \u201cEs fundamental contar con una gu\u00eda clara para que la Polic\u00eda y el personal de Salud sepan c\u00f3mo actuar en situaciones cr\u00edticas\u201d, asegur\u00f3.<br>Mercado Luna advirti\u00f3 adem\u00e1s que la salud mental \u201cno se limita a la drogadicci\u00f3n, sino que incluye problemas como el estr\u00e9s y la depresi\u00f3n, que afectan a la sociedad moderna\u201d. En ese sentido, detall\u00f3 que en lo que va del a\u00f1o se han registrado 53 intervenciones extrajudiciales y sostuvo que se capacitar\u00e1 al personal, tras lo cual destac\u00f3 que \u00aben medio del individualismo y la competencia, tener un poco de humanidad entre todos ayuda\u201d.<\/p>\n\n\n\n<p><em>Herramienta clave<\/em><br>A su turno, el ministro de Salud, Juan Carlos Vergara, agradeci\u00f3 el trabajo conjunto y resalt\u00f3 que este protocolo es una herramienta clave para una problem\u00e1tica urgente. \u201cEste protocolo de intervenci\u00f3n ante urgencias de salud mental y consumos problem\u00e1ticos que presentamos hoy es el resultado de un trabajo articulado, responsable y comprometido entre el Ministerio de Salud P\u00fablica, el Ministerio de Seguridad, Justicia y Derechos Humanos, y el Ministerio P\u00fablico de la Defensa, y quiero llevar mi agradecimiento a cada miembro de los distintos equipos que han contribuido con su conocimiento, su experiencia y su vocaci\u00f3n de servicio a esta construcci\u00f3n conjunta\u201d, asegur\u00f3.<br>Asimismo, Vergara record\u00f3 que la Ley Nacional 26.657, y su adhesi\u00f3n provincial, reconoce que \u201clas personas con padecimientos mentales o consumos problem\u00e1ticos son titulares plenos de derechos y deben ser tratadas con dignidad y sin discriminaci\u00f3n\u201d y tambi\u00e9n destac\u00f3 la reciente reforma de la Constituci\u00f3n de La Rioja al recordar que \u201cen sus art\u00edculos 69 y 70, consagra la salud como un derecho humano fundamental y, en su art\u00edculo 71, introduce un avance hist\u00f3rico y ejemplar al establecer que el Estado garantizar\u00e1 tratamientos integrales para personas con consumos problem\u00e1ticos, adultos mayores, personas con discapacidad, ludopat\u00eda, obesidad y adicci\u00f3n a nuevas tecnolog\u00edas\u201d.<br>En este punto, el ministro expres\u00f3 su reconocimiento al gobernador Ricardo Quintela \u201ccuya visi\u00f3n ha sido clave para que este cambio sea posible. Su firme decisi\u00f3n de impulsar una reforma constitucional que reconozca, entre otros, los derechos para la salud mental como un derecho, y su compromiso con pol\u00edticas p\u00fablicas e inclusivas, nos permite hoy contar con herramientas concretas para transformar realidades\u00bb.<\/p>\n","protected":false},"excerpt":{"rendered":"<p>Con un enfoque en los derechos humanos y la intervenci\u00f3n oportuna, el Gobierno provincial articul\u00f3 un acuerdo entre Seguridad, Salud y la Defensa P\u00fablica para guiar la actuaci\u00f3n en situaciones cr\u00edticas. El protocolo se implementar\u00e1 con capacitaciones y coordinaci\u00f3n institucional. Este jueves se present\u00f3 en el Sal\u00f3n Auditorio Angelelli del Tribunal Superior de Justicia el [&hellip;]<\/p>\n","protected":false},"author":3,"featured_media":2923,"comment_status":"open","ping_status":"open","sticky":false,"template":"","format":"standard","meta":{"_jetpack_memberships_contains_paid_content":false,"footnotes":""},"categories":[1],"tags":[],"class_list":["post-2920","post","type-post","status-publish","format-standard","has-post-thumbnail","hentry","category-local"],"jetpack_featured_media_url":"https:\/\/pasahoy.com.ar\/ph\/wp-content\/uploads\/2025\/06\/1000418703.jpg","jetpack_sharing_enabled":true,"_links":{"self":[{"href":"https:\/\/pasahoy.com.ar\/ph\/wp-json\/wp\/v2\/posts\/2920","targetHints":{"allow":["GET"]}}],"collection":[{"href":"https:\/\/pasahoy.com.ar\/ph\/wp-json\/wp\/v2\/posts"}],"about":[{"href":"https:\/\/pasahoy.com.ar\/ph\/wp-json\/wp\/v2\/types\/post"}],"author":[{"embeddable":true,"href":"https:\/\/pasahoy.com.ar\/ph\/wp-json\/wp\/v2\/users\/3"}],"replies":[{"embeddable":true,"href":"https:\/\/pasahoy.com.ar\/ph\/wp-json\/wp\/v2\/comments?post=2920"}],"version-history":[{"count":1,"href":"https:\/\/pasahoy.com.ar\/ph\/wp-json\/wp\/v2\/posts\/2920\/revisions"}],"predecessor-version":[{"id":2926,"href":"https:\/\/pasahoy.com.ar\/ph\/wp-json\/wp\/v2\/posts\/2920\/revisions\/2926"}],"wp:featuredmedia":[{"embeddable":true,"href":"https:\/\/pasahoy.com.ar\/ph\/wp-json\/wp\/v2\/media\/2923"}],"wp:attachment":[{"href":"https:\/\/pasahoy.com.ar\/ph\/wp-json\/wp\/v2\/media?parent=2920"}],"wp:term":[{"taxonomy":"category","embeddable":true,"href":"https:\/\/pasahoy.com.ar\/ph\/wp-json\/wp\/v2\/categories?post=2920"},{"taxonomy":"post_tag","embeddable":true,"href":"https:\/\/pasahoy.com.ar\/ph\/wp-json\/wp\/v2\/tags?post=2920"}],"curies":[{"name":"wp","href":"https:\/\/api.w.org\/{rel}","templated":true}]}}