{"id":2904,"date":"2025-06-12T18:31:51","date_gmt":"2025-06-12T18:31:51","guid":{"rendered":"https:\/\/pasahoy.com.ar\/ph\/?p=2904"},"modified":"2025-06-12T18:32:15","modified_gmt":"2025-06-12T18:32:15","slug":"bomba-en-boca-ayrton-costa-no-viajara-al-mundial-de-clubes","status":"publish","type":"post","link":"https:\/\/pasahoy.com.ar\/ph\/bomba-en-boca-ayrton-costa-no-viajara-al-mundial-de-clubes\/","title":{"rendered":"Bomba en Boca: Ayrton Costa no viajar\u00e1 al Mundial de Clubes"},"content":{"rendered":"\n<p>El club de la Ribera recibi\u00f3 la confirmaci\u00f3n oficial de que el defensor zurdo no podr\u00e1 ingresar a Estados Unidos por cuestiones legales. As\u00ed, Russo pierde a un jugador que contaba como titular<\/p>\n\n\n\n<p><strong>Boca<\/strong>\u00a0recibi\u00f3 este jueves la confirmaci\u00f3n oficial de que<strong>\u00a0Ayrton Costa<\/strong>\u00a0no podr\u00e1 formar parte del plantel que disputar\u00e1 el\u00a0<strong><a href=\"https:\/\/www.ambito.com\/deportes\/conoce-el-cronograma-boca-y-river-el-mundial-clubes-dias-y-horarios-los-partidos-n6155924\" target=\"_blank\" rel=\"noreferrer noopener\">Mundial de Clubes 2025<\/a><\/strong>\u00a0en\u00a0<strong>Estados Unidos<\/strong>.<\/p>\n\n\n\n<p>El defensor zurdo no consigui\u00f3 la visa de ingreso al pa\u00eds norteamericano, debido a antecedentes judiciales que complican su situaci\u00f3n migratoria.<\/p>\n\n\n\n<p>El club hab\u00eda elevado un pedido especial a la\u00a0<strong>FIFA<\/strong>\u00a0para intentar destrabar el ingreso del jugador bajo car\u00e1cter de\u00a0<strong>\u00abtrabajo temporal\u00bb\u00a0<\/strong>por competencia internacional, pero ni siquiera esa gesti\u00f3n logr\u00f3 revertir la negativa.<\/p>\n\n\n\n<p>La historia no es nueva, ya que en&nbsp;<strong>2023,<\/strong>&nbsp;cuando&nbsp;<strong>Costa<\/strong>&nbsp;vest\u00eda la camiseta de&nbsp;<strong>Independiente,<\/strong>&nbsp;se perdi\u00f3 una gira por<strong>&nbsp;EE.UU.&nbsp;<\/strong>por el mismo motivo. La ra\u00edz del problema est\u00e1 en dos causas judiciales:&nbsp;<strong>una probation por robo calificado en 2018<\/strong>&nbsp;\u2014en la que fue beneficiado sin llegar a juicio\u2014 y su aparici\u00f3n como supuesto&nbsp;<strong>encubridor en un expediente de femicidio<\/strong>&nbsp;donde su hermano figura como principal acusado.<\/p>\n\n\n\n<p>Aunque no fue condenado, estos antecedentes pesaron en los filtros migratorios del Departamento de Estado, que desestim\u00f3 el permiso en dos oportunidades.<\/p>\n\n\n\n<p><strong>Boca<\/strong>&nbsp;hab\u00eda evaluado esta dificultad desde el momento en que decidi\u00f3 incorporarlo a comienzos de a\u00f1o. Sin embargo, esperaban que, trat\u00e1ndose de un torneo de car\u00e1cter internacional y con la intervenci\u00f3n de la&nbsp;<strong>FIFA,<\/strong>&nbsp;existiera alguna v\u00eda para asegurar su participaci\u00f3n.<\/p>\n\n\n\n<p>La negativa oficial lleg\u00f3 este jueves y termin\u00f3 con las ilusiones de Costa y del cuerpo t\u00e9cnico que encabeza<strong>&nbsp;Miguel \u00c1ngel Russo<\/strong>, que ahora deber\u00e1 ajustar su defensa con otras opciones disponibles.<\/p>\n\n\n\n<p>Con la baja de&nbsp;<strong>Costa, Boca<\/strong>&nbsp;queda con menos variantes en la zaga zurda.&nbsp;<strong>Marcos Rojo<\/strong>&nbsp;aparece como la principal y casi \u00fanica alternativa para ocupar ese lugar, mientras que&nbsp;<strong>Marco Pellegrino<\/strong>&nbsp;\u2014quien arrastra un desgarro\u2014 y el juvenil&nbsp;<strong>Mateo Mend\u00eda&nbsp;<\/strong>completan las opciones para ese sector de la defensa.<\/p>\n\n\n\n<p>El \u201cXeneize\u201d debutar\u00e1 en el certamen el pr\u00f3ximo lunes a partir de las 19 (hora argentina) ante el&nbsp;<strong>Benfica,<\/strong>&nbsp;donde ser\u00e1 el debut del tercer ciclo de&nbsp;<strong>Russo<\/strong>&nbsp;en el club.<\/p>\n\n\n\n<figure class=\"wp-block-gallery has-nested-images columns-default is-cropped wp-block-gallery-1 is-layout-flex wp-block-gallery-is-layout-flex\">\n<figure class=\"wp-block-image size-large\"><img loading=\"lazy\" decoding=\"async\" width=\"989\" height=\"570\" data-id=\"2905\" src=\"https:\/\/pasahoy.com.ar\/ph\/wp-content\/uploads\/2025\/06\/1000418157.png\" alt=\"\" class=\"wp-image-2905\" srcset=\"https:\/\/pasahoy.com.ar\/ph\/wp-content\/uploads\/2025\/06\/1000418157.png 989w, https:\/\/pasahoy.com.ar\/ph\/wp-content\/uploads\/2025\/06\/1000418157-300x173.png 300w, https:\/\/pasahoy.com.ar\/ph\/wp-content\/uploads\/2025\/06\/1000418157-768x443.png 768w\" sizes=\"auto, (max-width: 989px) 100vw, 989px\" \/><\/figure>\n<\/figure>\n","protected":false},"excerpt":{"rendered":"<p>El club de la Ribera recibi\u00f3 la confirmaci\u00f3n oficial de que el defensor zurdo no podr\u00e1 ingresar a Estados Unidos por cuestiones legales. As\u00ed, Russo pierde a un jugador que contaba como titular Boca\u00a0recibi\u00f3 este jueves la confirmaci\u00f3n oficial de que\u00a0Ayrton Costa\u00a0no podr\u00e1 formar parte del plantel que disputar\u00e1 el\u00a0Mundial de Clubes 2025\u00a0en\u00a0Estados Unidos. El [&hellip;]<\/p>\n","protected":false},"author":3,"featured_media":2905,"comment_status":"open","ping_status":"open","sticky":false,"template":"","format":"standard","meta":{"_jetpack_memberships_contains_paid_content":false,"footnotes":""},"categories":[4],"tags":[],"class_list":["post-2904","post","type-post","status-publish","format-standard","has-post-thumbnail","hentry","category-deporte"],"jetpack_featured_media_url":"https:\/\/pasahoy.com.ar\/ph\/wp-content\/uploads\/2025\/06\/1000418157.png","jetpack_sharing_enabled":true,"_links":{"self":[{"href":"https:\/\/pasahoy.com.ar\/ph\/wp-json\/wp\/v2\/posts\/2904","targetHints":{"allow":["GET"]}}],"collection":[{"href":"https:\/\/pasahoy.com.ar\/ph\/wp-json\/wp\/v2\/posts"}],"about":[{"href":"https:\/\/pasahoy.com.ar\/ph\/wp-json\/wp\/v2\/types\/post"}],"author":[{"embeddable":true,"href":"https:\/\/pasahoy.com.ar\/ph\/wp-json\/wp\/v2\/users\/3"}],"replies":[{"embeddable":true,"href":"https:\/\/pasahoy.com.ar\/ph\/wp-json\/wp\/v2\/comments?post=2904"}],"version-history":[{"count":1,"href":"https:\/\/pasahoy.com.ar\/ph\/wp-json\/wp\/v2\/posts\/2904\/revisions"}],"predecessor-version":[{"id":2906,"href":"https:\/\/pasahoy.com.ar\/ph\/wp-json\/wp\/v2\/posts\/2904\/revisions\/2906"}],"wp:featuredmedia":[{"embeddable":true,"href":"https:\/\/pasahoy.com.ar\/ph\/wp-json\/wp\/v2\/media\/2905"}],"wp:attachment":[{"href":"https:\/\/pasahoy.com.ar\/ph\/wp-json\/wp\/v2\/media?parent=2904"}],"wp:term":[{"taxonomy":"category","embeddable":true,"href":"https:\/\/pasahoy.com.ar\/ph\/wp-json\/wp\/v2\/categories?post=2904"},{"taxonomy":"post_tag","embeddable":true,"href":"https:\/\/pasahoy.com.ar\/ph\/wp-json\/wp\/v2\/tags?post=2904"}],"curies":[{"name":"wp","href":"https:\/\/api.w.org\/{rel}","templated":true}]}}