{"id":2889,"date":"2025-06-12T17:57:27","date_gmt":"2025-06-12T17:57:27","guid":{"rendered":"https:\/\/pasahoy.com.ar\/ph\/?p=2889"},"modified":"2025-06-12T17:57:27","modified_gmt":"2025-06-12T17:57:27","slug":"la-legislatura-reconoce-a-irma-duenas-por-su-trayectoria-en-el-comercio-local","status":"publish","type":"post","link":"https:\/\/pasahoy.com.ar\/ph\/la-legislatura-reconoce-a-irma-duenas-por-su-trayectoria-en-el-comercio-local\/","title":{"rendered":"La Legislatura reconoce a Irma Due\u00f1as por su trayectoria en el comercio local"},"content":{"rendered":"\n<p>En un emotivo acto celebrado hoy en la Legislatura Provincial, la C\u00e1mara de Diputados y Diputadas hizo entrega del merecido reconocimiento \u00abPedro Ignacio de Castro Barros\u00bb a Irma Due\u00f1as, destacada figura del Centro Comercial e Industrial de La Rioja, por su invaluable trayectoria y contribuci\u00f3n al desarrollo econ\u00f3mico de la provincia.<\/p>\n\n\n\n<figure class=\"wp-block-gallery has-nested-images columns-default is-cropped wp-block-gallery-1 is-layout-flex wp-block-gallery-is-layout-flex\">\n<figure class=\"wp-block-image size-large\"><img loading=\"lazy\" decoding=\"async\" width=\"1024\" height=\"682\" data-id=\"2890\" src=\"https:\/\/pasahoy.com.ar\/ph\/wp-content\/uploads\/2025\/06\/1000418067-1024x682.jpg\" alt=\"\" class=\"wp-image-2890\" srcset=\"https:\/\/pasahoy.com.ar\/ph\/wp-content\/uploads\/2025\/06\/1000418067-1024x682.jpg 1024w, https:\/\/pasahoy.com.ar\/ph\/wp-content\/uploads\/2025\/06\/1000418067-300x200.jpg 300w, https:\/\/pasahoy.com.ar\/ph\/wp-content\/uploads\/2025\/06\/1000418067-768x512.jpg 768w, https:\/\/pasahoy.com.ar\/ph\/wp-content\/uploads\/2025\/06\/1000418067-1536x1023.jpg 1536w, https:\/\/pasahoy.com.ar\/ph\/wp-content\/uploads\/2025\/06\/1000418067.jpg 1600w\" sizes=\"auto, (max-width: 1024px) 100vw, 1024px\" \/><\/figure>\n\n\n\n<figure class=\"wp-block-image size-large\"><img loading=\"lazy\" decoding=\"async\" width=\"1024\" height=\"682\" data-id=\"2891\" src=\"https:\/\/pasahoy.com.ar\/ph\/wp-content\/uploads\/2025\/06\/1000418068-1024x682.jpg\" alt=\"\" class=\"wp-image-2891\" srcset=\"https:\/\/pasahoy.com.ar\/ph\/wp-content\/uploads\/2025\/06\/1000418068-1024x682.jpg 1024w, https:\/\/pasahoy.com.ar\/ph\/wp-content\/uploads\/2025\/06\/1000418068-300x200.jpg 300w, https:\/\/pasahoy.com.ar\/ph\/wp-content\/uploads\/2025\/06\/1000418068-768x512.jpg 768w, https:\/\/pasahoy.com.ar\/ph\/wp-content\/uploads\/2025\/06\/1000418068-1536x1023.jpg 1536w, https:\/\/pasahoy.com.ar\/ph\/wp-content\/uploads\/2025\/06\/1000418068.jpg 1600w\" sizes=\"auto, (max-width: 1024px) 100vw, 1024px\" \/><\/figure>\n<\/figure>\n\n\n\n<p>La ceremonia cont\u00f3 con la presencia del vicepresidente primero, Claudio Ruiz; la vicepresidenta segunda, Teresita Luna; el presidente del Bloque de la UCR, Gustavo Galv\u00e1n; autoridades del Centro Comercial e Industrial, familiares y amigos de la homenajeada, quienes se dieron cita para celebrar la labor de una mujer que ha dedicado gran parte de su vida a impulsar el sector comercial riojano.<\/p>\n\n\n\n<p>Durante el evento, se resalt\u00f3 la incansable labor de Irma Due\u00f1as, su compromiso con los comerciantes locales y su visi\u00f3n estrat\u00e9gica para fomentar el crecimiento de las empresas riojanas.<\/p>\n\n\n\n<p>El vicepresidente primero, Claudio Ruiz, asegur\u00f3: \u201cEn cada rinc\u00f3n de la provincia hoy va a resonar su nombre y el que no la conoc\u00eda, va a saber qui\u00e9n es y qui\u00e9n fue Irma Due\u00f1as para la industria, para el trabajo, pero tambi\u00e9n para la pol\u00edtica\u201d. Por \u00faltimo, resalt\u00f3 la mirada visionaria de Irma en materia de miner\u00eda que hoy podr\u00e1 ser una realidad.<\/p>\n\n\n\n<p>Visiblemente emocionada, Due\u00f1as agradeci\u00f3 el reconocimiento y lo dedic\u00f3 a todos los comerciantes y emprendedores que d\u00eda a d\u00eda trabajan por el progreso de La Rioja. Sus palabras, a cargo de su hijo, estuvieron cargadas de gratitud. \u201cMe siento orgullosa de pertenecer a esta provincia y de haber contribuido dentro de mis modestas posibilidades a la defensa de la empresa y sus empresarios como aut\u00e9nticas organizaciones generadoras de riqueza y de trabajo genuino.\u201d<\/p>\n\n\n\n<p>En relaci\u00f3n a su influencia en el \u00e1mbito pol\u00edtico, agreg\u00f3: \u201cEnfoqu\u00e9 mi trabajo en la lucha por la igualdad de derechos y posibilidades de la mujer en todos los \u00e1mbitos. Espero que esta distinci\u00f3n personal sirva tambi\u00e9n como fuente de inspiraci\u00f3n a otras mujeres y j\u00f3venes para que persigan sus sue\u00f1os en el mundo empresarial, la pol\u00edtica o el \u00e1mbito de la vida que prefieren\u201d.<\/p>\n\n\n\n<p>Este reconocimiento legislativo no solo distingue la trayectoria individual de Irma Due\u00f1as, sino que tambi\u00e9n pone en valor el esfuerzo y la dedicaci\u00f3n de todos los que, desde el \u00e1mbito comercial e industrial, contribuyen al desarrollo y bienestar de la comunidad riojana.<\/p>\n","protected":false},"excerpt":{"rendered":"<p>En un emotivo acto celebrado hoy en la Legislatura Provincial, la C\u00e1mara de Diputados y Diputadas hizo entrega del merecido reconocimiento \u00abPedro Ignacio de Castro Barros\u00bb a Irma Due\u00f1as, destacada figura del Centro Comercial e Industrial de La Rioja, por su invaluable trayectoria y contribuci\u00f3n al desarrollo econ\u00f3mico de la provincia. La ceremonia cont\u00f3 con [&hellip;]<\/p>\n","protected":false},"author":3,"featured_media":2890,"comment_status":"open","ping_status":"open","sticky":false,"template":"","format":"standard","meta":{"_jetpack_memberships_contains_paid_content":false,"footnotes":""},"categories":[1],"tags":[],"class_list":["post-2889","post","type-post","status-publish","format-standard","has-post-thumbnail","hentry","category-local"],"jetpack_featured_media_url":"https:\/\/pasahoy.com.ar\/ph\/wp-content\/uploads\/2025\/06\/1000418067.jpg","jetpack_sharing_enabled":true,"_links":{"self":[{"href":"https:\/\/pasahoy.com.ar\/ph\/wp-json\/wp\/v2\/posts\/2889","targetHints":{"allow":["GET"]}}],"collection":[{"href":"https:\/\/pasahoy.com.ar\/ph\/wp-json\/wp\/v2\/posts"}],"about":[{"href":"https:\/\/pasahoy.com.ar\/ph\/wp-json\/wp\/v2\/types\/post"}],"author":[{"embeddable":true,"href":"https:\/\/pasahoy.com.ar\/ph\/wp-json\/wp\/v2\/users\/3"}],"replies":[{"embeddable":true,"href":"https:\/\/pasahoy.com.ar\/ph\/wp-json\/wp\/v2\/comments?post=2889"}],"version-history":[{"count":1,"href":"https:\/\/pasahoy.com.ar\/ph\/wp-json\/wp\/v2\/posts\/2889\/revisions"}],"predecessor-version":[{"id":2892,"href":"https:\/\/pasahoy.com.ar\/ph\/wp-json\/wp\/v2\/posts\/2889\/revisions\/2892"}],"wp:featuredmedia":[{"embeddable":true,"href":"https:\/\/pasahoy.com.ar\/ph\/wp-json\/wp\/v2\/media\/2890"}],"wp:attachment":[{"href":"https:\/\/pasahoy.com.ar\/ph\/wp-json\/wp\/v2\/media?parent=2889"}],"wp:term":[{"taxonomy":"category","embeddable":true,"href":"https:\/\/pasahoy.com.ar\/ph\/wp-json\/wp\/v2\/categories?post=2889"},{"taxonomy":"post_tag","embeddable":true,"href":"https:\/\/pasahoy.com.ar\/ph\/wp-json\/wp\/v2\/tags?post=2889"}],"curies":[{"name":"wp","href":"https:\/\/api.w.org\/{rel}","templated":true}]}}