{"id":2883,"date":"2025-06-12T17:51:14","date_gmt":"2025-06-12T17:51:14","guid":{"rendered":"https:\/\/pasahoy.com.ar\/ph\/?p=2883"},"modified":"2025-06-12T17:51:30","modified_gmt":"2025-06-12T17:51:30","slug":"un-hombre-fue-herido-de-arma-de-fuego-anoche-en-un-presunto-ajuste-de-cuentas-en-el-barrio-nueva-esperanza-de-capital","status":"publish","type":"post","link":"https:\/\/pasahoy.com.ar\/ph\/un-hombre-fue-herido-de-arma-de-fuego-anoche-en-un-presunto-ajuste-de-cuentas-en-el-barrio-nueva-esperanza-de-capital\/","title":{"rendered":"Un hombre fue herido de arma de fuego anoche en un presunto ajuste de cuentas, en el Barrio Nueva Esperanza de Capital."},"content":{"rendered":"\n<p>El incidente ocurri\u00f3 cerca de las 22:30 del mi\u00e9rcoles 11 de junio, en la intersecci\u00f3n de Av. Santa Rosa y Calle Los C\u00f3ndores.<\/p>\n\n\n\n<p>Seg\u00fan testigos, Jes\u00fas Rodr\u00edguez mientras regresaba a su auto Chevrolet Aveo, fue interceptado por dos individuos que descendieron de una motocicleta. Uno de ellos, sin mediar palabra, efectu\u00f3 tres disparos contra Rodr\u00edguez.<\/p>\n\n\n\n<p>Inicialmente, se habl\u00f3 de un \u00abajuste de cuentas por problemas de vieja data\u00bb, se\u00f1alando a un hombre conocido como \u00abel Cuca\u00bb. Sin embargo, ya en el hospital, el propio Rodr\u00edguez cambi\u00f3 su versi\u00f3n, mencionando a \u00abLa Flaca Marta\u00bb y aduciendo problemas de \u00abdeudas y mujeres\u00bb, aunque se neg\u00f3 a dar m\u00e1s detalles.<\/p>\n\n\n\n<figure class=\"wp-block-gallery has-nested-images columns-default is-cropped wp-block-gallery-1 is-layout-flex wp-block-gallery-is-layout-flex\">\n<figure class=\"wp-block-image size-large\"><img loading=\"lazy\" decoding=\"async\" width=\"1024\" height=\"486\" data-id=\"2884\" src=\"https:\/\/pasahoy.com.ar\/ph\/wp-content\/uploads\/2025\/06\/1000418051-1024x486.png\" alt=\"\" class=\"wp-image-2884\" srcset=\"https:\/\/pasahoy.com.ar\/ph\/wp-content\/uploads\/2025\/06\/1000418051-1024x486.png 1024w, https:\/\/pasahoy.com.ar\/ph\/wp-content\/uploads\/2025\/06\/1000418051-300x143.png 300w, https:\/\/pasahoy.com.ar\/ph\/wp-content\/uploads\/2025\/06\/1000418051-768x365.png 768w, https:\/\/pasahoy.com.ar\/ph\/wp-content\/uploads\/2025\/06\/1000418051.png 1044w\" sizes=\"auto, (max-width: 1024px) 100vw, 1024px\" \/><\/figure>\n<\/figure>\n\n\n\n<p>A pesar de la gravedad del hecho, la herida de Rodr\u00edguez no fue de consideraci\u00f3n y recibi\u00f3 el alta m\u00e9dica r\u00e1pidamente. Lo m\u00e1s llamativo es que el damnificado se neg\u00f3 rotundamente a radicar la denuncia, a pesar de la insistencia de la polic\u00eda, firmando una negativa y pidiendo que se retiraran del lugar.<\/p>\n\n\n\n<p>El autom\u00f3vil del herido fue retirado por su hermano, quien afirm\u00f3 que se lo hab\u00eda prestado a Jes\u00fas para unos tr\u00e1mites. Personal de Sumario Judicial y Criminal\u00edstica trabajaron en el lugar.<\/p>\n\n\n\n<p>La polic\u00eda elev\u00f3 un informe a la Justicia. La investigaci\u00f3n continuar\u00e1 para esclarecer este confuso episodio.<\/p>\n","protected":false},"excerpt":{"rendered":"<p>El incidente ocurri\u00f3 cerca de las 22:30 del mi\u00e9rcoles 11 de junio, en la intersecci\u00f3n de Av. Santa Rosa y Calle Los C\u00f3ndores. Seg\u00fan testigos, Jes\u00fas Rodr\u00edguez mientras regresaba a su auto Chevrolet Aveo, fue interceptado por dos individuos que descendieron de una motocicleta. Uno de ellos, sin mediar palabra, efectu\u00f3 tres disparos contra Rodr\u00edguez. [&hellip;]<\/p>\n","protected":false},"author":3,"featured_media":2884,"comment_status":"open","ping_status":"open","sticky":false,"template":"","format":"standard","meta":{"_jetpack_memberships_contains_paid_content":false,"footnotes":""},"categories":[9],"tags":[],"class_list":["post-2883","post","type-post","status-publish","format-standard","has-post-thumbnail","hentry","category-policial"],"jetpack_featured_media_url":"https:\/\/pasahoy.com.ar\/ph\/wp-content\/uploads\/2025\/06\/1000418051.png","jetpack_sharing_enabled":true,"_links":{"self":[{"href":"https:\/\/pasahoy.com.ar\/ph\/wp-json\/wp\/v2\/posts\/2883","targetHints":{"allow":["GET"]}}],"collection":[{"href":"https:\/\/pasahoy.com.ar\/ph\/wp-json\/wp\/v2\/posts"}],"about":[{"href":"https:\/\/pasahoy.com.ar\/ph\/wp-json\/wp\/v2\/types\/post"}],"author":[{"embeddable":true,"href":"https:\/\/pasahoy.com.ar\/ph\/wp-json\/wp\/v2\/users\/3"}],"replies":[{"embeddable":true,"href":"https:\/\/pasahoy.com.ar\/ph\/wp-json\/wp\/v2\/comments?post=2883"}],"version-history":[{"count":1,"href":"https:\/\/pasahoy.com.ar\/ph\/wp-json\/wp\/v2\/posts\/2883\/revisions"}],"predecessor-version":[{"id":2885,"href":"https:\/\/pasahoy.com.ar\/ph\/wp-json\/wp\/v2\/posts\/2883\/revisions\/2885"}],"wp:featuredmedia":[{"embeddable":true,"href":"https:\/\/pasahoy.com.ar\/ph\/wp-json\/wp\/v2\/media\/2884"}],"wp:attachment":[{"href":"https:\/\/pasahoy.com.ar\/ph\/wp-json\/wp\/v2\/media?parent=2883"}],"wp:term":[{"taxonomy":"category","embeddable":true,"href":"https:\/\/pasahoy.com.ar\/ph\/wp-json\/wp\/v2\/categories?post=2883"},{"taxonomy":"post_tag","embeddable":true,"href":"https:\/\/pasahoy.com.ar\/ph\/wp-json\/wp\/v2\/tags?post=2883"}],"curies":[{"name":"wp","href":"https:\/\/api.w.org\/{rel}","templated":true}]}}