{"id":2880,"date":"2025-06-12T03:03:16","date_gmt":"2025-06-12T03:03:16","guid":{"rendered":"https:\/\/pasahoy.com.ar\/ph\/?p=2880"},"modified":"2025-06-12T03:03:29","modified_gmt":"2025-06-12T03:03:29","slug":"condena-a-cristina-el-tribunal-rechazo-el-pedido-de-luciani-para-su-detencion-inmediata","status":"publish","type":"post","link":"https:\/\/pasahoy.com.ar\/ph\/condena-a-cristina-el-tribunal-rechazo-el-pedido-de-luciani-para-su-detencion-inmediata\/","title":{"rendered":"Condena a Cristina: el tribunal rechaz\u00f3 el pedido de Luciani para su detenci\u00f3n inmediata"},"content":{"rendered":"\n<p>El tribunal dej\u00f3 firme la resoluci\u00f3n que le daba 5 d\u00edas a la exmandataria, a pesar de la insistencia de los fiscales\u00a0Diego Luciani y Segio Mola.<\/p>\n\n\n\n<p>El Tribunal Oral Federal 2, a cargo de Jorge Gorini,<strong>\u00a0neg\u00f3 el pedido de los\u00a0fiscales Diego Luciani y Sergio Mola\u00a0para la detenci\u00f3n inmediata de la expresidenta\u00a0<a href=\"https:\/\/www.eldestapeweb.com\/politica\/vialidad\/la-corte-ratifico-la-condena-contra-cristina-inhabilitada-y-con-pena-de-6-anos-2025610172021\">Cristina Kirchner<\/a><\/strong>\u00a0tras la reciente resoluci\u00f3n de la Corte Suprema. As\u00ed, queda firme la decisi\u00f3n previa de la Justicia que le daba a la exmandataria 5 d\u00edas h\u00e1biles para presentarse. Del mismo modo, se dio curso al pedido de detenci\u00f3n domiciliaria presentada por la defensa.\u00a0<\/p>\n\n\n\n<p>A pesar de la resoluci\u00f3n expedita de Gorini sobre el plazo para la detenci\u00f3n, Luciani y Mola\u00a0hab\u00edan insistido ayer por la tarde en que se la arrestara instant\u00e1neamente despu\u00e9s de la resoluci\u00f3n. El tribunal, en cambio, hab\u00eda dispuesto esos 5 d\u00edas\u00a0\u00a0\u00abcon el objetivo de hacer efectivas sus detenciones, plazo prudencial en atenci\u00f3n a que algunos de los convocados se domicilian en distintas provincias argentinas<\/p>\n\n\n\n<p>El escrito de este jueves pide que se respete justamente esa resoluci\u00f3n. \u00abEst\u00e9se a lo dispuesto en el d\u00eda de ayer en los t\u00e9rminos del art. 375 del C\u00f3digo Procesal Penal Federal\u00bb, puntualizaron.\u00a0 Respecto a la domiciliaria, se\u00f1ala: \u00abF\u00f3rmense los legajos de arresto domiciliario correspondientes y prov\u00e9ase all\u00ed cuanto corresponda\u00bb.\u00a0<\/p>\n\n\n\n<figure class=\"wp-block-gallery has-nested-images columns-default is-cropped wp-block-gallery-1 is-layout-flex wp-block-gallery-is-layout-flex\">\n<figure class=\"wp-block-image size-large\"><img loading=\"lazy\" decoding=\"async\" width=\"1024\" height=\"533\" data-id=\"2881\" src=\"https:\/\/pasahoy.com.ar\/ph\/wp-content\/uploads\/2025\/06\/1000416432-1024x533.png\" alt=\"\" class=\"wp-image-2881\" srcset=\"https:\/\/pasahoy.com.ar\/ph\/wp-content\/uploads\/2025\/06\/1000416432-1024x533.png 1024w, https:\/\/pasahoy.com.ar\/ph\/wp-content\/uploads\/2025\/06\/1000416432-300x156.png 300w, https:\/\/pasahoy.com.ar\/ph\/wp-content\/uploads\/2025\/06\/1000416432-768x400.png 768w, https:\/\/pasahoy.com.ar\/ph\/wp-content\/uploads\/2025\/06\/1000416432.png 1059w\" sizes=\"auto, (max-width: 1024px) 100vw, 1024px\" \/><\/figure>\n<\/figure>\n","protected":false},"excerpt":{"rendered":"<p>El tribunal dej\u00f3 firme la resoluci\u00f3n que le daba 5 d\u00edas a la exmandataria, a pesar de la insistencia de los fiscales\u00a0Diego Luciani y Segio Mola. El Tribunal Oral Federal 2, a cargo de Jorge Gorini,\u00a0neg\u00f3 el pedido de los\u00a0fiscales Diego Luciani y Sergio Mola\u00a0para la detenci\u00f3n inmediata de la expresidenta\u00a0Cristina Kirchner\u00a0tras la reciente resoluci\u00f3n [&hellip;]<\/p>\n","protected":false},"author":3,"featured_media":2881,"comment_status":"open","ping_status":"open","sticky":false,"template":"","format":"standard","meta":{"_jetpack_memberships_contains_paid_content":false,"footnotes":""},"categories":[2],"tags":[],"class_list":["post-2880","post","type-post","status-publish","format-standard","has-post-thumbnail","hentry","category-nacional"],"jetpack_featured_media_url":"https:\/\/pasahoy.com.ar\/ph\/wp-content\/uploads\/2025\/06\/1000416432.png","jetpack_sharing_enabled":true,"_links":{"self":[{"href":"https:\/\/pasahoy.com.ar\/ph\/wp-json\/wp\/v2\/posts\/2880","targetHints":{"allow":["GET"]}}],"collection":[{"href":"https:\/\/pasahoy.com.ar\/ph\/wp-json\/wp\/v2\/posts"}],"about":[{"href":"https:\/\/pasahoy.com.ar\/ph\/wp-json\/wp\/v2\/types\/post"}],"author":[{"embeddable":true,"href":"https:\/\/pasahoy.com.ar\/ph\/wp-json\/wp\/v2\/users\/3"}],"replies":[{"embeddable":true,"href":"https:\/\/pasahoy.com.ar\/ph\/wp-json\/wp\/v2\/comments?post=2880"}],"version-history":[{"count":1,"href":"https:\/\/pasahoy.com.ar\/ph\/wp-json\/wp\/v2\/posts\/2880\/revisions"}],"predecessor-version":[{"id":2882,"href":"https:\/\/pasahoy.com.ar\/ph\/wp-json\/wp\/v2\/posts\/2880\/revisions\/2882"}],"wp:featuredmedia":[{"embeddable":true,"href":"https:\/\/pasahoy.com.ar\/ph\/wp-json\/wp\/v2\/media\/2881"}],"wp:attachment":[{"href":"https:\/\/pasahoy.com.ar\/ph\/wp-json\/wp\/v2\/media?parent=2880"}],"wp:term":[{"taxonomy":"category","embeddable":true,"href":"https:\/\/pasahoy.com.ar\/ph\/wp-json\/wp\/v2\/categories?post=2880"},{"taxonomy":"post_tag","embeddable":true,"href":"https:\/\/pasahoy.com.ar\/ph\/wp-json\/wp\/v2\/tags?post=2880"}],"curies":[{"name":"wp","href":"https:\/\/api.w.org\/{rel}","templated":true}]}}