{"id":2877,"date":"2025-06-12T02:58:10","date_gmt":"2025-06-12T02:58:10","guid":{"rendered":"https:\/\/pasahoy.com.ar\/ph\/?p=2877"},"modified":"2025-06-12T02:58:23","modified_gmt":"2025-06-12T02:58:23","slug":"es-oficial-la-decision-del-gobierno-de-milei-sobre-el-feriado-del-lunes-16-de-junio","status":"publish","type":"post","link":"https:\/\/pasahoy.com.ar\/ph\/es-oficial-la-decision-del-gobierno-de-milei-sobre-el-feriado-del-lunes-16-de-junio\/","title":{"rendered":"Es oficial: la decisi\u00f3n del Gobierno de Milei sobre el feriado del lunes 16 de junio"},"content":{"rendered":"\n<p>El Gobierno Nacional determin\u00f3 lo que ocurrir\u00e1 con el pr\u00f3ximo feriado previsto para el 16 de junio.\u00a0<\/p>\n\n\n\n<p><a href=\"https:\/\/www.eldestapeweb.com\/sociedad\/hospital-garrahan\/necesitamos-que-nos-apoyen-los-desgarradores-testimonios-de-los-trabajadores-del-hospital-en-la-marcha-por-el-garrahan-2025651906\"><strong>El Gobierno<\/strong><\/a>&nbsp;nacional confirm\u00f3 que el lunes 16 de junio ser\u00e1 feriado en todo el pa\u00eds, en conmemoraci\u00f3n del&nbsp;<strong>Paso a la Inmortalidad del General Don Mart\u00edn Miguel de G\u00fcemes.<\/strong>&nbsp;Aunque la efem\u00e9ride se recuerda originalmente el 17 de junio, al caer en martes, se aplica el criterio de los<a href=\"https:\/\/www.eldestapeweb.com\/atr\/calendario-de-feriados\/feriados-en-junio-por-guemes-y-belgrano-que-dias-caen-y-a-quienes-afectan-20256314451\">&nbsp;<\/a><strong><a href=\"https:\/\/www.eldestapeweb.com\/atr\/calendario-de-feriados\/feriados-en-junio-por-guemes-y-belgrano-que-dias-caen-y-a-quienes-afectan-20256314451\">feriados<\/a>&nbsp;<\/strong>trasladables: se adelanta al lunes para conformar un fin de semana largo.<\/p>\n\n\n\n<p>Este esquema responde a lo que establece la legislaci\u00f3n argentina, que permite mover ciertos<strong>&nbsp;<\/strong>feriados para fomentar el turismo y el descanso prolongado. Por eso,<strong>&nbsp;el lunes 16 se convierte oficialmente en d\u00eda no laborable<\/strong>&nbsp;con alcance nacional. Adem\u00e1s, esta semana de junio tendr\u00e1 un<strong>&nbsp;doble fin de semana extendido<\/strong>, ya que el jueves 20 tambi\u00e9n es feriado por el&nbsp;<strong>Paso a la Inmortalidad del General Manuel Belgrano<\/strong>, creador de la Bandera. A diferencia del anterior, este feriado es inamovible, por lo que se mantiene en su fecha original.<\/p>\n\n\n\n<p>Sin embargo, en las \u00faltimas horas, se revel\u00f3&nbsp;que el&nbsp;<strong>viernes 13 de junio<\/strong>&nbsp;ser\u00e1 feriado en una localidad, por lo que los afectados tendr\u00e1&nbsp;<strong>cuatro d\u00edas consecutivos<\/strong>&nbsp;sin actividades laborales.Se trata de la localidad de&nbsp;<strong>Gardey,&nbsp;<\/strong>perteneciente al partido de&nbsp;<strong>Tandil<\/strong>, que seg\u00fan el censo del 2010 cuenta con solo 531 habitantes y se encuentra a 366km de la<strong>&nbsp;Ciudad Aut\u00f3noma de Buenos Aires<\/strong>, capital del pa\u00eds.&nbsp;<strong>Gardey&nbsp;<\/strong>festeja su d\u00eda patronal en esa&nbsp;<strong>fecha&nbsp;<\/strong>desde hace a\u00f1os y por ese motivo los&nbsp;<strong>ciudadanos&nbsp;<\/strong>tendr\u00e1n&nbsp;<strong>feriado<\/strong>, para poder disfrutar de su d\u00eda en tranquilidad.<\/p>\n\n\n\n<p>Entonces, tanto el lunes 16 como el jueves 20 de junio son feriados nacionales, por lo que quienes trabajen en esas jornadas deber\u00e1n recibir el doble de su salario habitual, conforme a las leyes laborales vigentes.&nbsp;Con esta decisi\u00f3n, el Gobierno de&nbsp;<strong>Javier Milei&nbsp;<\/strong>mantiene el esquema tradicional de feriados trasladables y confirma el pr\u00f3ximo fin de semana largo, desde el s\u00e1bado 14 hasta el lunes 16 de junio.<\/p>\n\n\n\n<figure class=\"wp-block-gallery has-nested-images columns-default is-cropped wp-block-gallery-1 is-layout-flex wp-block-gallery-is-layout-flex\">\n<figure class=\"wp-block-image size-large\"><img loading=\"lazy\" decoding=\"async\" width=\"983\" height=\"557\" data-id=\"2878\" src=\"https:\/\/pasahoy.com.ar\/ph\/wp-content\/uploads\/2025\/06\/1000416426.png\" alt=\"\" class=\"wp-image-2878\" srcset=\"https:\/\/pasahoy.com.ar\/ph\/wp-content\/uploads\/2025\/06\/1000416426.png 983w, https:\/\/pasahoy.com.ar\/ph\/wp-content\/uploads\/2025\/06\/1000416426-300x170.png 300w, https:\/\/pasahoy.com.ar\/ph\/wp-content\/uploads\/2025\/06\/1000416426-768x435.png 768w\" sizes=\"auto, (max-width: 983px) 100vw, 983px\" \/><\/figure>\n<\/figure>\n","protected":false},"excerpt":{"rendered":"<p>El Gobierno Nacional determin\u00f3 lo que ocurrir\u00e1 con el pr\u00f3ximo feriado previsto para el 16 de junio.\u00a0 El Gobierno&nbsp;nacional confirm\u00f3 que el lunes 16 de junio ser\u00e1 feriado en todo el pa\u00eds, en conmemoraci\u00f3n del&nbsp;Paso a la Inmortalidad del General Don Mart\u00edn Miguel de G\u00fcemes.&nbsp;Aunque la efem\u00e9ride se recuerda originalmente el 17 de junio, al [&hellip;]<\/p>\n","protected":false},"author":3,"featured_media":2878,"comment_status":"open","ping_status":"open","sticky":false,"template":"","format":"standard","meta":{"_jetpack_memberships_contains_paid_content":false,"footnotes":""},"categories":[2],"tags":[],"class_list":["post-2877","post","type-post","status-publish","format-standard","has-post-thumbnail","hentry","category-nacional"],"jetpack_featured_media_url":"https:\/\/pasahoy.com.ar\/ph\/wp-content\/uploads\/2025\/06\/1000416426.png","jetpack_sharing_enabled":true,"_links":{"self":[{"href":"https:\/\/pasahoy.com.ar\/ph\/wp-json\/wp\/v2\/posts\/2877","targetHints":{"allow":["GET"]}}],"collection":[{"href":"https:\/\/pasahoy.com.ar\/ph\/wp-json\/wp\/v2\/posts"}],"about":[{"href":"https:\/\/pasahoy.com.ar\/ph\/wp-json\/wp\/v2\/types\/post"}],"author":[{"embeddable":true,"href":"https:\/\/pasahoy.com.ar\/ph\/wp-json\/wp\/v2\/users\/3"}],"replies":[{"embeddable":true,"href":"https:\/\/pasahoy.com.ar\/ph\/wp-json\/wp\/v2\/comments?post=2877"}],"version-history":[{"count":1,"href":"https:\/\/pasahoy.com.ar\/ph\/wp-json\/wp\/v2\/posts\/2877\/revisions"}],"predecessor-version":[{"id":2879,"href":"https:\/\/pasahoy.com.ar\/ph\/wp-json\/wp\/v2\/posts\/2877\/revisions\/2879"}],"wp:featuredmedia":[{"embeddable":true,"href":"https:\/\/pasahoy.com.ar\/ph\/wp-json\/wp\/v2\/media\/2878"}],"wp:attachment":[{"href":"https:\/\/pasahoy.com.ar\/ph\/wp-json\/wp\/v2\/media?parent=2877"}],"wp:term":[{"taxonomy":"category","embeddable":true,"href":"https:\/\/pasahoy.com.ar\/ph\/wp-json\/wp\/v2\/categories?post=2877"},{"taxonomy":"post_tag","embeddable":true,"href":"https:\/\/pasahoy.com.ar\/ph\/wp-json\/wp\/v2\/tags?post=2877"}],"curies":[{"name":"wp","href":"https:\/\/api.w.org\/{rel}","templated":true}]}}