{"id":2874,"date":"2025-06-12T02:52:45","date_gmt":"2025-06-12T02:52:45","guid":{"rendered":"https:\/\/pasahoy.com.ar\/ph\/?p=2874"},"modified":"2025-06-12T02:52:57","modified_gmt":"2025-06-12T02:52:57","slug":"facundo-manes-retiro-su-denuncia-ante-la-corte-por-las-amenazas-de-santiago-caputo","status":"publish","type":"post","link":"https:\/\/pasahoy.com.ar\/ph\/facundo-manes-retiro-su-denuncia-ante-la-corte-por-las-amenazas-de-santiago-caputo\/","title":{"rendered":"Facundo Manes retir\u00f3 su denuncia ante la Corte por las amenazas de Santiago Caputo"},"content":{"rendered":"\n<p>El diputado radical desisti\u00f3 del recurso extraordinario que hab\u00eda presentado contra el asesor presidencial tras el cruce ocurrido durante la apertura de sesiones del Congreso.<\/p>\n\n\n\n<p>El diputado nacional\u00a0<strong>Facundo Manes<\/strong>\u00a0retir\u00f3 su pedido para que la\u00a0<strong><a href=\"https:\/\/elintransigente.com\/tag\/corte\/\">Corte<\/a>\u00a0Suprema<\/strong>\u00a0interviniera por\u00a0<strong>las amenazas de\u00a0<a href=\"https:\/\/elintransigente.com\/tag\/santiago-caputo\/\">Santiago Caputo<\/a><\/strong>, asesor presidencial, tras el episodio ocurrido el 1\u00b0 de marzo en el Congreso. Su defensa present\u00f3 un escrito para desistir del reclamo, y el m\u00e1ximo tribunal cerr\u00f3 el caso.<\/p>\n\n\n\n<p>Durante la apertura de sesiones ordinarias, Caputo se acerc\u00f3 a Manes y, seg\u00fan el relato del legislador, le puso una mano en el rostro. Luego le dijo: \u201cVos para hacer lo que hiciste, ten\u00e9s que estar limpio\u201d y \u201cya me vas a conocer a m\u00ed\u201d. Minutos antes, el presidente Javier Milei lo hab\u00eda increpado desde su banca.<\/p>\n\n\n\n<p>Ese mismo d\u00eda, Facundo Manes denunci\u00f3\u00a0<strong>amenazas agravadas<\/strong>. La causa recay\u00f3 en manos de la jueza Mar\u00eda Eugenia Capuchetti. En marzo, la magistrada la archiv\u00f3. Coincidi\u00f3 con el fiscal Ramiro Gonz\u00e1lez en que los hechos no configuraban delito.<\/p>\n\n\n\n<p>La defensa del diputado apel\u00f3 el archivo. Adem\u00e1s, pidi\u00f3 que la\u00a0<strong>Corte Suprema<\/strong>\u00a0interviniera directamente mediante un per saltum. Pero la C\u00e1mara Federal porte\u00f1a anul\u00f3 el fallo de Capuchetti. Tambi\u00e9n orden\u00f3 revisar si Manes pod\u00eda actuar como querellante <\/p>\n\n\n\n<p>Ese fallo abr\u00eda una nueva posibilidad para el legislador. Si lograba ese reconocimiento, podr\u00eda impulsar pruebas y reactivar la investigaci\u00f3n por las\u00a0<strong>amenazas de Santiago Caputo<\/strong>. A pesar de eso, sus abogados, Andr\u00e9s Gil Dom\u00ednguez y Mariano Berg\u00e9s, decidieron no continuar.<\/p>\n\n\n\n<p>Presentaron un escrito para retirar el recurso extraordinario que hab\u00edan llevado ante la Corte. El tribunal acept\u00f3 el pedido y dio por terminado el expediente.<\/p>\n\n\n\n<figure class=\"wp-block-gallery has-nested-images columns-default is-cropped wp-block-gallery-1 is-layout-flex wp-block-gallery-is-layout-flex\">\n<figure class=\"wp-block-image size-large\"><img loading=\"lazy\" decoding=\"async\" width=\"1024\" height=\"643\" data-id=\"2875\" src=\"https:\/\/pasahoy.com.ar\/ph\/wp-content\/uploads\/2025\/06\/1000416419-1024x643.png\" alt=\"\" class=\"wp-image-2875\" srcset=\"https:\/\/pasahoy.com.ar\/ph\/wp-content\/uploads\/2025\/06\/1000416419-1024x643.png 1024w, https:\/\/pasahoy.com.ar\/ph\/wp-content\/uploads\/2025\/06\/1000416419-300x188.png 300w, https:\/\/pasahoy.com.ar\/ph\/wp-content\/uploads\/2025\/06\/1000416419-768x482.png 768w, https:\/\/pasahoy.com.ar\/ph\/wp-content\/uploads\/2025\/06\/1000416419.png 1066w\" sizes=\"auto, (max-width: 1024px) 100vw, 1024px\" \/><\/figure>\n<\/figure>\n","protected":false},"excerpt":{"rendered":"<p>El diputado radical desisti\u00f3 del recurso extraordinario que hab\u00eda presentado contra el asesor presidencial tras el cruce ocurrido durante la apertura de sesiones del Congreso. El diputado nacional\u00a0Facundo Manes\u00a0retir\u00f3 su pedido para que la\u00a0Corte\u00a0Suprema\u00a0interviniera por\u00a0las amenazas de\u00a0Santiago Caputo, asesor presidencial, tras el episodio ocurrido el 1\u00b0 de marzo en el Congreso. Su defensa present\u00f3 un [&hellip;]<\/p>\n","protected":false},"author":3,"featured_media":2875,"comment_status":"open","ping_status":"open","sticky":false,"template":"","format":"standard","meta":{"_jetpack_memberships_contains_paid_content":false,"footnotes":""},"categories":[2],"tags":[],"class_list":["post-2874","post","type-post","status-publish","format-standard","has-post-thumbnail","hentry","category-nacional"],"jetpack_featured_media_url":"https:\/\/pasahoy.com.ar\/ph\/wp-content\/uploads\/2025\/06\/1000416419.png","jetpack_sharing_enabled":true,"_links":{"self":[{"href":"https:\/\/pasahoy.com.ar\/ph\/wp-json\/wp\/v2\/posts\/2874","targetHints":{"allow":["GET"]}}],"collection":[{"href":"https:\/\/pasahoy.com.ar\/ph\/wp-json\/wp\/v2\/posts"}],"about":[{"href":"https:\/\/pasahoy.com.ar\/ph\/wp-json\/wp\/v2\/types\/post"}],"author":[{"embeddable":true,"href":"https:\/\/pasahoy.com.ar\/ph\/wp-json\/wp\/v2\/users\/3"}],"replies":[{"embeddable":true,"href":"https:\/\/pasahoy.com.ar\/ph\/wp-json\/wp\/v2\/comments?post=2874"}],"version-history":[{"count":1,"href":"https:\/\/pasahoy.com.ar\/ph\/wp-json\/wp\/v2\/posts\/2874\/revisions"}],"predecessor-version":[{"id":2876,"href":"https:\/\/pasahoy.com.ar\/ph\/wp-json\/wp\/v2\/posts\/2874\/revisions\/2876"}],"wp:featuredmedia":[{"embeddable":true,"href":"https:\/\/pasahoy.com.ar\/ph\/wp-json\/wp\/v2\/media\/2875"}],"wp:attachment":[{"href":"https:\/\/pasahoy.com.ar\/ph\/wp-json\/wp\/v2\/media?parent=2874"}],"wp:term":[{"taxonomy":"category","embeddable":true,"href":"https:\/\/pasahoy.com.ar\/ph\/wp-json\/wp\/v2\/categories?post=2874"},{"taxonomy":"post_tag","embeddable":true,"href":"https:\/\/pasahoy.com.ar\/ph\/wp-json\/wp\/v2\/tags?post=2874"}],"curies":[{"name":"wp","href":"https:\/\/api.w.org\/{rel}","templated":true}]}}