{"id":2871,"date":"2025-06-12T02:48:01","date_gmt":"2025-06-12T02:48:01","guid":{"rendered":"https:\/\/pasahoy.com.ar\/ph\/?p=2871"},"modified":"2025-06-12T02:48:21","modified_gmt":"2025-06-12T02:48:21","slug":"el-gobierno-nacional-demando-a-amado-boudou-y-pidio-que-devuelva-los-236-millones-por-su-jubilacion-de-privilegio","status":"publish","type":"post","link":"https:\/\/pasahoy.com.ar\/ph\/el-gobierno-nacional-demando-a-amado-boudou-y-pidio-que-devuelva-los-236-millones-por-su-jubilacion-de-privilegio\/","title":{"rendered":"El Gobierno Nacional demand\u00f3 a Amado Boudou y pidi\u00f3 que devuelva los $236 millones por su jubilaci\u00f3n de privilegio"},"content":{"rendered":"\n<p>ANSES retir\u00f3 la jubilaci\u00f3n de privilegio del ex presidente en noviembre de 2024 por su condena en la causa Ciccone y ahora solicit\u00f3 que regrese los haberes que percibi\u00f3 m\u00e1s \u00absu pertinente actualizaci\u00f3n\u00bb.<\/p>\n\n\n\n<p>Tras el fallo de la<strong>\u00a0Corte Suprema<\/strong>\u00a0que confirm\u00f3 la condena a seis a\u00f1os de prisi\u00f3n a la ex presidente\u00a0<strong>Cristina Kirchner,<\/strong>\u00a0el\u00a0<strong>Gobierno Nacional<\/strong>\u00a0demand\u00f3 al ex vicepresidente\u00a0<strong><a href=\"https:\/\/elintransigente.com\/tag\/amado-boudou\/\" target=\"_blank\" rel=\"noreferrer noopener\">Amado Boudou<\/a><\/strong>\u00a0y solicit\u00f3 que devuelva los montos que cobr\u00f3 por su jubilaci\u00f3n de privilegio.<\/p>\n\n\n\n<p>El\u00a0<strong>Ministerio de Capital Humano<\/strong>\u00a0y la\u00a0<strong><a href=\"https:\/\/elintransigente.com\/tag\/anses\/\" target=\"_blank\" rel=\"noreferrer noopener\">Administraci\u00f3n Nacional de la Seguridad Social<\/a><\/strong>\u00a0(ANSES), conducida por\u00a0<strong><a href=\"https:\/\/x.com\/Fer_Bearzi\" target=\"_blank\" rel=\"noreferrer noopener\">Fernando Bearzi<\/a><\/strong>, presentaron una demanda conjunta para que el ex vicepresidente entre 2011 y 2015 entregue los $<strong>236.066.031,25<\/strong>\u00a0que recibi\u00f3 en compensaci\u00f3n por su cargo, m\u00e1s su \u00abpertinente actualizaci\u00f3n\u00bb. Desde el ministerio dirigido por\u00a0<strong>Sandra Pettovello<\/strong> .sostiene que Boudou es considerado \u00ab<strong>autor penalmente responsable de los delitos de cohecho pasivo y negociaciones incompatibles con la funci\u00f3n p\u00fablica\u00bb<\/strong>. <\/p>\n\n\n\n<p>En noviembre de 2024, ANSES retir\u00f3 la jubilaci\u00f3n de privilegio que percib\u00eda Boudou como contraprestaci\u00f3n al \u00abhonor, m\u00e9rito y buen desempe\u00f1o en el cargo\u00bb. El motivo que llev\u00f3 a<strong>\u00a0Mariano de los Heros<\/strong>, director de la Seguridad Social en ese entonces, a retirar los haberes fue la condena que recibi\u00f3 Boudou por la causa Ciccone.\u00a0 Por su parte, el economista intent\u00f3 revertir esta decisi\u00f3n y present\u00f3 a la justicia un recurso para que se reconsidere la resoluci\u00f3n.<\/p>\n\n\n\n<p>\u00abCon el mismo criterio que se aplic\u00f3 a Cristina Kirchner, se suspender\u00e1 la jubilaci\u00f3n de privilegio a Amado Boudou\u00bb, rez\u00f3 el Por su parte, el economista intent\u00f3 revertir esta decisi\u00f3n y present\u00f3 a la justicia un recurso para que se reconsidere la resoluci\u00f3n.<\/p>\n\n\n\n<p>Con el mismo criterio que se aplic\u00f3 a Cristina Kirchner, se suspender\u00e1 la jubilaci\u00f3n de privilegio a Amado Boudou\u00bb, rez\u00f3 el comunicado de la ministra de Capital Humano, Sandra Pettovello, en aquel momento. La decisi\u00f3n se tom\u00f3 luego de que el Gobierno Nacional anunciara que la ex presidente dejar\u00eda de percibir su jubilaci\u00f3n por la condena a seis a\u00f1os de prisi\u00f3n que impuso la C\u00e1mara de Casaci\u00f3n en su contra. <\/p>\n\n\n\n<p>En aquel momento, ANSES justific\u00f3 su decisi\u00f3n asegurando que \u00absu otorgamiento constituye un acto de ilegitimidad y nulidad absoluta por atentar contra los principios fundamentales del sistema republicano\u00bb. Al mismo tiempo, resolvieron que \u00abcorresponder\u00eda la recuperaci\u00f3n de todas las sumas abonadas en en concepto de asignaci\u00f3n mensual vitalicia hasta el momento\u00bb.<\/p>\n\n\n\n<figure class=\"wp-block-gallery has-nested-images columns-default is-cropped wp-block-gallery-1 is-layout-flex wp-block-gallery-is-layout-flex\">\n<figure class=\"wp-block-image size-large\"><img loading=\"lazy\" decoding=\"async\" width=\"1016\" height=\"725\" data-id=\"2872\" src=\"https:\/\/pasahoy.com.ar\/ph\/wp-content\/uploads\/2025\/06\/1000416407.png\" alt=\"\" class=\"wp-image-2872\" srcset=\"https:\/\/pasahoy.com.ar\/ph\/wp-content\/uploads\/2025\/06\/1000416407.png 1016w, https:\/\/pasahoy.com.ar\/ph\/wp-content\/uploads\/2025\/06\/1000416407-300x214.png 300w, https:\/\/pasahoy.com.ar\/ph\/wp-content\/uploads\/2025\/06\/1000416407-768x548.png 768w\" sizes=\"auto, (max-width: 1016px) 100vw, 1016px\" \/><\/figure>\n<\/figure>\n","protected":false},"excerpt":{"rendered":"<p>ANSES retir\u00f3 la jubilaci\u00f3n de privilegio del ex presidente en noviembre de 2024 por su condena en la causa Ciccone y ahora solicit\u00f3 que regrese los haberes que percibi\u00f3 m\u00e1s \u00absu pertinente actualizaci\u00f3n\u00bb. Tras el fallo de la\u00a0Corte Suprema\u00a0que confirm\u00f3 la condena a seis a\u00f1os de prisi\u00f3n a la ex presidente\u00a0Cristina Kirchner,\u00a0el\u00a0Gobierno Nacional\u00a0demand\u00f3 al ex [&hellip;]<\/p>\n","protected":false},"author":3,"featured_media":2872,"comment_status":"open","ping_status":"open","sticky":false,"template":"","format":"standard","meta":{"_jetpack_memberships_contains_paid_content":false,"footnotes":""},"categories":[2],"tags":[],"class_list":["post-2871","post","type-post","status-publish","format-standard","has-post-thumbnail","hentry","category-nacional"],"jetpack_featured_media_url":"https:\/\/pasahoy.com.ar\/ph\/wp-content\/uploads\/2025\/06\/1000416407.png","jetpack_sharing_enabled":true,"_links":{"self":[{"href":"https:\/\/pasahoy.com.ar\/ph\/wp-json\/wp\/v2\/posts\/2871","targetHints":{"allow":["GET"]}}],"collection":[{"href":"https:\/\/pasahoy.com.ar\/ph\/wp-json\/wp\/v2\/posts"}],"about":[{"href":"https:\/\/pasahoy.com.ar\/ph\/wp-json\/wp\/v2\/types\/post"}],"author":[{"embeddable":true,"href":"https:\/\/pasahoy.com.ar\/ph\/wp-json\/wp\/v2\/users\/3"}],"replies":[{"embeddable":true,"href":"https:\/\/pasahoy.com.ar\/ph\/wp-json\/wp\/v2\/comments?post=2871"}],"version-history":[{"count":1,"href":"https:\/\/pasahoy.com.ar\/ph\/wp-json\/wp\/v2\/posts\/2871\/revisions"}],"predecessor-version":[{"id":2873,"href":"https:\/\/pasahoy.com.ar\/ph\/wp-json\/wp\/v2\/posts\/2871\/revisions\/2873"}],"wp:featuredmedia":[{"embeddable":true,"href":"https:\/\/pasahoy.com.ar\/ph\/wp-json\/wp\/v2\/media\/2872"}],"wp:attachment":[{"href":"https:\/\/pasahoy.com.ar\/ph\/wp-json\/wp\/v2\/media?parent=2871"}],"wp:term":[{"taxonomy":"category","embeddable":true,"href":"https:\/\/pasahoy.com.ar\/ph\/wp-json\/wp\/v2\/categories?post=2871"},{"taxonomy":"post_tag","embeddable":true,"href":"https:\/\/pasahoy.com.ar\/ph\/wp-json\/wp\/v2\/tags?post=2871"}],"curies":[{"name":"wp","href":"https:\/\/api.w.org\/{rel}","templated":true}]}}