{"id":2868,"date":"2025-06-12T02:33:02","date_gmt":"2025-06-12T02:33:02","guid":{"rendered":"https:\/\/pasahoy.com.ar\/ph\/?p=2868"},"modified":"2025-06-12T02:33:17","modified_gmt":"2025-06-12T02:33:17","slug":"la-justicia-proceso-a-un-hombre-acusado-de-abuso-sexual-en-contexto-intrafamiliar-tras-la-muerte-de-la-madre-de-la-victima","status":"publish","type":"post","link":"https:\/\/pasahoy.com.ar\/ph\/la-justicia-proceso-a-un-hombre-acusado-de-abuso-sexual-en-contexto-intrafamiliar-tras-la-muerte-de-la-madre-de-la-victima\/","title":{"rendered":"LA JUSTICIA PROCESO A UN HOMBRE ACUSADO DE ABUSO SEXUAL EN CONTEXTO INTRAFAMILIAR TRAS LA MUERTE DE LA MADRE DE LA V\u00cdCTIMA"},"content":{"rendered":"\n<p>El Juzgado de Instrucci\u00f3n de Violencia de G\u00e9nero y Protecci\u00f3n Integral de Menores Nro. 2 de la Primera Circunscripci\u00f3n Judicial de esta Ciudad Capital a cargo de la jueza Dra. Gisela Flamini, dict\u00f3 procesamiento y prisi\u00f3n preventiva para un hombre acusado de abuso sexual de una menor.<\/p>\n\n\n\n<figure class=\"wp-block-gallery has-nested-images columns-default is-cropped wp-block-gallery-1 is-layout-flex wp-block-gallery-is-layout-flex\">\n<figure class=\"wp-block-image size-large\"><img loading=\"lazy\" decoding=\"async\" width=\"819\" height=\"569\" data-id=\"2869\" src=\"https:\/\/pasahoy.com.ar\/ph\/wp-content\/uploads\/2025\/06\/1000416401.jpg\" alt=\"\" class=\"wp-image-2869\" srcset=\"https:\/\/pasahoy.com.ar\/ph\/wp-content\/uploads\/2025\/06\/1000416401.jpg 819w, https:\/\/pasahoy.com.ar\/ph\/wp-content\/uploads\/2025\/06\/1000416401-300x208.jpg 300w, https:\/\/pasahoy.com.ar\/ph\/wp-content\/uploads\/2025\/06\/1000416401-768x534.jpg 768w\" sizes=\"auto, (max-width: 819px) 100vw, 819px\" \/><\/figure>\n<\/figure>\n\n\n\n<p>El hecho que se imputa, inicia en Julio del a\u00f1o 2023, cuando se radica una denuncia por parte de una ciudadana en representaci\u00f3n de su sobrina la cual tiene a su cargo legalmente luego que su hermana falleciera. La t\u00eda de la v\u00edctima relata que la encuentra llorando a su sobrina en su habitaci\u00f3n junto a su tel\u00e9fono m\u00f3vil. Ella le pregunta que suced\u00eda y en primera instancia le miente el motivo, para luego confesar lo que ven\u00eda padeciendo por parte de la ex pareja de su madre que luego de fallecer, continuaban conviviendo en la misma vivienda. La denunciante manifiesta que el imputado amenazaba a su v\u00edctima para borrar toda evidencia de su celular. La ni\u00f1a relato que la obligaba a tocarlo y que en varias oportunidades el acusado tocaba sus partes \u00edntimas.<\/p>\n\n\n\n<p>Ante este hecho y relato, la denunciante solicit\u00f3 medidas cautelares para proteger a su sobrina, adem\u00e1s de entregar sus pertenencias y pedir que al acusado deje sus objetos en la comisara y que se retire de la vivienda. La menor, en declaraci\u00f3n ante una profesional de la salud, ratific\u00f3 la existencia de los abusos, los cuales dieron inicio antes del fallecimiento de su progenitora.<\/p>\n\n\n\n<p>En el an\u00e1lisis del caso y luego del reconocimiento de la existencia de un presunto abuso sexual y maltrato psicol\u00f3gico por parte de su padre de crianza y teniendo en cuenta la evidencia junto a informes m\u00e9dicos y testimonios en el proceso que marca la complejidad y la gravedad de lo sucedido.<\/p>\n\n\n\n<p>La Magistrada resolvi\u00f3 as\u00ed dictar el procesamiento y prisi\u00f3n preventiva ante el delito de \u201cabuso sexual con acceso carnal agravado por ser cometido en contra de una menor de dieciocho a\u00f1os de edad y por la convivencia prexistente con la v\u00edctima.\u201c. Asimismo, orden\u00f3 un embargo de bienes en contra del imputado.<\/p>\n","protected":false},"excerpt":{"rendered":"<p>El Juzgado de Instrucci\u00f3n de Violencia de G\u00e9nero y Protecci\u00f3n Integral de Menores Nro. 2 de la Primera Circunscripci\u00f3n Judicial de esta Ciudad Capital a cargo de la jueza Dra. Gisela Flamini, dict\u00f3 procesamiento y prisi\u00f3n preventiva para un hombre acusado de abuso sexual de una menor. El hecho que se imputa, inicia en Julio [&hellip;]<\/p>\n","protected":false},"author":3,"featured_media":2869,"comment_status":"open","ping_status":"open","sticky":false,"template":"","format":"standard","meta":{"_jetpack_memberships_contains_paid_content":false,"footnotes":""},"categories":[12],"tags":[],"class_list":["post-2868","post","type-post","status-publish","format-standard","has-post-thumbnail","hentry","category-judicial"],"jetpack_featured_media_url":"https:\/\/pasahoy.com.ar\/ph\/wp-content\/uploads\/2025\/06\/1000416401.jpg","jetpack_sharing_enabled":true,"_links":{"self":[{"href":"https:\/\/pasahoy.com.ar\/ph\/wp-json\/wp\/v2\/posts\/2868","targetHints":{"allow":["GET"]}}],"collection":[{"href":"https:\/\/pasahoy.com.ar\/ph\/wp-json\/wp\/v2\/posts"}],"about":[{"href":"https:\/\/pasahoy.com.ar\/ph\/wp-json\/wp\/v2\/types\/post"}],"author":[{"embeddable":true,"href":"https:\/\/pasahoy.com.ar\/ph\/wp-json\/wp\/v2\/users\/3"}],"replies":[{"embeddable":true,"href":"https:\/\/pasahoy.com.ar\/ph\/wp-json\/wp\/v2\/comments?post=2868"}],"version-history":[{"count":1,"href":"https:\/\/pasahoy.com.ar\/ph\/wp-json\/wp\/v2\/posts\/2868\/revisions"}],"predecessor-version":[{"id":2870,"href":"https:\/\/pasahoy.com.ar\/ph\/wp-json\/wp\/v2\/posts\/2868\/revisions\/2870"}],"wp:featuredmedia":[{"embeddable":true,"href":"https:\/\/pasahoy.com.ar\/ph\/wp-json\/wp\/v2\/media\/2869"}],"wp:attachment":[{"href":"https:\/\/pasahoy.com.ar\/ph\/wp-json\/wp\/v2\/media?parent=2868"}],"wp:term":[{"taxonomy":"category","embeddable":true,"href":"https:\/\/pasahoy.com.ar\/ph\/wp-json\/wp\/v2\/categories?post=2868"},{"taxonomy":"post_tag","embeddable":true,"href":"https:\/\/pasahoy.com.ar\/ph\/wp-json\/wp\/v2\/tags?post=2868"}],"curies":[{"name":"wp","href":"https:\/\/api.w.org\/{rel}","templated":true}]}}