{"id":2865,"date":"2025-06-12T02:31:32","date_gmt":"2025-06-12T02:31:32","guid":{"rendered":"https:\/\/pasahoy.com.ar\/ph\/?p=2865"},"modified":"2025-06-12T02:31:45","modified_gmt":"2025-06-12T02:31:45","slug":"la-justicia-realizo-los-alegatos-en-un-juicio-por-abuso-sexual","status":"publish","type":"post","link":"https:\/\/pasahoy.com.ar\/ph\/la-justicia-realizo-los-alegatos-en-un-juicio-por-abuso-sexual\/","title":{"rendered":"LA JUSTICIA REALIZ\u00d3 LOS ALEGATOS EN UN JUICIO POR ABUSO SEXUAL"},"content":{"rendered":"\n<p>La C\u00e1mara Tercera Criminal y Correccional de la Primera Circunscripci\u00f3n Judicial, a trav\u00e9s del Tribunal compuesto por su Presidente, Dr. Gustavo D\u00edaz acompa\u00f1ado por las vocales juezas Dras. Edith Ag\u00fcero y Marcela Carniglia concluyeron los alegatos contra Mario E. F., acusado de abuso sexual con acceso carnal agravado por el v\u00ednculo.<\/p>\n\n\n\n<figure class=\"wp-block-gallery has-nested-images columns-default is-cropped wp-block-gallery-1 is-layout-flex wp-block-gallery-is-layout-flex\">\n<figure class=\"wp-block-image size-large\"><img loading=\"lazy\" decoding=\"async\" width=\"869\" height=\"563\" data-id=\"2866\" src=\"https:\/\/pasahoy.com.ar\/ph\/wp-content\/uploads\/2025\/06\/1000416400.jpg\" alt=\"\" class=\"wp-image-2866\" srcset=\"https:\/\/pasahoy.com.ar\/ph\/wp-content\/uploads\/2025\/06\/1000416400.jpg 869w, https:\/\/pasahoy.com.ar\/ph\/wp-content\/uploads\/2025\/06\/1000416400-300x194.jpg 300w, https:\/\/pasahoy.com.ar\/ph\/wp-content\/uploads\/2025\/06\/1000416400-768x498.jpg 768w\" sizes=\"auto, (max-width: 869px) 100vw, 869px\" \/><\/figure>\n<\/figure>\n\n\n\n<p>El hecho de menci\u00f3n, sucedi\u00f3 en el a\u00f1o 2011 en circunstancias que el imputado aprovecha la ausencia de su esposa la cual hab\u00eda salido a realizar unas compras y procede a dirigirse a la habitaci\u00f3n donde se encontraban durmiendo sus hijos, entre ellos se encontraba su hija menor de edad donde transitaba un cuadro febril, el imputado comienza a abusar de la v\u00edctima acompa\u00f1ado de palabras obscenas. Esta conducta se reiter\u00f3 seg\u00fan lo expuesto hasta que la menor cumpli\u00f3 la mayor\u00eda de edad y pudo alejarse de la vivienda.<\/p>\n\n\n\n<p>En la 2da parte de la audiencia, el Ministerio P\u00fablico Fiscal calific\u00f3 el hecho como; \u00absumamente grave\u00bb, remarcando la edad de la v\u00edctima cuando recibi\u00f3 los reiterados abusos como fue denunciado en el proceso. El Fiscal resalto que los testimonios y pruebas presentadas son suficientes para acreditar el accionar del imputado y en consecuencia, solicit\u00f3 una condena de prisi\u00f3n con cumplimiento efectivo. Por parte de la defensa del acusado, cuestiono todo informe psicol\u00f3gico presentado, pidiendo que se los declare nulos alegando una presunci\u00f3n de inocencia para su cliente.<\/p>\n\n\n\n<p>En los pr\u00f3ximos d\u00edas el Tribunal a cargo del caso, dar\u00e1 a conocer su veredicto.<\/p>\n","protected":false},"excerpt":{"rendered":"<p>La C\u00e1mara Tercera Criminal y Correccional de la Primera Circunscripci\u00f3n Judicial, a trav\u00e9s del Tribunal compuesto por su Presidente, Dr. Gustavo D\u00edaz acompa\u00f1ado por las vocales juezas Dras. Edith Ag\u00fcero y Marcela Carniglia concluyeron los alegatos contra Mario E. F., acusado de abuso sexual con acceso carnal agravado por el v\u00ednculo. El hecho de menci\u00f3n, [&hellip;]<\/p>\n","protected":false},"author":3,"featured_media":2866,"comment_status":"open","ping_status":"open","sticky":false,"template":"","format":"standard","meta":{"_jetpack_memberships_contains_paid_content":false,"footnotes":""},"categories":[12],"tags":[],"class_list":["post-2865","post","type-post","status-publish","format-standard","has-post-thumbnail","hentry","category-judicial"],"jetpack_featured_media_url":"https:\/\/pasahoy.com.ar\/ph\/wp-content\/uploads\/2025\/06\/1000416400.jpg","jetpack_sharing_enabled":true,"_links":{"self":[{"href":"https:\/\/pasahoy.com.ar\/ph\/wp-json\/wp\/v2\/posts\/2865","targetHints":{"allow":["GET"]}}],"collection":[{"href":"https:\/\/pasahoy.com.ar\/ph\/wp-json\/wp\/v2\/posts"}],"about":[{"href":"https:\/\/pasahoy.com.ar\/ph\/wp-json\/wp\/v2\/types\/post"}],"author":[{"embeddable":true,"href":"https:\/\/pasahoy.com.ar\/ph\/wp-json\/wp\/v2\/users\/3"}],"replies":[{"embeddable":true,"href":"https:\/\/pasahoy.com.ar\/ph\/wp-json\/wp\/v2\/comments?post=2865"}],"version-history":[{"count":1,"href":"https:\/\/pasahoy.com.ar\/ph\/wp-json\/wp\/v2\/posts\/2865\/revisions"}],"predecessor-version":[{"id":2867,"href":"https:\/\/pasahoy.com.ar\/ph\/wp-json\/wp\/v2\/posts\/2865\/revisions\/2867"}],"wp:featuredmedia":[{"embeddable":true,"href":"https:\/\/pasahoy.com.ar\/ph\/wp-json\/wp\/v2\/media\/2866"}],"wp:attachment":[{"href":"https:\/\/pasahoy.com.ar\/ph\/wp-json\/wp\/v2\/media?parent=2865"}],"wp:term":[{"taxonomy":"category","embeddable":true,"href":"https:\/\/pasahoy.com.ar\/ph\/wp-json\/wp\/v2\/categories?post=2865"},{"taxonomy":"post_tag","embeddable":true,"href":"https:\/\/pasahoy.com.ar\/ph\/wp-json\/wp\/v2\/tags?post=2865"}],"curies":[{"name":"wp","href":"https:\/\/api.w.org\/{rel}","templated":true}]}}