{"id":2852,"date":"2025-06-12T02:22:46","date_gmt":"2025-06-12T02:22:46","guid":{"rendered":"https:\/\/pasahoy.com.ar\/ph\/?p=2852"},"modified":"2025-06-12T02:23:02","modified_gmt":"2025-06-12T02:23:02","slug":"condenaron-a-un-gitano-que-compro-a-una-mujer-con-discapacidad-para-casarse-con-ella","status":"publish","type":"post","link":"https:\/\/pasahoy.com.ar\/ph\/condenaron-a-un-gitano-que-compro-a-una-mujer-con-discapacidad-para-casarse-con-ella\/","title":{"rendered":"Condenaron a un gitano que \u201ccompr\u00f3\u201d a una mujer con discapacidad para casarse con ella"},"content":{"rendered":"\n<p><strong>Un hombre de la\u00a0<\/strong><a href=\"https:\/\/tn.com.ar\/sociedad\/2022\/07\/21\/vivi-10-dias-como-un-gitano-negocie-la-venta-de-autos-usados-y-me-leyeron-las-manos-para-adivinarme-el-futuro\/\" target=\"_blank\" rel=\"noreferrer noopener\"><strong>comunidad gitana\u00a0<\/strong><\/a><strong>fue condenado a 9 a\u00f1os de prisi\u00f3n en San Juan<\/strong>\u00a0por haber explotado sexual y laboralmente a una mujer con discapacidad intelectual, a la que mantuvo durante dos meses en una situaci\u00f3n de servidumbre. El Tribunal Oral Federal tambi\u00e9n le impuso el pago de una indemnizaci\u00f3n de 4 millones de pesos a la v\u00edctima.<\/p>\n\n\n\n<p>El condenado,\u00a0<strong>Roberto Espiro Mitar<\/strong>, fue hallado culpable de trata de personas, explotaci\u00f3n sexual y laboral, y uni\u00f3n forzada de hecho. Seg\u00fan la investigaci\u00f3n, en enero de 2023 el hombre \u201ccompr\u00f3\u201d a la mujer a otra familia de la comunidad gitana, y desde entonces<strong>\u00a0la oblig\u00f3 a hacer venta ambulante y a mantener relaciones sexuales\u00a0<\/strong>sin su consentimiento.<\/p>\n\n\n\n<p>La joven fue rescatada en marzo del mismo a\u00f1o, despu\u00e9s de lograr escapar mientras vend\u00eda hilos y medias en la calle. En su declaraci\u00f3n ante la Justicia, cont\u00f3 que era vigilada constantemente, que todo el dinero que generaba se lo ten\u00eda que entregar a la familia del acusado y que<strong>&nbsp;no pod\u00eda decidir sobre su cuerpo ni sobre su vida<\/strong>.<\/p>\n\n\n\n<p>Durante el juicio se prob\u00f3 que Mitar no solo la obligaba a mantener relaciones sexuales, sino que adem\u00e1s&nbsp;<strong>la llev\u00f3 a una sala m\u00e9dica cercana a su casa para que le retiraran el chip anticonceptivo<\/strong>, con el objetivo de forzar su reproducci\u00f3n. Para la fiscal\u00eda, esto fue un claro ejemplo de violencia sexual y contra la libertad reproductiva, enmarcada en la ley 26.485 de protecci\u00f3n integral a las mujeres.<\/p>\n\n\n\n<p>Despu\u00e9s de su denuncia, la familia del acusado -con ayuda del abogado defensor- localiz\u00f3 a la v\u00edctima en la provincia de San Luis y la llev\u00f3 a una escriban\u00eda para que firmara una declaraci\u00f3n en la que<strong>&nbsp;se desdijo de todo lo que hab\u00eda contado<\/strong>. Ese documento fue presentado en la Justicia Federal de San Juan como prueba a favor del acusado, pero luego la mujer explic\u00f3 que&nbsp;<strong>hab\u00eda sido amenazada y obligada a firmarlo<\/strong>.<\/p>\n\n\n\n<p>La C\u00e1mara Federal de Apelaciones de Mendoza orden\u00f3 que se le tomara una nueva declaraci\u00f3n en C\u00e1mara Gesell. En ese marco, la joven ratific\u00f3 los abusos y dijo que la hab\u00edan forzado a mentir \u201cpara que \u00e9l recuperara la libertad\u201d. Ese intento de encubrimiento deriv\u00f3 en una nueva causa penal contra quienes la presionaron.<\/p>\n\n\n\n<figure class=\"wp-block-gallery has-nested-images columns-default is-cropped wp-block-gallery-1 is-layout-flex wp-block-gallery-is-layout-flex\">\n<figure class=\"wp-block-image size-large\"><img loading=\"lazy\" decoding=\"async\" width=\"939\" height=\"540\" data-id=\"2853\" src=\"https:\/\/pasahoy.com.ar\/ph\/wp-content\/uploads\/2025\/06\/1000416382.png\" alt=\"\" class=\"wp-image-2853\" srcset=\"https:\/\/pasahoy.com.ar\/ph\/wp-content\/uploads\/2025\/06\/1000416382.png 939w, https:\/\/pasahoy.com.ar\/ph\/wp-content\/uploads\/2025\/06\/1000416382-300x173.png 300w, https:\/\/pasahoy.com.ar\/ph\/wp-content\/uploads\/2025\/06\/1000416382-768x442.png 768w\" sizes=\"auto, (max-width: 939px) 100vw, 939px\" \/><\/figure>\n<\/figure>\n","protected":false},"excerpt":{"rendered":"<p>Un hombre de la\u00a0comunidad gitana\u00a0fue condenado a 9 a\u00f1os de prisi\u00f3n en San Juan\u00a0por haber explotado sexual y laboralmente a una mujer con discapacidad intelectual, a la que mantuvo durante dos meses en una situaci\u00f3n de servidumbre. El Tribunal Oral Federal tambi\u00e9n le impuso el pago de una indemnizaci\u00f3n de 4 millones de pesos a [&hellip;]<\/p>\n","protected":false},"author":3,"featured_media":2853,"comment_status":"open","ping_status":"open","sticky":false,"template":"","format":"standard","meta":{"_jetpack_memberships_contains_paid_content":false,"footnotes":""},"categories":[9],"tags":[],"class_list":["post-2852","post","type-post","status-publish","format-standard","has-post-thumbnail","hentry","category-policial"],"jetpack_featured_media_url":"https:\/\/pasahoy.com.ar\/ph\/wp-content\/uploads\/2025\/06\/1000416382.png","jetpack_sharing_enabled":true,"_links":{"self":[{"href":"https:\/\/pasahoy.com.ar\/ph\/wp-json\/wp\/v2\/posts\/2852","targetHints":{"allow":["GET"]}}],"collection":[{"href":"https:\/\/pasahoy.com.ar\/ph\/wp-json\/wp\/v2\/posts"}],"about":[{"href":"https:\/\/pasahoy.com.ar\/ph\/wp-json\/wp\/v2\/types\/post"}],"author":[{"embeddable":true,"href":"https:\/\/pasahoy.com.ar\/ph\/wp-json\/wp\/v2\/users\/3"}],"replies":[{"embeddable":true,"href":"https:\/\/pasahoy.com.ar\/ph\/wp-json\/wp\/v2\/comments?post=2852"}],"version-history":[{"count":1,"href":"https:\/\/pasahoy.com.ar\/ph\/wp-json\/wp\/v2\/posts\/2852\/revisions"}],"predecessor-version":[{"id":2854,"href":"https:\/\/pasahoy.com.ar\/ph\/wp-json\/wp\/v2\/posts\/2852\/revisions\/2854"}],"wp:featuredmedia":[{"embeddable":true,"href":"https:\/\/pasahoy.com.ar\/ph\/wp-json\/wp\/v2\/media\/2853"}],"wp:attachment":[{"href":"https:\/\/pasahoy.com.ar\/ph\/wp-json\/wp\/v2\/media?parent=2852"}],"wp:term":[{"taxonomy":"category","embeddable":true,"href":"https:\/\/pasahoy.com.ar\/ph\/wp-json\/wp\/v2\/categories?post=2852"},{"taxonomy":"post_tag","embeddable":true,"href":"https:\/\/pasahoy.com.ar\/ph\/wp-json\/wp\/v2\/tags?post=2852"}],"curies":[{"name":"wp","href":"https:\/\/api.w.org\/{rel}","templated":true}]}}