{"id":2848,"date":"2025-06-12T02:14:17","date_gmt":"2025-06-12T02:14:17","guid":{"rendered":"https:\/\/pasahoy.com.ar\/ph\/?p=2848"},"modified":"2025-06-12T02:14:41","modified_gmt":"2025-06-12T02:14:41","slug":"la-foto-viral-de-yanina-latorre-en-bikini-sin-photoshop","status":"publish","type":"post","link":"https:\/\/pasahoy.com.ar\/ph\/la-foto-viral-de-yanina-latorre-en-bikini-sin-photoshop\/","title":{"rendered":"La foto viral de Yanina Latorre en bikini sin photoshop"},"content":{"rendered":"\n<p>Explosi\u00f3n en las redes sociales por la foto de Yanina Latorre sacada por los paparazzi mientras tomaba sol en microbikini<\/p>\n\n\n\n<p>En medio de las repercusiones por las fotos de&nbsp;<strong><a href=\"https:\/\/www.diariouno.com.ar\/farandula\/se-supo-la-razon-la-que-wanda-nara-le-devolvera-sus-hijas-mauro-icardi-n1412664\" rel=\"noreferrer noopener\" target=\"_blank\">Wanda Nara<\/a><\/strong>&nbsp;al natural que viralizaron los medios turcos,<strong><a href=\"https:\/\/www.diariouno.com.ar\/farandula\/yanina-latorre-aniquilo-la-china-suarez-tiene-cara-pescado-n1416186\" rel=\"noreferrer noopener\" target=\"_blank\">Yanina Latorre&nbsp;<\/a><\/strong>se meti\u00f3 en la pol\u00e9mica y defendi\u00f3 a la medi\u00e1tica.<\/p>\n\n\n\n<p>Yanina Latorre dio su opini\u00f3n sobre lo sucedido y record\u00f3 cuando los fot\u00f3grafos de Paparazzi la<strong>&nbsp;escracharon tomando sol<\/strong>&nbsp;en la playa.<\/p>\n\n\n\n<p>\u00abQui\u00e9nes somos para juzgar. Para mi\u00a0<strong>estan tocadas.\u00a0<\/strong>Mi foto era<strong>\u00a0deplorable,<\/strong>\u00a0en una reposaera abierta de piernas durmiendo la siesta con el baba\u00bb, dijo mientras mostraba la postal.<\/p>\n\n\n\n<p>El t\u00cdtulo era la decadencia de Yanina Latorre. Cuando la v\u00ed le pregunt\u00e9 a Diego \u00bfyo estoy as\u00ed?. Sal\u00eda toda arrugada, caida, soy mi mam\u00e1. Para m\u00ed estaba tocada,\u00a0<strong>es un asco<\/strong>\u00ab, dijo entre risas.<\/p>\n\n\n\n<figure class=\"wp-block-gallery has-nested-images columns-default is-cropped wp-block-gallery-1 is-layout-flex wp-block-gallery-is-layout-flex\">\n<figure class=\"wp-block-image size-large\"><img loading=\"lazy\" decoding=\"async\" width=\"994\" height=\"787\" data-id=\"2850\" src=\"https:\/\/pasahoy.com.ar\/ph\/wp-content\/uploads\/2025\/06\/1000416373.png\" alt=\"\" class=\"wp-image-2850\" srcset=\"https:\/\/pasahoy.com.ar\/ph\/wp-content\/uploads\/2025\/06\/1000416373.png 994w, https:\/\/pasahoy.com.ar\/ph\/wp-content\/uploads\/2025\/06\/1000416373-300x238.png 300w, https:\/\/pasahoy.com.ar\/ph\/wp-content\/uploads\/2025\/06\/1000416373-768x608.png 768w\" sizes=\"auto, (max-width: 994px) 100vw, 994px\" \/><\/figure>\n\n\n\n<figure class=\"wp-block-image size-large\"><img loading=\"lazy\" decoding=\"async\" width=\"931\" height=\"544\" data-id=\"2849\" src=\"https:\/\/pasahoy.com.ar\/ph\/wp-content\/uploads\/2025\/06\/1000416374.png\" alt=\"\" class=\"wp-image-2849\" srcset=\"https:\/\/pasahoy.com.ar\/ph\/wp-content\/uploads\/2025\/06\/1000416374.png 931w, https:\/\/pasahoy.com.ar\/ph\/wp-content\/uploads\/2025\/06\/1000416374-300x175.png 300w, https:\/\/pasahoy.com.ar\/ph\/wp-content\/uploads\/2025\/06\/1000416374-768x449.png 768w\" sizes=\"auto, (max-width: 931px) 100vw, 931px\" \/><\/figure>\n<\/figure>\n","protected":false},"excerpt":{"rendered":"<p>Explosi\u00f3n en las redes sociales por la foto de Yanina Latorre sacada por los paparazzi mientras tomaba sol en microbikini En medio de las repercusiones por las fotos de&nbsp;Wanda Nara&nbsp;al natural que viralizaron los medios turcos,Yanina Latorre&nbsp;se meti\u00f3 en la pol\u00e9mica y defendi\u00f3 a la medi\u00e1tica. Yanina Latorre dio su opini\u00f3n sobre lo sucedido y [&hellip;]<\/p>\n","protected":false},"author":3,"featured_media":2850,"comment_status":"open","ping_status":"open","sticky":false,"template":"","format":"standard","meta":{"_jetpack_memberships_contains_paid_content":false,"footnotes":""},"categories":[5],"tags":[],"class_list":["post-2848","post","type-post","status-publish","format-standard","has-post-thumbnail","hentry","category-espectaculo"],"jetpack_featured_media_url":"https:\/\/pasahoy.com.ar\/ph\/wp-content\/uploads\/2025\/06\/1000416373.png","jetpack_sharing_enabled":true,"_links":{"self":[{"href":"https:\/\/pasahoy.com.ar\/ph\/wp-json\/wp\/v2\/posts\/2848","targetHints":{"allow":["GET"]}}],"collection":[{"href":"https:\/\/pasahoy.com.ar\/ph\/wp-json\/wp\/v2\/posts"}],"about":[{"href":"https:\/\/pasahoy.com.ar\/ph\/wp-json\/wp\/v2\/types\/post"}],"author":[{"embeddable":true,"href":"https:\/\/pasahoy.com.ar\/ph\/wp-json\/wp\/v2\/users\/3"}],"replies":[{"embeddable":true,"href":"https:\/\/pasahoy.com.ar\/ph\/wp-json\/wp\/v2\/comments?post=2848"}],"version-history":[{"count":1,"href":"https:\/\/pasahoy.com.ar\/ph\/wp-json\/wp\/v2\/posts\/2848\/revisions"}],"predecessor-version":[{"id":2851,"href":"https:\/\/pasahoy.com.ar\/ph\/wp-json\/wp\/v2\/posts\/2848\/revisions\/2851"}],"wp:featuredmedia":[{"embeddable":true,"href":"https:\/\/pasahoy.com.ar\/ph\/wp-json\/wp\/v2\/media\/2850"}],"wp:attachment":[{"href":"https:\/\/pasahoy.com.ar\/ph\/wp-json\/wp\/v2\/media?parent=2848"}],"wp:term":[{"taxonomy":"category","embeddable":true,"href":"https:\/\/pasahoy.com.ar\/ph\/wp-json\/wp\/v2\/categories?post=2848"},{"taxonomy":"post_tag","embeddable":true,"href":"https:\/\/pasahoy.com.ar\/ph\/wp-json\/wp\/v2\/tags?post=2848"}],"curies":[{"name":"wp","href":"https:\/\/api.w.org\/{rel}","templated":true}]}}