{"id":2845,"date":"2025-06-12T02:08:27","date_gmt":"2025-06-12T02:08:27","guid":{"rendered":"https:\/\/pasahoy.com.ar\/ph\/?p=2845"},"modified":"2025-06-12T02:08:40","modified_gmt":"2025-06-12T02:08:40","slug":"llora-la-casa-real-de-holanda-la-princesa-amalia-ha-tenido-que-ser-internada-de-urgencia-por-un-grave-accidente","status":"publish","type":"post","link":"https:\/\/pasahoy.com.ar\/ph\/llora-la-casa-real-de-holanda-la-princesa-amalia-ha-tenido-que-ser-internada-de-urgencia-por-un-grave-accidente\/","title":{"rendered":"Llora la Casa Real de Holanda | La princesa Amalia ha tenido que ser internada de urgencia por un grave accidente"},"content":{"rendered":"\n<p>Un contratiempo inesperado abre la inc\u00f3gnita sobre su agenda oficial y su recuperaci\u00f3n. <\/p>\n\n\n\n<p>La vida de los miembros de la realeza siempre est\u00e1 bajo lupa, y cualquier incidente se convierte en noticia de impacto. En especial cuando quien est\u00e1 involucrada es la heredera al trono de los Pa\u00edses Bajos, conocida por su pasi\u00f3n ecuestre y pr\u00f3xime reinado. <\/p>\n\n\n\n<p>la princesa\u00a0<strong>Amalia de Holanda<\/strong>\u00a0sufri\u00f3 una ca\u00edda de su caballo durante una clase, lo que provoc\u00f3 una\u00a0<strong>fractura en el brazo<\/strong>\u00a0y su inmediato ingreso en urgencias en el UMC de Utrecht, donde\u00a0<a href=\"https:\/\/www.cronista.com\/espana\/actualidad-es\/crisis-en-la-familia-real-la-reina-letizia-sera-operada-por-un-problema-de-salud-grave\/\" target=\"_blank\" rel=\"noreferrer noopener\">ha sido operada<\/a>\u00a0de forma satisfactoria, seg\u00fan ha confirmado la Casa Real.<\/p>\n\n\n\n<h2 class=\"wp-block-heading\" id=\"un-accidente-en-su-pasion-por-la-equitacion\">Un accidente en su pasi\u00f3n por la equitaci\u00f3n<\/h2>\n\n\n\n<p>La ca\u00edda ocurri\u00f3 cuando Amalia se dispon\u00eda a realizar una nueva sesi\u00f3n ecuestre con su caballo Mojito. Poco despu\u00e9s del incidente fue&nbsp;<a href=\"https:\/\/www.cronista.com\/espana\/actualidad-es\/un-nino-en-coma-por-comer-una-popular-golosina-envenenada-con-marihuana-fue-mas-peligroso-de-lo-que-la-gente-pensaba\/\" target=\"_blank\" rel=\"noreferrer noopener\">trasladada al hospital<\/a>&nbsp;y sometida a&nbsp;<strong>intervenci\u00f3n quir\u00fargica<\/strong>&nbsp;esa misma noche.<\/p>\n\n\n\n<p>La cirug\u00eda fue exitosa y la princesa permanecer\u00e1 ingresada al menos hasta el jueves, para&nbsp;<a href=\"https:\/\/www.cronista.com\/espana\/actualidad-es\/preocupacion-en-la-casa-real-confinan-a-la-princesa-leonor-por-problemas-agravados-de-salud\/\" target=\"_blank\" rel=\"noreferrer noopener\">seguimiento m\u00e9dico riguroso<\/a>. El comunicado oficial se\u00f1ala que \u00abla operaci\u00f3n ha sido un \u00e9xito\u00bb y la joven se encuentra \u00aben observaci\u00f3n\u00bb.<\/p>\n\n\n\n<h2 class=\"wp-block-heading\" id=\"una-recuperacion-con-precauciones\">Una recuperaci\u00f3n con precauciones<\/h2>\n\n\n\n<p>Aunque no hay se\u00f1ales de complicaciones graves, los m\u00e9dicos han recomendado reposo y nuevas evaluaciones en los pr\u00f3ximos d\u00edas para asegurar una completa recuperaci\u00f3n. La hospitalizaci\u00f3n busca prevenir riesgos y contemplar cualquier imprevisto postoperatorio.<\/p>\n\n\n\n<figure class=\"wp-block-gallery has-nested-images columns-default is-cropped wp-block-gallery-1 is-layout-flex wp-block-gallery-is-layout-flex\">\n<figure class=\"wp-block-image size-large\"><img loading=\"lazy\" decoding=\"async\" width=\"976\" height=\"584\" data-id=\"2846\" src=\"https:\/\/pasahoy.com.ar\/ph\/wp-content\/uploads\/2025\/06\/1000416361.png\" alt=\"\" class=\"wp-image-2846\" srcset=\"https:\/\/pasahoy.com.ar\/ph\/wp-content\/uploads\/2025\/06\/1000416361.png 976w, https:\/\/pasahoy.com.ar\/ph\/wp-content\/uploads\/2025\/06\/1000416361-300x180.png 300w, https:\/\/pasahoy.com.ar\/ph\/wp-content\/uploads\/2025\/06\/1000416361-768x460.png 768w\" sizes=\"auto, (max-width: 976px) 100vw, 976px\" \/><\/figure>\n<\/figure>\n","protected":false},"excerpt":{"rendered":"<p>Un contratiempo inesperado abre la inc\u00f3gnita sobre su agenda oficial y su recuperaci\u00f3n. La vida de los miembros de la realeza siempre est\u00e1 bajo lupa, y cualquier incidente se convierte en noticia de impacto. En especial cuando quien est\u00e1 involucrada es la heredera al trono de los Pa\u00edses Bajos, conocida por su pasi\u00f3n ecuestre y [&hellip;]<\/p>\n","protected":false},"author":3,"featured_media":2846,"comment_status":"open","ping_status":"open","sticky":false,"template":"","format":"standard","meta":{"_jetpack_memberships_contains_paid_content":false,"footnotes":""},"categories":[3],"tags":[],"class_list":["post-2845","post","type-post","status-publish","format-standard","has-post-thumbnail","hentry","category-internacional"],"jetpack_featured_media_url":"https:\/\/pasahoy.com.ar\/ph\/wp-content\/uploads\/2025\/06\/1000416361.png","jetpack_sharing_enabled":true,"_links":{"self":[{"href":"https:\/\/pasahoy.com.ar\/ph\/wp-json\/wp\/v2\/posts\/2845","targetHints":{"allow":["GET"]}}],"collection":[{"href":"https:\/\/pasahoy.com.ar\/ph\/wp-json\/wp\/v2\/posts"}],"about":[{"href":"https:\/\/pasahoy.com.ar\/ph\/wp-json\/wp\/v2\/types\/post"}],"author":[{"embeddable":true,"href":"https:\/\/pasahoy.com.ar\/ph\/wp-json\/wp\/v2\/users\/3"}],"replies":[{"embeddable":true,"href":"https:\/\/pasahoy.com.ar\/ph\/wp-json\/wp\/v2\/comments?post=2845"}],"version-history":[{"count":1,"href":"https:\/\/pasahoy.com.ar\/ph\/wp-json\/wp\/v2\/posts\/2845\/revisions"}],"predecessor-version":[{"id":2847,"href":"https:\/\/pasahoy.com.ar\/ph\/wp-json\/wp\/v2\/posts\/2845\/revisions\/2847"}],"wp:featuredmedia":[{"embeddable":true,"href":"https:\/\/pasahoy.com.ar\/ph\/wp-json\/wp\/v2\/media\/2846"}],"wp:attachment":[{"href":"https:\/\/pasahoy.com.ar\/ph\/wp-json\/wp\/v2\/media?parent=2845"}],"wp:term":[{"taxonomy":"category","embeddable":true,"href":"https:\/\/pasahoy.com.ar\/ph\/wp-json\/wp\/v2\/categories?post=2845"},{"taxonomy":"post_tag","embeddable":true,"href":"https:\/\/pasahoy.com.ar\/ph\/wp-json\/wp\/v2\/tags?post=2845"}],"curies":[{"name":"wp","href":"https:\/\/api.w.org\/{rel}","templated":true}]}}