{"id":2836,"date":"2025-06-12T02:03:57","date_gmt":"2025-06-12T02:03:57","guid":{"rendered":"https:\/\/pasahoy.com.ar\/ph\/?p=2836"},"modified":"2025-06-12T02:04:11","modified_gmt":"2025-06-12T02:04:11","slug":"difunden-alerta-amarilla-por-vientos-para-gran-parte-de-la-provincia","status":"publish","type":"post","link":"https:\/\/pasahoy.com.ar\/ph\/difunden-alerta-amarilla-por-vientos-para-gran-parte-de-la-provincia\/","title":{"rendered":"Difunden alerta amarilla por vientos para gran parte de la provincia"},"content":{"rendered":"\n<p>El Sistema Integrado de Alerta Temprana (SIAT) difundi\u00f3 un alerta amarilla por la posible presencia de vientos en buena parte del territorio provincial<\/p>\n\n\n\n<figure class=\"wp-block-gallery has-nested-images columns-default is-cropped wp-block-gallery-1 is-layout-flex wp-block-gallery-is-layout-flex\">\n<figure class=\"wp-block-image size-large\"><img loading=\"lazy\" decoding=\"async\" width=\"1024\" height=\"665\" data-id=\"2837\" src=\"https:\/\/pasahoy.com.ar\/ph\/wp-content\/uploads\/2025\/06\/1000415884-1024x665.jpg\" alt=\"\" class=\"wp-image-2837\" srcset=\"https:\/\/pasahoy.com.ar\/ph\/wp-content\/uploads\/2025\/06\/1000415884-1024x665.jpg 1024w, https:\/\/pasahoy.com.ar\/ph\/wp-content\/uploads\/2025\/06\/1000415884-300x195.jpg 300w, https:\/\/pasahoy.com.ar\/ph\/wp-content\/uploads\/2025\/06\/1000415884-768x499.jpg 768w, https:\/\/pasahoy.com.ar\/ph\/wp-content\/uploads\/2025\/06\/1000415884.jpg 1280w\" sizes=\"auto, (max-width: 1024px) 100vw, 1024px\" \/><\/figure>\n\n\n\n<figure class=\"wp-block-image size-large\"><img loading=\"lazy\" decoding=\"async\" width=\"1024\" height=\"597\" data-id=\"2838\" src=\"https:\/\/pasahoy.com.ar\/ph\/wp-content\/uploads\/2025\/06\/1000415888-1024x597.jpg\" alt=\"\" class=\"wp-image-2838\" srcset=\"https:\/\/pasahoy.com.ar\/ph\/wp-content\/uploads\/2025\/06\/1000415888-1024x597.jpg 1024w, https:\/\/pasahoy.com.ar\/ph\/wp-content\/uploads\/2025\/06\/1000415888-300x175.jpg 300w, https:\/\/pasahoy.com.ar\/ph\/wp-content\/uploads\/2025\/06\/1000415888-768x448.jpg 768w, https:\/\/pasahoy.com.ar\/ph\/wp-content\/uploads\/2025\/06\/1000415888.jpg 1280w\" sizes=\"auto, (max-width: 1024px) 100vw, 1024px\" \/><\/figure>\n<\/figure>\n\n\n\n<p>El reporte del SIAT advirti\u00f3 que este jueves podr\u00eda haber vientos en los departamentos de Vinchina, General Lamadrid, Chamical, General Belgrano, General Juan Facundo Quiroga, General Ocampo, Rosario Vera Pe\u00f1aloza y General San Mart\u00edn.<br>A su vez, el reporte alert\u00f3 sobre la presencia de viento zonda para los departamentos Vinchina, General Lamadrid, General Felipe Varela, Famatina, Chilecito, San Blas de los Sauces, Independencia y General \u00c1ngel Vicente Pe\u00f1aloza.<br>\u00abEn la zona cordillerana es probable el desarrollo de vientos intensos de 50 a 75 km por hora, con r\u00e1fagas que podr\u00edan superar los 100 km por hora. Para los departamentos se\u00f1alados las r\u00e1fagas podr\u00edan superar los 70 km por hora\u00bb, sostiene el reporte.<br>Asimismo, la advertencia del informe, dijo que el viento zonda pronosticado podr\u00eda alcanzar velocidades estimadas entre 30 y 50 km por hora con r\u00e1fagas que podr\u00edan superar los 70 km por hora. \u00abEste fen\u00f3meno podr\u00eda provocar reducci\u00f3n de la visibilidad, un aumento repentino de la temperatura y condiciones de humedad relativa muy baja, en especial desde la ma\u00f1ana a la noche del jueves 12 de junio\u00bb, destaca el reporte.<\/p>\n\n\n\n<p><em>Alerta por niebla para Capital, Arauco e Independencia<\/em><br>Por otro lado, el SIAT difundi\u00f3 un alerta por la posible presencia de niebla que afectar\u00e1 a los departamentos Capital, Independencia y Arauco.<br>La advertencia meteorol\u00f3gica precis\u00f3 que, para las pr\u00f3ximas horas, los departamentos mencionados podr\u00edan verse afectados por la niebla, pudiendo reducirse la visibilidad a causa de este fen\u00f3meno.<\/p>\n","protected":false},"excerpt":{"rendered":"<p>El Sistema Integrado de Alerta Temprana (SIAT) difundi\u00f3 un alerta amarilla por la posible presencia de vientos en buena parte del territorio provincial El reporte del SIAT advirti\u00f3 que este jueves podr\u00eda haber vientos en los departamentos de Vinchina, General Lamadrid, Chamical, General Belgrano, General Juan Facundo Quiroga, General Ocampo, Rosario Vera Pe\u00f1aloza y General [&hellip;]<\/p>\n","protected":false},"author":3,"featured_media":2837,"comment_status":"open","ping_status":"open","sticky":false,"template":"","format":"standard","meta":{"_jetpack_memberships_contains_paid_content":false,"footnotes":""},"categories":[10],"tags":[],"class_list":["post-2836","post","type-post","status-publish","format-standard","has-post-thumbnail","hentry","category-sociedad"],"jetpack_featured_media_url":"https:\/\/pasahoy.com.ar\/ph\/wp-content\/uploads\/2025\/06\/1000415884.jpg","jetpack_sharing_enabled":true,"_links":{"self":[{"href":"https:\/\/pasahoy.com.ar\/ph\/wp-json\/wp\/v2\/posts\/2836","targetHints":{"allow":["GET"]}}],"collection":[{"href":"https:\/\/pasahoy.com.ar\/ph\/wp-json\/wp\/v2\/posts"}],"about":[{"href":"https:\/\/pasahoy.com.ar\/ph\/wp-json\/wp\/v2\/types\/post"}],"author":[{"embeddable":true,"href":"https:\/\/pasahoy.com.ar\/ph\/wp-json\/wp\/v2\/users\/3"}],"replies":[{"embeddable":true,"href":"https:\/\/pasahoy.com.ar\/ph\/wp-json\/wp\/v2\/comments?post=2836"}],"version-history":[{"count":1,"href":"https:\/\/pasahoy.com.ar\/ph\/wp-json\/wp\/v2\/posts\/2836\/revisions"}],"predecessor-version":[{"id":2839,"href":"https:\/\/pasahoy.com.ar\/ph\/wp-json\/wp\/v2\/posts\/2836\/revisions\/2839"}],"wp:featuredmedia":[{"embeddable":true,"href":"https:\/\/pasahoy.com.ar\/ph\/wp-json\/wp\/v2\/media\/2837"}],"wp:attachment":[{"href":"https:\/\/pasahoy.com.ar\/ph\/wp-json\/wp\/v2\/media?parent=2836"}],"wp:term":[{"taxonomy":"category","embeddable":true,"href":"https:\/\/pasahoy.com.ar\/ph\/wp-json\/wp\/v2\/categories?post=2836"},{"taxonomy":"post_tag","embeddable":true,"href":"https:\/\/pasahoy.com.ar\/ph\/wp-json\/wp\/v2\/tags?post=2836"}],"curies":[{"name":"wp","href":"https:\/\/api.w.org\/{rel}","templated":true}]}}