{"id":2828,"date":"2025-06-12T02:01:38","date_gmt":"2025-06-12T02:01:38","guid":{"rendered":"https:\/\/pasahoy.com.ar\/ph\/?p=2828"},"modified":"2025-06-12T02:01:38","modified_gmt":"2025-06-12T02:01:38","slug":"estudiantes-de-comercio-n-1-participaron-en-jornadas-de-concientizacion-digital","status":"publish","type":"post","link":"https:\/\/pasahoy.com.ar\/ph\/estudiantes-de-comercio-n-1-participaron-en-jornadas-de-concientizacion-digital\/","title":{"rendered":"Estudiantes de Comercio N\u00b0 1 participaron en jornadas de concientizaci\u00f3n digital"},"content":{"rendered":"\n<p><em>La iniciativa, impulsada por el Ministerio de Transporte y Comunicaciones, forma parte del Programa Federal de Alfabetizaci\u00f3n Digital y apunta a fortalecer la formaci\u00f3n en ciudadan\u00eda digital cr\u00edtica, con foco en la prevenci\u00f3n de riesgos en entornos virtuales.<\/em><\/p>\n\n\n\n<figure class=\"wp-block-gallery has-nested-images columns-default is-cropped wp-block-gallery-1 is-layout-flex wp-block-gallery-is-layout-flex\">\n<figure class=\"wp-block-image size-large\"><img loading=\"lazy\" decoding=\"async\" width=\"1024\" height=\"768\" data-id=\"2829\" src=\"https:\/\/pasahoy.com.ar\/ph\/wp-content\/uploads\/2025\/06\/1000416351-1024x768.jpg\" alt=\"\" class=\"wp-image-2829\" srcset=\"https:\/\/pasahoy.com.ar\/ph\/wp-content\/uploads\/2025\/06\/1000416351-1024x768.jpg 1024w, https:\/\/pasahoy.com.ar\/ph\/wp-content\/uploads\/2025\/06\/1000416351-300x225.jpg 300w, https:\/\/pasahoy.com.ar\/ph\/wp-content\/uploads\/2025\/06\/1000416351-768x576.jpg 768w, https:\/\/pasahoy.com.ar\/ph\/wp-content\/uploads\/2025\/06\/1000416351.jpg 1280w\" sizes=\"auto, (max-width: 1024px) 100vw, 1024px\" \/><\/figure>\n<\/figure>\n\n\n\n<p>En el marco del Programa Federal de Alfabetizaci\u00f3n Digital, el Ministerio de Transporte y Comunicaciones llev\u00f3 adelante dos jornadas de sensibilizaci\u00f3n y formaci\u00f3n en la Escuela de Comercio N\u00ba 1, destinadas a estudiantes del nivel medio, con el prop\u00f3sito de fomentar el uso seguro y responsable de las redes sociales.<br>Durante los encuentros se abordaron tem\u00e1ticas clave vinculadas al entorno digital actual, como el ciberacoso, el sexting y el grooming. A trav\u00e9s de espacios de reflexi\u00f3n, debate y trabajo colaborativo, se busc\u00f3 generar conciencia entre las y los j\u00f3venes sobre los riesgos de la exposici\u00f3n en l\u00ednea, al tiempo que se promovieron pr\u00e1cticas digitales seguras, basadas en el respeto y la responsabilidad.<\/p>\n\n\n\n<p><em>Ciudadan\u00eda digital cr\u00edtica<\/em><br>Estas acciones se inscriben en una pol\u00edtica p\u00fablica que apunta a consolidar una ciudadan\u00eda digital cr\u00edtica y comprometida, fomentando la convivencia digital y la prevenci\u00f3n de situaciones de vulnerabilidad en el uso cotidiano de las tecnolog\u00edas.<br>Con este tipo de iniciativas, el Ministerio de Transporte y Comunicaciones reafirma su compromiso con la formaci\u00f3n integral de adolescentes en competencias digitales, articulando tecnolog\u00eda, derechos y educaci\u00f3n en una estrategia federal de inclusi\u00f3n y protecci\u00f3n digital.<\/p>\n","protected":false},"excerpt":{"rendered":"<p>La iniciativa, impulsada por el Ministerio de Transporte y Comunicaciones, forma parte del Programa Federal de Alfabetizaci\u00f3n Digital y apunta a fortalecer la formaci\u00f3n en ciudadan\u00eda digital cr\u00edtica, con foco en la prevenci\u00f3n de riesgos en entornos virtuales. En el marco del Programa Federal de Alfabetizaci\u00f3n Digital, el Ministerio de Transporte y Comunicaciones llev\u00f3 adelante [&hellip;]<\/p>\n","protected":false},"author":3,"featured_media":2829,"comment_status":"open","ping_status":"open","sticky":false,"template":"","format":"standard","meta":{"_jetpack_memberships_contains_paid_content":false,"footnotes":""},"categories":[1],"tags":[],"class_list":["post-2828","post","type-post","status-publish","format-standard","has-post-thumbnail","hentry","category-local"],"jetpack_featured_media_url":"https:\/\/pasahoy.com.ar\/ph\/wp-content\/uploads\/2025\/06\/1000416351.jpg","jetpack_sharing_enabled":true,"_links":{"self":[{"href":"https:\/\/pasahoy.com.ar\/ph\/wp-json\/wp\/v2\/posts\/2828","targetHints":{"allow":["GET"]}}],"collection":[{"href":"https:\/\/pasahoy.com.ar\/ph\/wp-json\/wp\/v2\/posts"}],"about":[{"href":"https:\/\/pasahoy.com.ar\/ph\/wp-json\/wp\/v2\/types\/post"}],"author":[{"embeddable":true,"href":"https:\/\/pasahoy.com.ar\/ph\/wp-json\/wp\/v2\/users\/3"}],"replies":[{"embeddable":true,"href":"https:\/\/pasahoy.com.ar\/ph\/wp-json\/wp\/v2\/comments?post=2828"}],"version-history":[{"count":1,"href":"https:\/\/pasahoy.com.ar\/ph\/wp-json\/wp\/v2\/posts\/2828\/revisions"}],"predecessor-version":[{"id":2830,"href":"https:\/\/pasahoy.com.ar\/ph\/wp-json\/wp\/v2\/posts\/2828\/revisions\/2830"}],"wp:featuredmedia":[{"embeddable":true,"href":"https:\/\/pasahoy.com.ar\/ph\/wp-json\/wp\/v2\/media\/2829"}],"wp:attachment":[{"href":"https:\/\/pasahoy.com.ar\/ph\/wp-json\/wp\/v2\/media?parent=2828"}],"wp:term":[{"taxonomy":"category","embeddable":true,"href":"https:\/\/pasahoy.com.ar\/ph\/wp-json\/wp\/v2\/categories?post=2828"},{"taxonomy":"post_tag","embeddable":true,"href":"https:\/\/pasahoy.com.ar\/ph\/wp-json\/wp\/v2\/tags?post=2828"}],"curies":[{"name":"wp","href":"https:\/\/api.w.org\/{rel}","templated":true}]}}