{"id":2818,"date":"2025-06-11T03:24:09","date_gmt":"2025-06-11T03:24:09","guid":{"rendered":"https:\/\/pasahoy.com.ar\/ph\/?p=2818"},"modified":"2025-06-11T03:24:21","modified_gmt":"2025-06-11T03:24:21","slug":"el-drastico-anuncio-de-gareca-tras-la-eliminacion-de-chile-del-mundial-2026","status":"publish","type":"post","link":"https:\/\/pasahoy.com.ar\/ph\/el-drastico-anuncio-de-gareca-tras-la-eliminacion-de-chile-del-mundial-2026\/","title":{"rendered":"El dr\u00e1stico anuncio de Gareca tras la eliminaci\u00f3n de Chile del Mundial 2026"},"content":{"rendered":"\n<p>Luego de la eliminaci\u00f3n de la Copa del Mundo 2026, Ricardo Gareca anunci\u00f3 su salida de Chile. <\/p>\n\n\n\n<p><strong>Chile<\/strong>\u00a0no pudo dar el batacazo en las \u00faltimas jornadas de las Eliminatorias Sudamericanas. Tras la ca\u00edda ante la\u00a0<a href=\"https:\/\/tntsports.com.ar\/seleccion-argentina-t39\"><strong>Selecci\u00f3n Argentina<\/strong><\/a>, el equipo de<strong>\u00a0Ricardo Gareca\u00a0<\/strong>perdi\u00f3 contra Bolivia y qued\u00f3 afuera del Mundial 2026.<\/p>\n\n\n\n<p>En consecuencia, el entrenador argentino tom\u00f3 la palabra y anunci\u00f3 su salida: \u201cNo voy a responder preguntas porque ya tomamos una decisi\u00f3n con el cuerpo t\u00e9cnico. Tuve una reuni\u00f3n en el vestuario con los dirigentes y despu\u00e9s con toda la delegaci\u00f3n. Les comunicamos que queremos descomprimir la situaci\u00f3n, intentamos pelear hasta el final todo\u201d.<\/p>\n\n\n\n<p>\u201cMe llevo una gran imagen en todo aspecto. Lamentablemente Chile est\u00e1 en una situaci\u00f3n que nadie hubiese deseado. Deportivamente tambi\u00e9n es un golpe duro para mi. Me tengo que levantar como Chile en un futuro\u201d, agreg\u00f3.<\/p>\n\n\n\n<p>Con Gareca como entrenador, Chile solamente sum\u00f3 una victoria. Adem\u00e1s, igual\u00f3 en dos ocasiones y perdi\u00f3 los 8 restantes. De esta manera, qued\u00f3 eliminado del Mundial por tercera vez consecutiva.<\/p>\n\n\n\n<figure class=\"wp-block-gallery has-nested-images columns-default is-cropped wp-block-gallery-1 is-layout-flex wp-block-gallery-is-layout-flex\">\n<figure class=\"wp-block-image size-large\"><img loading=\"lazy\" decoding=\"async\" width=\"1024\" height=\"479\" data-id=\"2819\" src=\"https:\/\/pasahoy.com.ar\/ph\/wp-content\/uploads\/2025\/06\/1000413400-1024x479.png\" alt=\"\" class=\"wp-image-2819\" srcset=\"https:\/\/pasahoy.com.ar\/ph\/wp-content\/uploads\/2025\/06\/1000413400-1024x479.png 1024w, https:\/\/pasahoy.com.ar\/ph\/wp-content\/uploads\/2025\/06\/1000413400-300x140.png 300w, https:\/\/pasahoy.com.ar\/ph\/wp-content\/uploads\/2025\/06\/1000413400-768x359.png 768w, https:\/\/pasahoy.com.ar\/ph\/wp-content\/uploads\/2025\/06\/1000413400.png 1052w\" sizes=\"auto, (max-width: 1024px) 100vw, 1024px\" \/><\/figure>\n<\/figure>\n","protected":false},"excerpt":{"rendered":"<p>Luego de la eliminaci\u00f3n de la Copa del Mundo 2026, Ricardo Gareca anunci\u00f3 su salida de Chile. Chile\u00a0no pudo dar el batacazo en las \u00faltimas jornadas de las Eliminatorias Sudamericanas. Tras la ca\u00edda ante la\u00a0Selecci\u00f3n Argentina, el equipo de\u00a0Ricardo Gareca\u00a0perdi\u00f3 contra Bolivia y qued\u00f3 afuera del Mundial 2026. En consecuencia, el entrenador argentino tom\u00f3 la [&hellip;]<\/p>\n","protected":false},"author":3,"featured_media":2819,"comment_status":"open","ping_status":"open","sticky":false,"template":"","format":"standard","meta":{"_jetpack_memberships_contains_paid_content":false,"footnotes":""},"categories":[4],"tags":[],"class_list":["post-2818","post","type-post","status-publish","format-standard","has-post-thumbnail","hentry","category-deporte"],"jetpack_featured_media_url":"https:\/\/pasahoy.com.ar\/ph\/wp-content\/uploads\/2025\/06\/1000413400.png","jetpack_sharing_enabled":true,"_links":{"self":[{"href":"https:\/\/pasahoy.com.ar\/ph\/wp-json\/wp\/v2\/posts\/2818","targetHints":{"allow":["GET"]}}],"collection":[{"href":"https:\/\/pasahoy.com.ar\/ph\/wp-json\/wp\/v2\/posts"}],"about":[{"href":"https:\/\/pasahoy.com.ar\/ph\/wp-json\/wp\/v2\/types\/post"}],"author":[{"embeddable":true,"href":"https:\/\/pasahoy.com.ar\/ph\/wp-json\/wp\/v2\/users\/3"}],"replies":[{"embeddable":true,"href":"https:\/\/pasahoy.com.ar\/ph\/wp-json\/wp\/v2\/comments?post=2818"}],"version-history":[{"count":1,"href":"https:\/\/pasahoy.com.ar\/ph\/wp-json\/wp\/v2\/posts\/2818\/revisions"}],"predecessor-version":[{"id":2820,"href":"https:\/\/pasahoy.com.ar\/ph\/wp-json\/wp\/v2\/posts\/2818\/revisions\/2820"}],"wp:featuredmedia":[{"embeddable":true,"href":"https:\/\/pasahoy.com.ar\/ph\/wp-json\/wp\/v2\/media\/2819"}],"wp:attachment":[{"href":"https:\/\/pasahoy.com.ar\/ph\/wp-json\/wp\/v2\/media?parent=2818"}],"wp:term":[{"taxonomy":"category","embeddable":true,"href":"https:\/\/pasahoy.com.ar\/ph\/wp-json\/wp\/v2\/categories?post=2818"},{"taxonomy":"post_tag","embeddable":true,"href":"https:\/\/pasahoy.com.ar\/ph\/wp-json\/wp\/v2\/tags?post=2818"}],"curies":[{"name":"wp","href":"https:\/\/api.w.org\/{rel}","templated":true}]}}