{"id":2811,"date":"2025-06-11T00:14:34","date_gmt":"2025-06-11T00:14:34","guid":{"rendered":"https:\/\/pasahoy.com.ar\/ph\/?p=2811"},"modified":"2025-06-11T00:15:04","modified_gmt":"2025-06-11T00:15:04","slug":"el-regocijo-de-milei-macri-bullrich-y-los-trolls-libertarios","status":"publish","type":"post","link":"https:\/\/pasahoy.com.ar\/ph\/el-regocijo-de-milei-macri-bullrich-y-los-trolls-libertarios\/","title":{"rendered":"El regocijo de Milei, Macri, Bullrich y los trolls libertarios"},"content":{"rendered":"\n<p>\u00abJusticia. Fin. La rep\u00fablica funciona\u00bb, celebr\u00f3 el Presidente. El l\u00edder del PRO felicit\u00f3 por \u00absu trabajo de a\u00f1os\u00bb a los jueces y fiscales involucrados, algunos de los cuales jugaban al f\u00fatbol en su quinta de Los Abrojos. Los tuiteros de LLA postearon fotos de CFK tras las rejas y se envalentonaron con \u00abel fin del kirchnerismo\u00bb.\u00a0<\/p>\n\n\n\n<p>Sin ruborizarse, el presidente Javier Milei festej\u00f3 ayer como si fuese un triunfo el fallo de la Corte Suprema que sac\u00f3 de la cancha electoral a Cristina Kirchner, la principal figura de oposici\u00f3n a su gobierno. \u00abJusticia. Fin. La rep\u00fablica funciona\u00bb, celebr\u00f3 Milei en su cuenta de Twitter. Lo propio hicieron algunos de los funcionarios y legisladores m\u00e1s ac\u00e9rrimamente antickirchneristas, como Patricia Bullrich, quien apel\u00f3 a su latigillo habitual de que \u00abel que las hace, las paga\u00bb, y Jos\u00e9 Luis Espert, quien cambi\u00f3 de opini\u00f3n respecto de su voluntad de enfrentar a CFK en las urnas y opt\u00f3 simplemente por decirle \u00abchorra\u00bb v\u00eda redes sociales. Mauricio Macri, por su parte, se dedic\u00f3 a felicitar a los supremos por el \u00abfallo hist\u00f3rico\u00bb y tambi\u00e9n a la cadena de jueces y fiscales &#8211;algunos que jugaban al f\u00fatbol en su quinta de Los Abrojos&#8211; por \u00abla culminaci\u00f3n de tantos a\u00f1os de un trabajo impecable\u00bb.<\/p>\n\n\n\n<p>El posteo de Macri fue casi una oda al poder judicial. \u00abFinalmente, despu\u00e9s de un per\u00edodo muy largo, el trabajo impecable de la Justicia culmina hoy con este fallo hist\u00f3rico. Los argentinos debemos estar tranquilos porque los mecanismos de la Rep\u00fablica se expresaron con libertad\u00bb, sostuvo. Milei, en cambio, aprovech\u00f3 para pegarle tambi\u00e9n a \u00ablos periodistas\u00bb que, seg\u00fan \u00e9l, hablaban de un supuesto \u00abpacto de impunidad\u00bb. \u00abLa Rep\u00fablica funciona y todos los periodi$ta$ corrupto$, c\u00f3mplices de pol\u00edtico$ mentiro$o$, han quedado expuesto en sus opereta$ sobre el supuesto pacto de impunidad\u00bb (SIC), escribi\u00f3.<\/p>\n\n\n\n<p>Mar\u00eda Eugenia Vidal, m\u00e1s temprano, hab\u00eda intentado anotarse un poroto para el PRO por todo lo que el partido amarillo hizo desde el poder para perseguir a CFK. \u00abFueron los \u00f1o\u00f1os republicanos los que se animaron a denunciar a Cristina\u00bb, dijo. Espert, por su parte, sali\u00f3 a disputarle autor\u00eda del fallo y asegur\u00f3 que \u00abel principio del fin del kirchnerismo comenz\u00f3 con nuestro gobierno\u00bb. <\/p>\n\n\n\n<figure class=\"wp-block-gallery has-nested-images columns-default is-cropped wp-block-gallery-1 is-layout-flex wp-block-gallery-is-layout-flex\">\n<figure class=\"wp-block-image size-large\"><img loading=\"lazy\" decoding=\"async\" width=\"918\" height=\"620\" data-id=\"2815\" src=\"https:\/\/pasahoy.com.ar\/ph\/wp-content\/uploads\/2025\/06\/1000412778.png\" alt=\"\" class=\"wp-image-2815\" srcset=\"https:\/\/pasahoy.com.ar\/ph\/wp-content\/uploads\/2025\/06\/1000412778.png 918w, https:\/\/pasahoy.com.ar\/ph\/wp-content\/uploads\/2025\/06\/1000412778-300x203.png 300w, https:\/\/pasahoy.com.ar\/ph\/wp-content\/uploads\/2025\/06\/1000412778-768x519.png 768w\" sizes=\"auto, (max-width: 918px) 100vw, 918px\" \/><\/figure>\n\n\n\n<figure class=\"wp-block-image size-large\"><img loading=\"lazy\" decoding=\"async\" width=\"659\" height=\"1024\" data-id=\"2813\" src=\"https:\/\/pasahoy.com.ar\/ph\/wp-content\/uploads\/2025\/06\/1000412777-659x1024.png\" alt=\"\" class=\"wp-image-2813\" srcset=\"https:\/\/pasahoy.com.ar\/ph\/wp-content\/uploads\/2025\/06\/1000412777-659x1024.png 659w, https:\/\/pasahoy.com.ar\/ph\/wp-content\/uploads\/2025\/06\/1000412777-193x300.png 193w, https:\/\/pasahoy.com.ar\/ph\/wp-content\/uploads\/2025\/06\/1000412777-768x1194.png 768w, https:\/\/pasahoy.com.ar\/ph\/wp-content\/uploads\/2025\/06\/1000412777.png 866w\" sizes=\"auto, (max-width: 659px) 100vw, 659px\" \/><\/figure>\n\n\n\n<figure class=\"wp-block-image size-large\"><img loading=\"lazy\" decoding=\"async\" width=\"610\" height=\"1024\" data-id=\"2814\" src=\"https:\/\/pasahoy.com.ar\/ph\/wp-content\/uploads\/2025\/06\/1000412772-610x1024.png\" alt=\"\" class=\"wp-image-2814\" srcset=\"https:\/\/pasahoy.com.ar\/ph\/wp-content\/uploads\/2025\/06\/1000412772-610x1024.png 610w, https:\/\/pasahoy.com.ar\/ph\/wp-content\/uploads\/2025\/06\/1000412772-179x300.png 179w, https:\/\/pasahoy.com.ar\/ph\/wp-content\/uploads\/2025\/06\/1000412772-768x1289.png 768w, https:\/\/pasahoy.com.ar\/ph\/wp-content\/uploads\/2025\/06\/1000412772.png 886w\" sizes=\"auto, (max-width: 610px) 100vw, 610px\" \/><\/figure>\n\n\n\n<figure class=\"wp-block-image size-large\"><img loading=\"lazy\" decoding=\"async\" width=\"971\" height=\"743\" data-id=\"2812\" src=\"https:\/\/pasahoy.com.ar\/ph\/wp-content\/uploads\/2025\/06\/1000412773.png\" alt=\"\" class=\"wp-image-2812\" srcset=\"https:\/\/pasahoy.com.ar\/ph\/wp-content\/uploads\/2025\/06\/1000412773.png 971w, https:\/\/pasahoy.com.ar\/ph\/wp-content\/uploads\/2025\/06\/1000412773-300x230.png 300w, https:\/\/pasahoy.com.ar\/ph\/wp-content\/uploads\/2025\/06\/1000412773-768x588.png 768w\" sizes=\"auto, (max-width: 971px) 100vw, 971px\" \/><\/figure>\n<\/figure>\n\n\n\n<p> <\/p>\n\n\n\n<p> <\/p>\n","protected":false},"excerpt":{"rendered":"<p>\u00abJusticia. Fin. La rep\u00fablica funciona\u00bb, celebr\u00f3 el Presidente. El l\u00edder del PRO felicit\u00f3 por \u00absu trabajo de a\u00f1os\u00bb a los jueces y fiscales involucrados, algunos de los cuales jugaban al f\u00fatbol en su quinta de Los Abrojos. Los tuiteros de LLA postearon fotos de CFK tras las rejas y se envalentonaron con \u00abel fin del [&hellip;]<\/p>\n","protected":false},"author":3,"featured_media":2815,"comment_status":"open","ping_status":"open","sticky":false,"template":"","format":"standard","meta":{"_jetpack_memberships_contains_paid_content":false,"footnotes":""},"categories":[2],"tags":[],"class_list":["post-2811","post","type-post","status-publish","format-standard","has-post-thumbnail","hentry","category-nacional"],"jetpack_featured_media_url":"https:\/\/pasahoy.com.ar\/ph\/wp-content\/uploads\/2025\/06\/1000412778.png","jetpack_sharing_enabled":true,"_links":{"self":[{"href":"https:\/\/pasahoy.com.ar\/ph\/wp-json\/wp\/v2\/posts\/2811","targetHints":{"allow":["GET"]}}],"collection":[{"href":"https:\/\/pasahoy.com.ar\/ph\/wp-json\/wp\/v2\/posts"}],"about":[{"href":"https:\/\/pasahoy.com.ar\/ph\/wp-json\/wp\/v2\/types\/post"}],"author":[{"embeddable":true,"href":"https:\/\/pasahoy.com.ar\/ph\/wp-json\/wp\/v2\/users\/3"}],"replies":[{"embeddable":true,"href":"https:\/\/pasahoy.com.ar\/ph\/wp-json\/wp\/v2\/comments?post=2811"}],"version-history":[{"count":1,"href":"https:\/\/pasahoy.com.ar\/ph\/wp-json\/wp\/v2\/posts\/2811\/revisions"}],"predecessor-version":[{"id":2816,"href":"https:\/\/pasahoy.com.ar\/ph\/wp-json\/wp\/v2\/posts\/2811\/revisions\/2816"}],"wp:featuredmedia":[{"embeddable":true,"href":"https:\/\/pasahoy.com.ar\/ph\/wp-json\/wp\/v2\/media\/2815"}],"wp:attachment":[{"href":"https:\/\/pasahoy.com.ar\/ph\/wp-json\/wp\/v2\/media?parent=2811"}],"wp:term":[{"taxonomy":"category","embeddable":true,"href":"https:\/\/pasahoy.com.ar\/ph\/wp-json\/wp\/v2\/categories?post=2811"},{"taxonomy":"post_tag","embeddable":true,"href":"https:\/\/pasahoy.com.ar\/ph\/wp-json\/wp\/v2\/tags?post=2811"}],"curies":[{"name":"wp","href":"https:\/\/api.w.org\/{rel}","templated":true}]}}