{"id":2808,"date":"2025-06-11T00:09:08","date_gmt":"2025-06-11T00:09:08","guid":{"rendered":"https:\/\/pasahoy.com.ar\/ph\/?p=2808"},"modified":"2025-06-11T00:09:21","modified_gmt":"2025-06-11T00:09:21","slug":"la-corte-suprema-proscribio-a-cristina-kirchner-por-la-causa-vialidad","status":"publish","type":"post","link":"https:\/\/pasahoy.com.ar\/ph\/la-corte-suprema-proscribio-a-cristina-kirchner-por-la-causa-vialidad\/","title":{"rendered":"La Corte Suprema proscribi\u00f3 a Cristina Kirchner por la causa Vialidad"},"content":{"rendered":"\n<p>Los tres jueces del m\u00e1ximo tribunal confirmaron la sentencia que la conden\u00f3 a seis a\u00f1os de prisi\u00f3n y la inhabilitaci\u00f3n para ejercer cargos p\u00fablicos. Apoyo de dirigentes y militantes en la sede del PJ y cortes de rutas y autopistas.<\/p>\n\n\n\n<h2 class=\"wp-block-heading\">Piden la inmediata detenci\u00f3n de Cristina Kirchner<\/h2>\n\n\n\n<p>Los fiscales Luciani y Mola pidieron la inmediata detenci\u00f3n de Cristina Kirchner y el decomiso de sus bienes.<\/p>\n\n\n\n<p>En tanto, el tribunal oral federal N 2 indic\u00f3 que la exmandataria tiene cinco d\u00edas para presentarse, al tiempo que le pidieron a la ministra Bullrich una dependencia de fuerzas federales que cumpla con las condiciones para alojar a Cristina Kirchner.<\/p>\n\n\n\n<h2 class=\"wp-block-heading\">Los organismos de derechos humanos ante la proscripci\u00f3n a Cristina Kirchner&nbsp;<\/h2>\n\n\n\n<p>Los organismos de derechos humanos repudiaron en duros t\u00e9rminos el fallo de la Corte Suprema de Justicia contra la expresidenta Cristina Kirchner. Abuelas de Plaza de Mayo lo defini\u00f3 como \u201cun nuevo y triste episodio de persecuci\u00f3n y proscripci\u00f3n\u201d y a<strong>lert\u00f3 que \u201cla democracia est\u00e1 en peligro\u201d. El CELS destac\u00f3 que en la causa \u201cno se prob\u00f3 la participaci\u00f3n directa\u201d<\/strong>&nbsp;de la exmandataria, cuestion\u00f3 los \u201cfundamentos escu\u00e1lidos\u201d en su contra y se\u00f1al\u00f3 que el fallo \u201cconvalida un proceso judicial que interfiere en las din\u00e1micas de la pol\u00edtica y da de lleno contra la institucionalidad democr\u00e1tica\u201d.<\/p>\n\n\n\n<p>\u00a0Madres de Plaza de Mayo, la Asamblea Permanente por los Derechos Humanos y el Movimiento Ecum\u00e9nico de Derechos Humanos, entre otros, enfatizaron que fue sometida\u00a0<strong>a \u201cun proceso absolutamente viciado\u201d y que el fallo \u201cpone en riesgo el pacto civilizatorio\u201d sellado con el retorno de la democracia en 1983.\u00a0<\/strong> <\/p>\n\n\n\n<h2 class=\"wp-block-heading\">Arrancaron las tomas en las universidades ante la proscripci\u00f3n de CFK<\/h2>\n\n\n\n<p>\u00abSe acaba de votar en asamblea la toma de la facultad de filosof\u00eda y letras con las siguientes consignas:<strong>&nbsp;No a la proscripci\u00f3n de CFK, en defensa de los derechos democr\u00e1ticos, en defensa de la universidad y contra todos los ataques de Milei<\/strong>\u00ab, comunicaron oficialmente organizaciones estudiantiles.&nbsp;<\/p>\n\n\n\n<figure class=\"wp-block-gallery has-nested-images columns-default is-cropped wp-block-gallery-1 is-layout-flex wp-block-gallery-is-layout-flex\">\n<figure class=\"wp-block-image size-large\"><img loading=\"lazy\" decoding=\"async\" width=\"924\" height=\"534\" data-id=\"2809\" src=\"https:\/\/pasahoy.com.ar\/ph\/wp-content\/uploads\/2025\/06\/1000412757.png\" alt=\"\" class=\"wp-image-2809\" srcset=\"https:\/\/pasahoy.com.ar\/ph\/wp-content\/uploads\/2025\/06\/1000412757.png 924w, https:\/\/pasahoy.com.ar\/ph\/wp-content\/uploads\/2025\/06\/1000412757-300x173.png 300w, https:\/\/pasahoy.com.ar\/ph\/wp-content\/uploads\/2025\/06\/1000412757-768x444.png 768w\" sizes=\"auto, (max-width: 924px) 100vw, 924px\" \/><\/figure>\n<\/figure>\n","protected":false},"excerpt":{"rendered":"<p>Los tres jueces del m\u00e1ximo tribunal confirmaron la sentencia que la conden\u00f3 a seis a\u00f1os de prisi\u00f3n y la inhabilitaci\u00f3n para ejercer cargos p\u00fablicos. Apoyo de dirigentes y militantes en la sede del PJ y cortes de rutas y autopistas. Piden la inmediata detenci\u00f3n de Cristina Kirchner Los fiscales Luciani y Mola pidieron la inmediata [&hellip;]<\/p>\n","protected":false},"author":3,"featured_media":2809,"comment_status":"open","ping_status":"open","sticky":false,"template":"","format":"standard","meta":{"_jetpack_memberships_contains_paid_content":false,"footnotes":""},"categories":[2],"tags":[],"class_list":["post-2808","post","type-post","status-publish","format-standard","has-post-thumbnail","hentry","category-nacional"],"jetpack_featured_media_url":"https:\/\/pasahoy.com.ar\/ph\/wp-content\/uploads\/2025\/06\/1000412757.png","jetpack_sharing_enabled":true,"_links":{"self":[{"href":"https:\/\/pasahoy.com.ar\/ph\/wp-json\/wp\/v2\/posts\/2808","targetHints":{"allow":["GET"]}}],"collection":[{"href":"https:\/\/pasahoy.com.ar\/ph\/wp-json\/wp\/v2\/posts"}],"about":[{"href":"https:\/\/pasahoy.com.ar\/ph\/wp-json\/wp\/v2\/types\/post"}],"author":[{"embeddable":true,"href":"https:\/\/pasahoy.com.ar\/ph\/wp-json\/wp\/v2\/users\/3"}],"replies":[{"embeddable":true,"href":"https:\/\/pasahoy.com.ar\/ph\/wp-json\/wp\/v2\/comments?post=2808"}],"version-history":[{"count":1,"href":"https:\/\/pasahoy.com.ar\/ph\/wp-json\/wp\/v2\/posts\/2808\/revisions"}],"predecessor-version":[{"id":2810,"href":"https:\/\/pasahoy.com.ar\/ph\/wp-json\/wp\/v2\/posts\/2808\/revisions\/2810"}],"wp:featuredmedia":[{"embeddable":true,"href":"https:\/\/pasahoy.com.ar\/ph\/wp-json\/wp\/v2\/media\/2809"}],"wp:attachment":[{"href":"https:\/\/pasahoy.com.ar\/ph\/wp-json\/wp\/v2\/media?parent=2808"}],"wp:term":[{"taxonomy":"category","embeddable":true,"href":"https:\/\/pasahoy.com.ar\/ph\/wp-json\/wp\/v2\/categories?post=2808"},{"taxonomy":"post_tag","embeddable":true,"href":"https:\/\/pasahoy.com.ar\/ph\/wp-json\/wp\/v2\/tags?post=2808"}],"curies":[{"name":"wp","href":"https:\/\/api.w.org\/{rel}","templated":true}]}}