{"id":2802,"date":"2025-06-10T15:51:29","date_gmt":"2025-06-10T15:51:29","guid":{"rendered":"https:\/\/pasahoy.com.ar\/ph\/?p=2802"},"modified":"2025-06-10T15:51:41","modified_gmt":"2025-06-10T15:51:41","slug":"la-policia-detuvo-a-un-sujeto-y-secuestro-elementos","status":"publish","type":"post","link":"https:\/\/pasahoy.com.ar\/ph\/la-policia-detuvo-a-un-sujeto-y-secuestro-elementos\/","title":{"rendered":"La policia detuvo a un sujeto y secuestr\u00f3 elementos"},"content":{"rendered":"\n<p>Las medida judiciales se realiz\u00f3 este fin de semana en el barrio barrio Sociedad Rural y B\u00b0 Francisco II\u00b0, donde la policia actu\u00f3 en base a una denuncia y \u00a0realiz\u00f3 dos allanamientos <\/p>\n\n\n\n<p>Logrando con \u00e9xito la recuperaci\u00f3n de cuatro Camperas, tres pantalones, tres pares de zapatillas, un casco, una motocicleta y dos Cuchillos todo fue secuestrado por la oficina de sumarios penales de la comisaria del barrio Matadero, que presencia de testigos h\u00e1biles procedi\u00f3 al traslado de los elementos ya detallados a la comisar\u00eda tercera para continuar con las tareas de rigor y posterior ser entregados a su respectivo damnificado <\/p>\n\n\n\n<figure class=\"wp-block-gallery has-nested-images columns-default is-cropped wp-block-gallery-1 is-layout-flex wp-block-gallery-is-layout-flex\">\n<figure class=\"wp-block-image size-large\"><img loading=\"lazy\" decoding=\"async\" width=\"1024\" height=\"723\" data-id=\"2803\" src=\"https:\/\/pasahoy.com.ar\/ph\/wp-content\/uploads\/2025\/06\/1000411577-1024x723.png\" alt=\"\" class=\"wp-image-2803\" srcset=\"https:\/\/pasahoy.com.ar\/ph\/wp-content\/uploads\/2025\/06\/1000411577-1024x723.png 1024w, https:\/\/pasahoy.com.ar\/ph\/wp-content\/uploads\/2025\/06\/1000411577-300x212.png 300w, https:\/\/pasahoy.com.ar\/ph\/wp-content\/uploads\/2025\/06\/1000411577-768x543.png 768w, https:\/\/pasahoy.com.ar\/ph\/wp-content\/uploads\/2025\/06\/1000411577.png 1080w\" sizes=\"auto, (max-width: 1024px) 100vw, 1024px\" \/><\/figure>\n<\/figure>\n","protected":false},"excerpt":{"rendered":"<p>Las medida judiciales se realiz\u00f3 este fin de semana en el barrio barrio Sociedad Rural y B\u00b0 Francisco II\u00b0, donde la policia actu\u00f3 en base a una denuncia y \u00a0realiz\u00f3 dos allanamientos Logrando con \u00e9xito la recuperaci\u00f3n de cuatro Camperas, tres pantalones, tres pares de zapatillas, un casco, una motocicleta y dos Cuchillos todo fue [&hellip;]<\/p>\n","protected":false},"author":3,"featured_media":2803,"comment_status":"open","ping_status":"open","sticky":false,"template":"","format":"standard","meta":{"_jetpack_memberships_contains_paid_content":false,"footnotes":""},"categories":[9],"tags":[],"class_list":["post-2802","post","type-post","status-publish","format-standard","has-post-thumbnail","hentry","category-policial"],"jetpack_featured_media_url":"https:\/\/pasahoy.com.ar\/ph\/wp-content\/uploads\/2025\/06\/1000411577.png","jetpack_sharing_enabled":true,"_links":{"self":[{"href":"https:\/\/pasahoy.com.ar\/ph\/wp-json\/wp\/v2\/posts\/2802","targetHints":{"allow":["GET"]}}],"collection":[{"href":"https:\/\/pasahoy.com.ar\/ph\/wp-json\/wp\/v2\/posts"}],"about":[{"href":"https:\/\/pasahoy.com.ar\/ph\/wp-json\/wp\/v2\/types\/post"}],"author":[{"embeddable":true,"href":"https:\/\/pasahoy.com.ar\/ph\/wp-json\/wp\/v2\/users\/3"}],"replies":[{"embeddable":true,"href":"https:\/\/pasahoy.com.ar\/ph\/wp-json\/wp\/v2\/comments?post=2802"}],"version-history":[{"count":1,"href":"https:\/\/pasahoy.com.ar\/ph\/wp-json\/wp\/v2\/posts\/2802\/revisions"}],"predecessor-version":[{"id":2804,"href":"https:\/\/pasahoy.com.ar\/ph\/wp-json\/wp\/v2\/posts\/2802\/revisions\/2804"}],"wp:featuredmedia":[{"embeddable":true,"href":"https:\/\/pasahoy.com.ar\/ph\/wp-json\/wp\/v2\/media\/2803"}],"wp:attachment":[{"href":"https:\/\/pasahoy.com.ar\/ph\/wp-json\/wp\/v2\/media?parent=2802"}],"wp:term":[{"taxonomy":"category","embeddable":true,"href":"https:\/\/pasahoy.com.ar\/ph\/wp-json\/wp\/v2\/categories?post=2802"},{"taxonomy":"post_tag","embeddable":true,"href":"https:\/\/pasahoy.com.ar\/ph\/wp-json\/wp\/v2\/tags?post=2802"}],"curies":[{"name":"wp","href":"https:\/\/api.w.org\/{rel}","templated":true}]}}