{"id":2799,"date":"2025-06-10T15:44:45","date_gmt":"2025-06-10T15:44:45","guid":{"rendered":"https:\/\/pasahoy.com.ar\/ph\/?p=2799"},"modified":"2025-06-10T15:44:59","modified_gmt":"2025-06-10T15:44:59","slug":"los-tres-jueces-de-la-corte-se-reunen-esta-tarde-para-definir-si-cfk-va-presa-por-la-causa-vialidad","status":"publish","type":"post","link":"https:\/\/pasahoy.com.ar\/ph\/los-tres-jueces-de-la-corte-se-reunen-esta-tarde-para-definir-si-cfk-va-presa-por-la-causa-vialidad\/","title":{"rendered":"Los tres jueces de la Corte se re\u00fanen esta tarde para definir si CFK va presa por la causa Vialidad"},"content":{"rendered":"\n<p>La reuni\u00f3n de acuerdo es a las 16 y fue convocada por el presidente del m\u00e1ximo tribunal, Horacio Rosatti. La expresidenta est\u00e1 condenada a seis a\u00f1os de prisi\u00f3n por corrupci\u00f3n.<\/p>\n\n\n\n<p>Los tres jueces de la\u00a0<a href=\"https:\/\/tn.com.ar\/politica\/2025\/06\/09\/la-corte-suprema-ya-redacta-la-condena-contra-cristina-kirchner-por-la-causa-vialidad\/\"><strong>Corte Suprema<\/strong><\/a>\u00a0se re\u00fanen esta tarde, desde las 16.00, para definir si la expresidenta\u00a0<a href=\"https:\/\/tn.com.ar\/politica\/2025\/06\/10\/causa-vialidad-los-cinco-argumentos-del-fallo-que-prepara-la-corte-suprema-para-condenar-a-cristina-kirchner\/\"><strong>Cristina Kirchner<\/strong><\/a>\u00a0va presa por la causa Vialidad. el titular de la CSJN convoc\u00f3 a sus pares,\u00a0<strong>Carlos Rosenkrantz<\/strong>\u00a0y\u00a0<strong>Ricardo Lorenzetti<\/strong>, para decidir sobre la condena por corrupci\u00f3n a la jefa del Partido Justicialista <\/p>\n\n\n\n<p>Se trata del expediente por irregularidades en la adjudicaci\u00f3n y ejecuci\u00f3n de obra p\u00fablica en\u00a0<strong>Santa Cruz<\/strong>,por el que la Justicia conden\u00f3 a\u00a0<strong>seis a\u00f1os de c\u00e1rcel\u00a0<\/strong>a la expresidenta, sumado a la\u00a0<strong>inhabilitaci\u00f3n perpetua\u00a0<\/strong>para ocupar cargos p\u00fablicos. La semana pasada la exmandataria anunci\u00f3 su intenci\u00f3n de ser candidata a legisladora bonaerense, por la tercera secci\u00f3n electoral, en las elecciones provinciales de septiembre. Si la Corte ratifica la pena\u00a0<strong>no podr\u00e1 postularse<\/strong>. <\/p>\n\n\n\n<p>los ministros de la Corte, en los \u00faltimos d\u00edas,&nbsp;<a href=\"https:\/\/tn.com.ar\/politica\/2025\/06\/09\/la-corte-suprema-ya-redacta-la-condena-contra-cristina-kirchner-por-la-causa-vialidad\/\"><strong>le encargaron a la Secretaria Penal del cuerpo la elaboraci\u00f3n de un borrador con todos los argumentos<\/strong><\/a>. Ese \u00f3rgano termin\u00f3 el extenso estudio de 180 p\u00e1ginas a partir del cual cada uno de los jueces escribieron sus votos.<\/p>\n\n\n\n<p>La suerte de la dirigente estar\u00eda decidida:<strong>\u00a0ser\u00e1 condenada<\/strong>. La misma expresidenta lo dio por seguro ayer en el acto en la sede del Partido Justicialista (PJ), en el que plante\u00f3: \u201cEstar\u00a0<strong>presa\u00a0<\/strong>es un certificado de<strong>\u00a0dignidad<\/strong>\u201d. <\/p>\n\n\n\n<p>Los cinco argumentos del fallo que prepara la Corte Suprema para condenar a Cristina Kirchner <\/p>\n\n\n\n<ul class=\"wp-block-list\">\n<li>Todos los jueces coincidir\u00edan en\u00a0<strong>\u201cdenegar los recursos de queja\u201d\u00a0<\/strong>y confirmar la condena y la inhabilitaci\u00f3n para ejercer cargos p\u00fablicos.<\/li>\n\n\n\n<li>El punto central pasar\u00eda por analizar la maniobra defraudatoria y demostrar que tanto el Tribunal Oral Federal y la C\u00e1mara de Casaci\u00f3n\u00a0<strong>respetaron el derecho de defensa<\/strong>\u00a0de todos los condenados y no violaron ninguna de sus garant\u00edas constitucionales.<\/li>\n\n\n\n<li>En cuanto a la maniobra de defraudaci\u00f3n en perjuicio del Estado, seg\u00fan varias fuentes consultadas, el tribunal podr\u00eda hacer hincapi\u00e9 en que el mecanismo se articul\u00f3 con la permanente intervenci\u00f3n de\u00a0<strong>Cristina Kirchner<\/strong>\u00a0y\u00a0<strong>Jos\u00e9 L\u00f3pez<\/strong>. Y esa maniobra se extendi\u00f3 desde\u00a0<strong>2003<\/strong>, cuando gobernaba\u00a0\u00a0<strong>N\u00e9stor Kirchner<\/strong>, hasta el final del gobierno de Cristina en\u00a0<strong>2015<\/strong>. Una maniobra realizada al amparo del poder pol\u00edtico y que termin\u00f3 cuando Cristina termin\u00f3 su segundo mandato.<\/li>\n\n\n\n<li>\u00bfC\u00f3mo fue esa ingenier\u00eda? La estrategia para defraudar al Estado consisti\u00f3 en crear el conglomerado empresario\u00a0<strong>Austral Construcciones;<\/strong>\u00a0cartelizar el proceso licitatorio, que siempre fue irregular; la adjudicaci\u00f3n expr\u00e9s de cada obra p\u00fablica, en apenas\u00a0<strong>30 d\u00edas<\/strong>; la modificaci\u00f3n de cada obra encargada originariamente, para justificar nuevos pagos a\u00a0<strong>L\u00e1zaro B\u00e1ez<\/strong>; la ejecuci\u00f3n incompleta de las obras y, en todos los casos, el pago de sobreprecios. Todo lo cual gener\u00f3 un millonario perjuicio al Estado por el uso de dinero del erario p\u00fablico.<\/li>\n\n\n\n<li>Todos estos argumentos, en rigor, no son nuevos, sino que fueron desarrollados por los fiscales que intervinieron en la causa y fueron respaldados por las pruebas y avalados por los tribunales inferiores. Ahora, la Corte, si confirma la condena, har\u00eda una rese\u00f1a de esos hechos y dejar\u00eda firmes las condenas.<\/li>\n\n\n\n<li>El m\u00e1ximo tribunal rechazar\u00e1 tambi\u00e9n las objeciones que hicieron los abogados defensores por el hecho de que la Justicia no realiz\u00f3 un peritaje de cada uno de los\u00a0<strong>51 contratos<\/strong>\u00a0asignados por Cristina a\u00a0<strong>L\u00e1zaro B\u00e1ez<\/strong>. El tribunal aceptar\u00eda que el peritaje realizado, que se hizo por muestreo, fue absolutamente representativo de toda la maniobra.<\/li>\n\n\n\n<li>La C\u00e1mara de Casaci\u00f3n dio por probado que todas las obras fueron financiadas con dinero p\u00fablico y sin control de la\u00a0<strong>Direcci\u00f3n Nacional de Vialidad<\/strong>. Y Cristina y L\u00e1zaro fueron los beneficiarios directos de ese mecanismo. La Corte, cuando rechace las quejas, convalidar\u00e1 esa interpretaci\u00f3n.<\/li>\n\n\n\n<li>Para la Justicia \u2014seg\u00fan confi\u00f3 una fuente \u00a0la maniobra defraudatoria fue tan prolongada y compleja que solo pudo realizarse con la cooperaci\u00f3n de los funcionarios p\u00fablicos y al abrigo del poder. Por eso concluy\u00f3 en el mismo momento y en t\u00e9rmino el gobierno de Cristina.<\/li>\n\n\n\n<li>Esos fueron los principales argumentos desarrollados por la Casaci\u00f3n y\u00a0<strong>la Corte saldr\u00eda a respaldarlos<\/strong><\/li>\n<\/ul>\n\n\n\n<figure class=\"wp-block-gallery has-nested-images columns-default is-cropped wp-block-gallery-1 is-layout-flex wp-block-gallery-is-layout-flex\">\n<figure class=\"wp-block-image size-large\"><img loading=\"lazy\" decoding=\"async\" width=\"1024\" height=\"576\" data-id=\"2800\" src=\"https:\/\/pasahoy.com.ar\/ph\/wp-content\/uploads\/2025\/06\/1000411561-1024x576.png\" alt=\"\" class=\"wp-image-2800\" srcset=\"https:\/\/pasahoy.com.ar\/ph\/wp-content\/uploads\/2025\/06\/1000411561-1024x576.png 1024w, https:\/\/pasahoy.com.ar\/ph\/wp-content\/uploads\/2025\/06\/1000411561-300x169.png 300w, https:\/\/pasahoy.com.ar\/ph\/wp-content\/uploads\/2025\/06\/1000411561-768x432.png 768w, https:\/\/pasahoy.com.ar\/ph\/wp-content\/uploads\/2025\/06\/1000411561.png 1062w\" sizes=\"auto, (max-width: 1024px) 100vw, 1024px\" \/><\/figure>\n<\/figure>\n","protected":false},"excerpt":{"rendered":"<p>La reuni\u00f3n de acuerdo es a las 16 y fue convocada por el presidente del m\u00e1ximo tribunal, Horacio Rosatti. La expresidenta est\u00e1 condenada a seis a\u00f1os de prisi\u00f3n por corrupci\u00f3n. Los tres jueces de la\u00a0Corte Suprema\u00a0se re\u00fanen esta tarde, desde las 16.00, para definir si la expresidenta\u00a0Cristina Kirchner\u00a0va presa por la causa Vialidad. el titular [&hellip;]<\/p>\n","protected":false},"author":3,"featured_media":2800,"comment_status":"open","ping_status":"open","sticky":false,"template":"","format":"standard","meta":{"_jetpack_memberships_contains_paid_content":false,"footnotes":""},"categories":[2],"tags":[],"class_list":["post-2799","post","type-post","status-publish","format-standard","has-post-thumbnail","hentry","category-nacional"],"jetpack_featured_media_url":"https:\/\/pasahoy.com.ar\/ph\/wp-content\/uploads\/2025\/06\/1000411561.png","jetpack_sharing_enabled":true,"_links":{"self":[{"href":"https:\/\/pasahoy.com.ar\/ph\/wp-json\/wp\/v2\/posts\/2799","targetHints":{"allow":["GET"]}}],"collection":[{"href":"https:\/\/pasahoy.com.ar\/ph\/wp-json\/wp\/v2\/posts"}],"about":[{"href":"https:\/\/pasahoy.com.ar\/ph\/wp-json\/wp\/v2\/types\/post"}],"author":[{"embeddable":true,"href":"https:\/\/pasahoy.com.ar\/ph\/wp-json\/wp\/v2\/users\/3"}],"replies":[{"embeddable":true,"href":"https:\/\/pasahoy.com.ar\/ph\/wp-json\/wp\/v2\/comments?post=2799"}],"version-history":[{"count":1,"href":"https:\/\/pasahoy.com.ar\/ph\/wp-json\/wp\/v2\/posts\/2799\/revisions"}],"predecessor-version":[{"id":2801,"href":"https:\/\/pasahoy.com.ar\/ph\/wp-json\/wp\/v2\/posts\/2799\/revisions\/2801"}],"wp:featuredmedia":[{"embeddable":true,"href":"https:\/\/pasahoy.com.ar\/ph\/wp-json\/wp\/v2\/media\/2800"}],"wp:attachment":[{"href":"https:\/\/pasahoy.com.ar\/ph\/wp-json\/wp\/v2\/media?parent=2799"}],"wp:term":[{"taxonomy":"category","embeddable":true,"href":"https:\/\/pasahoy.com.ar\/ph\/wp-json\/wp\/v2\/categories?post=2799"},{"taxonomy":"post_tag","embeddable":true,"href":"https:\/\/pasahoy.com.ar\/ph\/wp-json\/wp\/v2\/tags?post=2799"}],"curies":[{"name":"wp","href":"https:\/\/api.w.org\/{rel}","templated":true}]}}