{"id":2792,"date":"2025-06-10T15:33:35","date_gmt":"2025-06-10T15:33:35","guid":{"rendered":"https:\/\/pasahoy.com.ar\/ph\/?p=2792"},"modified":"2025-06-10T15:33:54","modified_gmt":"2025-06-10T15:33:54","slug":"un-joven-ataco-a-tiros-a-sus-excompaneros-en-una-escuela-de-austria-hay-al-menos-10-muertos","status":"publish","type":"post","link":"https:\/\/pasahoy.com.ar\/ph\/un-joven-ataco-a-tiros-a-sus-excompaneros-en-una-escuela-de-austria-hay-al-menos-10-muertos\/","title":{"rendered":"Un joven atac\u00f3 a tiros a sus excompa\u00f1eros en una escuela de Austria: hay al menos 10 muertos"},"content":{"rendered":"\n<p>Entre las v\u00edctimas hay ocho alumnos, un adulto y el supuesto agresor. Habr\u00eda otros 28 heridos, algunos de ellos graves. <\/p>\n\n\n\n<p>Al menos diez personas &#8211;<strong>ocho alumnos, un adulto y el supuesto agresor<\/strong>&#8211; murieron este martes en un ataque a tiros en un colegio de la ciudad de Graz, en el sur de Austria, seg\u00fan confirm\u00f3 la alcaldesa, Elke Kahr.<\/p>\n\n\n\n<p>La pol\u00edtica, que calific\u00f3 el tiroteo de\u00a0<strong>\u201cterrible tragedia\u201d<\/strong>, afirm\u00f3 que muchos heridos fueron trasladados a hospitales.<\/p>\n\n\n\n<p>Algunos medios se\u00f1alan que&nbsp;<strong>hay al menos 28 heridos<\/strong>, cuatro de ellos en estado cr\u00edtico.<\/p>\n\n\n\n<p>Un voceo de la Polic\u00eda de Graz indic\u00f3 que el centro escolar fue evacuado y que se registr\u00f3 el edificio para descartar otros riesgos para la seguridad.<\/p>\n\n\n\n<h2 class=\"wp-block-heading\">C\u00f3mo fue el ataque en una escuela de Austria<\/h2>\n\n\n\n<p>El ataque comenz\u00f3&nbsp;<strong>sobre las 10.00 de la ma\u00f1ana<\/strong>&nbsp;en una escuela secundaria.<\/p>\n\n\n\n<p>Seg\u00fan el diario&nbsp;<em>Kronen Zeitung<\/em>,&nbsp;<strong>el supuesto agresor era estudiante del centro<\/strong>&nbsp;y&nbsp;<strong>hab\u00eda sido v\u00edctima de acoso escolar<\/strong>, mientras que el peri\u00f3dico&nbsp;<em>Salzburger Nachrichten<\/em>&nbsp;afirma que se trata de un&nbsp;<strong>exalumno de 22<\/strong>&nbsp;<strong>a\u00f1os<\/strong>.<\/p>\n\n\n\n<p>Ese medio se\u00f1ala que entr\u00f3 a dos aulas, una de ellas en la que estaban sus antiguos compa\u00f1eros, con<strong>&nbsp;una pistola y una escopeta<\/strong>&nbsp;que pose\u00eda legalmente.<\/p>\n\n\n\n<p>Diferentes medios se\u00f1alan que un cad\u00e1ver fue localizado en los ba\u00f1os y que podr\u00eda ser el del atacante, que se habr\u00eda quitado la vida. <\/p>\n\n\n\n<p>La zona alrededor del centro escolar fue acordonada y est\u00e1 vigilada por polic\u00edas fuertemente armados, y se ha desviado el tr\u00e1fico.<\/p>\n\n\n\n<p>Dentro de diez d\u00edas se cumple el d\u00e9cimo aniversario de un tiroteo en Graz en el que murieron tres personas.<\/p>\n\n\n\n<figure class=\"wp-block-gallery has-nested-images columns-default is-cropped wp-block-gallery-1 is-layout-flex wp-block-gallery-is-layout-flex\">\n<figure class=\"wp-block-image size-full\"><img loading=\"lazy\" decoding=\"async\" width=\"947\" height=\"798\" data-id=\"2794\" src=\"https:\/\/pasahoy.com.ar\/ph\/wp-content\/uploads\/2025\/06\/1000411544.png\" alt=\"\" class=\"wp-image-2794\" srcset=\"https:\/\/pasahoy.com.ar\/ph\/wp-content\/uploads\/2025\/06\/1000411544.png 947w, https:\/\/pasahoy.com.ar\/ph\/wp-content\/uploads\/2025\/06\/1000411544-300x253.png 300w, https:\/\/pasahoy.com.ar\/ph\/wp-content\/uploads\/2025\/06\/1000411544-768x647.png 768w\" sizes=\"auto, (max-width: 947px) 100vw, 947px\" \/><\/figure>\n\n\n\n<figure class=\"wp-block-image size-large\"><img loading=\"lazy\" decoding=\"async\" width=\"961\" height=\"548\" data-id=\"2793\" src=\"https:\/\/pasahoy.com.ar\/ph\/wp-content\/uploads\/2025\/06\/1000411536.png\" alt=\"\" class=\"wp-image-2793\" srcset=\"https:\/\/pasahoy.com.ar\/ph\/wp-content\/uploads\/2025\/06\/1000411536.png 961w, https:\/\/pasahoy.com.ar\/ph\/wp-content\/uploads\/2025\/06\/1000411536-300x171.png 300w, https:\/\/pasahoy.com.ar\/ph\/wp-content\/uploads\/2025\/06\/1000411536-768x438.png 768w\" sizes=\"auto, (max-width: 961px) 100vw, 961px\" \/><\/figure>\n<\/figure>\n","protected":false},"excerpt":{"rendered":"<p>Entre las v\u00edctimas hay ocho alumnos, un adulto y el supuesto agresor. Habr\u00eda otros 28 heridos, algunos de ellos graves. Al menos diez personas &#8211;ocho alumnos, un adulto y el supuesto agresor&#8211; murieron este martes en un ataque a tiros en un colegio de la ciudad de Graz, en el sur de Austria, seg\u00fan confirm\u00f3 [&hellip;]<\/p>\n","protected":false},"author":3,"featured_media":2794,"comment_status":"open","ping_status":"open","sticky":false,"template":"","format":"standard","meta":{"_jetpack_memberships_contains_paid_content":false,"footnotes":""},"categories":[3],"tags":[],"class_list":["post-2792","post","type-post","status-publish","format-standard","has-post-thumbnail","hentry","category-internacional"],"jetpack_featured_media_url":"https:\/\/pasahoy.com.ar\/ph\/wp-content\/uploads\/2025\/06\/1000411544.png","jetpack_sharing_enabled":true,"_links":{"self":[{"href":"https:\/\/pasahoy.com.ar\/ph\/wp-json\/wp\/v2\/posts\/2792","targetHints":{"allow":["GET"]}}],"collection":[{"href":"https:\/\/pasahoy.com.ar\/ph\/wp-json\/wp\/v2\/posts"}],"about":[{"href":"https:\/\/pasahoy.com.ar\/ph\/wp-json\/wp\/v2\/types\/post"}],"author":[{"embeddable":true,"href":"https:\/\/pasahoy.com.ar\/ph\/wp-json\/wp\/v2\/users\/3"}],"replies":[{"embeddable":true,"href":"https:\/\/pasahoy.com.ar\/ph\/wp-json\/wp\/v2\/comments?post=2792"}],"version-history":[{"count":1,"href":"https:\/\/pasahoy.com.ar\/ph\/wp-json\/wp\/v2\/posts\/2792\/revisions"}],"predecessor-version":[{"id":2795,"href":"https:\/\/pasahoy.com.ar\/ph\/wp-json\/wp\/v2\/posts\/2792\/revisions\/2795"}],"wp:featuredmedia":[{"embeddable":true,"href":"https:\/\/pasahoy.com.ar\/ph\/wp-json\/wp\/v2\/media\/2794"}],"wp:attachment":[{"href":"https:\/\/pasahoy.com.ar\/ph\/wp-json\/wp\/v2\/media?parent=2792"}],"wp:term":[{"taxonomy":"category","embeddable":true,"href":"https:\/\/pasahoy.com.ar\/ph\/wp-json\/wp\/v2\/categories?post=2792"},{"taxonomy":"post_tag","embeddable":true,"href":"https:\/\/pasahoy.com.ar\/ph\/wp-json\/wp\/v2\/tags?post=2792"}],"curies":[{"name":"wp","href":"https:\/\/api.w.org\/{rel}","templated":true}]}}