{"id":2780,"date":"2025-06-10T15:16:21","date_gmt":"2025-06-10T15:16:21","guid":{"rendered":"https:\/\/pasahoy.com.ar\/ph\/?p=2780"},"modified":"2025-06-10T15:16:33","modified_gmt":"2025-06-10T15:16:33","slug":"el-caso-real-detras-de-la-viuda-negra-la-pelicula-tendencia-de-netflix","status":"publish","type":"post","link":"https:\/\/pasahoy.com.ar\/ph\/el-caso-real-detras-de-la-viuda-negra-la-pelicula-tendencia-de-netflix\/","title":{"rendered":"El caso real detr\u00e1s de La Viuda Negra, la pel\u00edcula tendencia de Netflix"},"content":{"rendered":"\n<p>El estremecedor asesinato que inspir\u00f3 la pel\u00edcula espa\u00f1ola m\u00e1s vista del momento. <\/p>\n\n\n\n<p><a href=\"https:\/\/www.pronto.com.ar\/temas\/netflix-139.html\"><strong>Netflix<\/strong><\/a>&nbsp;volvi\u00f3 a conquistar a su audiencia con una de esas historias que combinan suspenso, crimen y realidad.&nbsp;<a href=\"https:\/\/www.pronto.com.ar\/television\/2025\/6\/2\/furor-en-netflix-la-nueva-pelicula-basada-en-una-historia-real-que-se-ubica-en-el-top-en-argentina-258061.html\"><strong>La Viuda Negra<\/strong><\/a>, una producci\u00f3n espa\u00f1ola que ya se encuentra entre lo m\u00e1s visto en la plataforma en Argentina, toma como base un&nbsp;<strong>escalofriante<\/strong>&nbsp;hecho real que conmocion\u00f3 a toda Espa\u00f1a en 2017. Lo que empieza como un thriller con tintes cl\u00e1sicos de traici\u00f3n y enga\u00f1o, pronto se revela como un retrato fiel de uno de los cr\u00edmenes m\u00e1s fr\u00edamente calculados de los \u00faltimos a\u00f1os.<\/p>\n\n\n\n<p>La pel\u00edcula, dirigida por Carlos Sedes,&nbsp;<strong>gira en torno al asesinato del ingeniero Antonio Navarro Cerd\u00e1n, ocurrido en Valencia<\/strong>. En una ma\u00f1ana com\u00fan, Antonio baj\u00f3 al garaje de su edificio para ir a trabajar y nunca volvi\u00f3. Fue atacado con una violencia brutal: varias pu\u00f1aladas que le perforaron \u00f3rganos vitales. Sin testigos, sin c\u00e1maras, y con sus pertenencias intactas, la escena del crimen parec\u00eda sacada de una novela negra. Pero lo que parec\u00eda un robo al azar pronto mostr\u00f3 otra cara: la de una traici\u00f3n \u00edntima.<\/p>\n\n\n\n<p>Las sospechas comenzaron a centrarse en Mar\u00eda Jes\u00fas Moreno Cant\u00f3, conocida como \u201cMaje\u201d,&nbsp;<strong>la esposa de la v\u00edctima<\/strong>. Su relato inicial ante la Polic\u00eda parec\u00eda s\u00f3lido, pero con el correr de los d\u00edas empez\u00f3 a desmoronarse. Las contradicciones se hicieron evidentes y, tras investigar su entorno, los agentes descubrieron que Maje llevaba una vida oculta. Manten\u00eda m\u00faltiples relaciones paralelas, una de ellas con Salvador Rodrigo, compa\u00f1ero de trabajo, casado y veinte a\u00f1os mayor.<\/p>\n\n\n\n<p>Convencido por Maje de que Antonio era un&nbsp;<strong>obst\u00e1culo para su felicidad<\/strong>, Salvador fue quien termin\u00f3 ejecutando el asesinato. Lo hizo creyendo que con ese acto sellaba un futuro junto a ella. Pero la historia no tard\u00f3 en enredarse a\u00fan m\u00e1s: la Polic\u00eda hab\u00eda intervenido el tel\u00e9fono de Maje y grab\u00f3 una conversaci\u00f3n clave en una cafeter\u00eda, donde ambos hablaban del crimen en detalle. Esa prueba fue fundamental para avanzar con la detenci\u00f3n y esclarecer el plan detr\u00e1s del homicidio.<\/p>\n\n\n\n<p>Con el avance del caso, se revelaron otros m\u00f3viles, adem\u00e1s del sentimental. Maje estaba al tanto de varios seguros de vida a nombre de Antonio, as\u00ed como de una futura herencia y una pensi\u00f3n por viudez. Todo indicaba que el asesinato no fue un impulso pasional, sino un plan premeditado con m\u00faltiples intereses. En enero de 2018 ambos fueron arrestados. En un primer momento, Salvador se declar\u00f3 \u00fanico responsable, pero luego, al enterarse de los otros amantes de Maje \u2014incluso dentro de la c\u00e1rcel\u2014, cambi\u00f3 su versi\u00f3n y la se\u00f1al\u00f3 como la mente detr\u00e1s del crimen.<\/p>\n\n\n\n<p>El juicio se realiz\u00f3 en 2020 y termin\u00f3 con una condena ejemplar: Maje recibi\u00f3 22 a\u00f1os de prisi\u00f3n, mientras que Salvador fue sentenciado a 17, aunque con una reducci\u00f3n por su colaboraci\u00f3n. La crudeza del caso, conocido como el \u201cCrimen de Patraix\u201d, sigue generando escalofr\u00edos. Ahora, gracias a su adaptaci\u00f3n cinematogr\u00e1fica, vuelve a estar en boca de todos, record\u00e1ndonos que, a veces, la realidad puede ser a\u00fan m\u00e1s perturbadora que la ficci\u00f3n.<\/p>\n\n\n\n<figure class=\"wp-block-gallery has-nested-images columns-default is-cropped wp-block-gallery-1 is-layout-flex wp-block-gallery-is-layout-flex\">\n<figure class=\"wp-block-image size-large\"><img loading=\"lazy\" decoding=\"async\" width=\"925\" height=\"549\" data-id=\"2781\" src=\"https:\/\/pasahoy.com.ar\/ph\/wp-content\/uploads\/2025\/06\/1000411510.png\" alt=\"\" class=\"wp-image-2781\" srcset=\"https:\/\/pasahoy.com.ar\/ph\/wp-content\/uploads\/2025\/06\/1000411510.png 925w, https:\/\/pasahoy.com.ar\/ph\/wp-content\/uploads\/2025\/06\/1000411510-300x178.png 300w, https:\/\/pasahoy.com.ar\/ph\/wp-content\/uploads\/2025\/06\/1000411510-768x456.png 768w\" sizes=\"auto, (max-width: 925px) 100vw, 925px\" \/><\/figure>\n<\/figure>\n","protected":false},"excerpt":{"rendered":"<p>El estremecedor asesinato que inspir\u00f3 la pel\u00edcula espa\u00f1ola m\u00e1s vista del momento. Netflix&nbsp;volvi\u00f3 a conquistar a su audiencia con una de esas historias que combinan suspenso, crimen y realidad.&nbsp;La Viuda Negra, una producci\u00f3n espa\u00f1ola que ya se encuentra entre lo m\u00e1s visto en la plataforma en Argentina, toma como base un&nbsp;escalofriante&nbsp;hecho real que conmocion\u00f3 a [&hellip;]<\/p>\n","protected":false},"author":3,"featured_media":2781,"comment_status":"open","ping_status":"open","sticky":false,"template":"","format":"standard","meta":{"_jetpack_memberships_contains_paid_content":false,"footnotes":""},"categories":[5],"tags":[],"class_list":["post-2780","post","type-post","status-publish","format-standard","has-post-thumbnail","hentry","category-espectaculo"],"jetpack_featured_media_url":"https:\/\/pasahoy.com.ar\/ph\/wp-content\/uploads\/2025\/06\/1000411510.png","jetpack_sharing_enabled":true,"_links":{"self":[{"href":"https:\/\/pasahoy.com.ar\/ph\/wp-json\/wp\/v2\/posts\/2780","targetHints":{"allow":["GET"]}}],"collection":[{"href":"https:\/\/pasahoy.com.ar\/ph\/wp-json\/wp\/v2\/posts"}],"about":[{"href":"https:\/\/pasahoy.com.ar\/ph\/wp-json\/wp\/v2\/types\/post"}],"author":[{"embeddable":true,"href":"https:\/\/pasahoy.com.ar\/ph\/wp-json\/wp\/v2\/users\/3"}],"replies":[{"embeddable":true,"href":"https:\/\/pasahoy.com.ar\/ph\/wp-json\/wp\/v2\/comments?post=2780"}],"version-history":[{"count":1,"href":"https:\/\/pasahoy.com.ar\/ph\/wp-json\/wp\/v2\/posts\/2780\/revisions"}],"predecessor-version":[{"id":2782,"href":"https:\/\/pasahoy.com.ar\/ph\/wp-json\/wp\/v2\/posts\/2780\/revisions\/2782"}],"wp:featuredmedia":[{"embeddable":true,"href":"https:\/\/pasahoy.com.ar\/ph\/wp-json\/wp\/v2\/media\/2781"}],"wp:attachment":[{"href":"https:\/\/pasahoy.com.ar\/ph\/wp-json\/wp\/v2\/media?parent=2780"}],"wp:term":[{"taxonomy":"category","embeddable":true,"href":"https:\/\/pasahoy.com.ar\/ph\/wp-json\/wp\/v2\/categories?post=2780"},{"taxonomy":"post_tag","embeddable":true,"href":"https:\/\/pasahoy.com.ar\/ph\/wp-json\/wp\/v2\/tags?post=2780"}],"curies":[{"name":"wp","href":"https:\/\/api.w.org\/{rel}","templated":true}]}}