{"id":2775,"date":"2025-06-10T15:12:20","date_gmt":"2025-06-10T15:12:20","guid":{"rendered":"https:\/\/pasahoy.com.ar\/ph\/?p=2775"},"modified":"2025-06-10T15:12:36","modified_gmt":"2025-06-10T15:12:36","slug":"maraton-30-aniversario-de-edelar","status":"publish","type":"post","link":"https:\/\/pasahoy.com.ar\/ph\/maraton-30-aniversario-de-edelar\/","title":{"rendered":"MARATON 30 ANIVERSARIO DE EDELAR"},"content":{"rendered":"\n<p>El Secretario de Deportes Jorge C\u00f3rdoba y el Subsecretario de Deportes, juntos al Presidente de Edelar Jer\u00f3nimo Quintela presentaron oficialmente, mediante Conferencia de Prensa, la nueva marat\u00f3n la Marat\u00f3n Aniversario 30 a\u00f1os de EDELAR.<br>Esta actividad se llevar\u00e1 a cabo el s\u00e1bado 14 de junio y tendr\u00e1 lugar en el Parque de la Familia, para todas y todos los empleados de la empresa y, adem\u00e1s, para los amantes del atletismo. Contaran con las categor\u00edas 3 km participativas, 6km y 9 km competitivas.<\/p>\n\n\n\n<p>El secretario de Deporte Jorge C\u00f3rdoba destac\u00f3 el gran trabajo en equipo que se realiza para el crecimiento del deporte en nuestra provincia. Mientras que el Presidente de Edelar, Jer\u00f3nimo Quintela expreso su gran alegrisa y contento por llevar a cabo la primera maraton de la empresa.<\/p>\n\n\n\n<p>En cuanto el Subsecretario de Deportes Facundo Ocampo present\u00f3, durante la conferencia el Programa de Alimentaci\u00f3n Deportiva \u201cUn peque\u00f1o gesto, una gran ayuda\u201d, que tiene como objetivo garantizar el derecho a la alimentaci\u00f3n a las instituciones que m\u00e1s lo necesitan. Esta iniciativa se pondr\u00e1 en trabajo en dicha marat\u00f3n que consiste en donar un alimento no perecedero.<\/p>\n\n\n\n<figure class=\"wp-block-gallery has-nested-images columns-default is-cropped wp-block-gallery-1 is-layout-flex wp-block-gallery-is-layout-flex\">\n<figure class=\"wp-block-image size-large\"><img loading=\"lazy\" decoding=\"async\" width=\"1024\" height=\"682\" data-id=\"2777\" src=\"https:\/\/pasahoy.com.ar\/ph\/wp-content\/uploads\/2025\/06\/1000411501-1024x682.jpg\" alt=\"\" class=\"wp-image-2777\" srcset=\"https:\/\/pasahoy.com.ar\/ph\/wp-content\/uploads\/2025\/06\/1000411501-1024x682.jpg 1024w, https:\/\/pasahoy.com.ar\/ph\/wp-content\/uploads\/2025\/06\/1000411501-300x200.jpg 300w, https:\/\/pasahoy.com.ar\/ph\/wp-content\/uploads\/2025\/06\/1000411501-768x512.jpg 768w, https:\/\/pasahoy.com.ar\/ph\/wp-content\/uploads\/2025\/06\/1000411501.jpg 1280w\" sizes=\"auto, (max-width: 1024px) 100vw, 1024px\" \/><\/figure>\n\n\n\n<figure class=\"wp-block-image size-large\"><img loading=\"lazy\" decoding=\"async\" width=\"1024\" height=\"682\" data-id=\"2776\" src=\"https:\/\/pasahoy.com.ar\/ph\/wp-content\/uploads\/2025\/06\/1000411489-1024x682.jpg\" alt=\"\" class=\"wp-image-2776\" srcset=\"https:\/\/pasahoy.com.ar\/ph\/wp-content\/uploads\/2025\/06\/1000411489-1024x682.jpg 1024w, https:\/\/pasahoy.com.ar\/ph\/wp-content\/uploads\/2025\/06\/1000411489-300x200.jpg 300w, https:\/\/pasahoy.com.ar\/ph\/wp-content\/uploads\/2025\/06\/1000411489-768x512.jpg 768w, https:\/\/pasahoy.com.ar\/ph\/wp-content\/uploads\/2025\/06\/1000411489.jpg 1280w\" sizes=\"auto, (max-width: 1024px) 100vw, 1024px\" \/><\/figure>\n\n\n\n<figure class=\"wp-block-image size-large\"><img loading=\"lazy\" decoding=\"async\" width=\"1024\" height=\"682\" data-id=\"2778\" src=\"https:\/\/pasahoy.com.ar\/ph\/wp-content\/uploads\/2025\/06\/1000411486-1024x682.jpg\" alt=\"\" class=\"wp-image-2778\" srcset=\"https:\/\/pasahoy.com.ar\/ph\/wp-content\/uploads\/2025\/06\/1000411486-1024x682.jpg 1024w, https:\/\/pasahoy.com.ar\/ph\/wp-content\/uploads\/2025\/06\/1000411486-300x200.jpg 300w, https:\/\/pasahoy.com.ar\/ph\/wp-content\/uploads\/2025\/06\/1000411486-768x512.jpg 768w, https:\/\/pasahoy.com.ar\/ph\/wp-content\/uploads\/2025\/06\/1000411486.jpg 1280w\" sizes=\"auto, (max-width: 1024px) 100vw, 1024px\" \/><\/figure>\n<\/figure>\n","protected":false},"excerpt":{"rendered":"<p>El Secretario de Deportes Jorge C\u00f3rdoba y el Subsecretario de Deportes, juntos al Presidente de Edelar Jer\u00f3nimo Quintela presentaron oficialmente, mediante Conferencia de Prensa, la nueva marat\u00f3n la Marat\u00f3n Aniversario 30 a\u00f1os de EDELAR.Esta actividad se llevar\u00e1 a cabo el s\u00e1bado 14 de junio y tendr\u00e1 lugar en el Parque de la Familia, para todas [&hellip;]<\/p>\n","protected":false},"author":3,"featured_media":2777,"comment_status":"open","ping_status":"open","sticky":false,"template":"","format":"standard","meta":{"_jetpack_memberships_contains_paid_content":false,"footnotes":""},"categories":[4],"tags":[],"class_list":["post-2775","post","type-post","status-publish","format-standard","has-post-thumbnail","hentry","category-deporte"],"jetpack_featured_media_url":"https:\/\/pasahoy.com.ar\/ph\/wp-content\/uploads\/2025\/06\/1000411501.jpg","jetpack_sharing_enabled":true,"_links":{"self":[{"href":"https:\/\/pasahoy.com.ar\/ph\/wp-json\/wp\/v2\/posts\/2775","targetHints":{"allow":["GET"]}}],"collection":[{"href":"https:\/\/pasahoy.com.ar\/ph\/wp-json\/wp\/v2\/posts"}],"about":[{"href":"https:\/\/pasahoy.com.ar\/ph\/wp-json\/wp\/v2\/types\/post"}],"author":[{"embeddable":true,"href":"https:\/\/pasahoy.com.ar\/ph\/wp-json\/wp\/v2\/users\/3"}],"replies":[{"embeddable":true,"href":"https:\/\/pasahoy.com.ar\/ph\/wp-json\/wp\/v2\/comments?post=2775"}],"version-history":[{"count":1,"href":"https:\/\/pasahoy.com.ar\/ph\/wp-json\/wp\/v2\/posts\/2775\/revisions"}],"predecessor-version":[{"id":2779,"href":"https:\/\/pasahoy.com.ar\/ph\/wp-json\/wp\/v2\/posts\/2775\/revisions\/2779"}],"wp:featuredmedia":[{"embeddable":true,"href":"https:\/\/pasahoy.com.ar\/ph\/wp-json\/wp\/v2\/media\/2777"}],"wp:attachment":[{"href":"https:\/\/pasahoy.com.ar\/ph\/wp-json\/wp\/v2\/media?parent=2775"}],"wp:term":[{"taxonomy":"category","embeddable":true,"href":"https:\/\/pasahoy.com.ar\/ph\/wp-json\/wp\/v2\/categories?post=2775"},{"taxonomy":"post_tag","embeddable":true,"href":"https:\/\/pasahoy.com.ar\/ph\/wp-json\/wp\/v2\/tags?post=2775"}],"curies":[{"name":"wp","href":"https:\/\/api.w.org\/{rel}","templated":true}]}}