{"id":2766,"date":"2025-06-10T15:07:11","date_gmt":"2025-06-10T15:07:11","guid":{"rendered":"https:\/\/pasahoy.com.ar\/ph\/?p=2766"},"modified":"2025-06-10T15:07:11","modified_gmt":"2025-06-10T15:07:11","slug":"capacitan-en-higiene-alimentaria-a-comerciantes-y-referentes-de-merenderos-y-comedores-comunitarios","status":"publish","type":"post","link":"https:\/\/pasahoy.com.ar\/ph\/capacitan-en-higiene-alimentaria-a-comerciantes-y-referentes-de-merenderos-y-comedores-comunitarios\/","title":{"rendered":"Capacitan en higiene alimentaria a comerciantes y referentes de merenderos y comedores comunitarios"},"content":{"rendered":"\n<p><em>Organizado por el Ministerio de Salud en articulaci\u00f3n con el Ministerio de Desarrollo Social, el curso incluy\u00f3 instancias te\u00f3ricas y pr\u00e1cticas, y entreg\u00f3 carnets sanitarios a los participantes. La iniciativa apunta a mejorar la seguridad alimentaria en comedores, merenderos y espacios comerciales de toda la Provincia.<\/em><\/p>\n\n\n\n<figure class=\"wp-block-gallery has-nested-images columns-default is-cropped wp-block-gallery-1 is-layout-flex wp-block-gallery-is-layout-flex\">\n<figure class=\"wp-block-image size-large\"><img loading=\"lazy\" decoding=\"async\" width=\"1024\" height=\"654\" data-id=\"2767\" src=\"https:\/\/pasahoy.com.ar\/ph\/wp-content\/uploads\/2025\/06\/1000411472-1024x654.jpg\" alt=\"\" class=\"wp-image-2767\" srcset=\"https:\/\/pasahoy.com.ar\/ph\/wp-content\/uploads\/2025\/06\/1000411472-1024x654.jpg 1024w, https:\/\/pasahoy.com.ar\/ph\/wp-content\/uploads\/2025\/06\/1000411472-300x191.jpg 300w, https:\/\/pasahoy.com.ar\/ph\/wp-content\/uploads\/2025\/06\/1000411472-768x490.jpg 768w, https:\/\/pasahoy.com.ar\/ph\/wp-content\/uploads\/2025\/06\/1000411472.jpg 1280w\" sizes=\"auto, (max-width: 1024px) 100vw, 1024px\" \/><\/figure>\n\n\n\n<figure class=\"wp-block-image size-large\"><img loading=\"lazy\" decoding=\"async\" width=\"1024\" height=\"612\" data-id=\"2770\" src=\"https:\/\/pasahoy.com.ar\/ph\/wp-content\/uploads\/2025\/06\/1000411466-1024x612.jpg\" alt=\"\" class=\"wp-image-2770\" srcset=\"https:\/\/pasahoy.com.ar\/ph\/wp-content\/uploads\/2025\/06\/1000411466-1024x612.jpg 1024w, https:\/\/pasahoy.com.ar\/ph\/wp-content\/uploads\/2025\/06\/1000411466-300x179.jpg 300w, https:\/\/pasahoy.com.ar\/ph\/wp-content\/uploads\/2025\/06\/1000411466-768x459.jpg 768w, https:\/\/pasahoy.com.ar\/ph\/wp-content\/uploads\/2025\/06\/1000411466.jpg 1280w\" sizes=\"auto, (max-width: 1024px) 100vw, 1024px\" \/><\/figure>\n\n\n\n<figure class=\"wp-block-image size-large\"><img loading=\"lazy\" decoding=\"async\" width=\"1024\" height=\"682\" data-id=\"2768\" src=\"https:\/\/pasahoy.com.ar\/ph\/wp-content\/uploads\/2025\/06\/1000411468-1024x682.jpg\" alt=\"\" class=\"wp-image-2768\" srcset=\"https:\/\/pasahoy.com.ar\/ph\/wp-content\/uploads\/2025\/06\/1000411468-1024x682.jpg 1024w, https:\/\/pasahoy.com.ar\/ph\/wp-content\/uploads\/2025\/06\/1000411468-300x200.jpg 300w, https:\/\/pasahoy.com.ar\/ph\/wp-content\/uploads\/2025\/06\/1000411468-768x512.jpg 768w, https:\/\/pasahoy.com.ar\/ph\/wp-content\/uploads\/2025\/06\/1000411468.jpg 1280w\" sizes=\"auto, (max-width: 1024px) 100vw, 1024px\" \/><\/figure>\n\n\n\n<figure class=\"wp-block-image size-large\"><img loading=\"lazy\" decoding=\"async\" width=\"1024\" height=\"682\" data-id=\"2769\" src=\"https:\/\/pasahoy.com.ar\/ph\/wp-content\/uploads\/2025\/06\/1000411470-1024x682.jpg\" alt=\"\" class=\"wp-image-2769\" srcset=\"https:\/\/pasahoy.com.ar\/ph\/wp-content\/uploads\/2025\/06\/1000411470-1024x682.jpg 1024w, https:\/\/pasahoy.com.ar\/ph\/wp-content\/uploads\/2025\/06\/1000411470-300x200.jpg 300w, https:\/\/pasahoy.com.ar\/ph\/wp-content\/uploads\/2025\/06\/1000411470-768x512.jpg 768w, https:\/\/pasahoy.com.ar\/ph\/wp-content\/uploads\/2025\/06\/1000411470.jpg 1280w\" sizes=\"auto, (max-width: 1024px) 100vw, 1024px\" \/><\/figure>\n<\/figure>\n\n\n\n<p>El Ministerio de Salud llev\u00f3 adelante un curso de manipulaci\u00f3n de alimentos destinado a comerciantes, referentes de merenderos y comedores comunitarios que dependen del Ministerio de Desarrollo Social, Igualdad e Integraci\u00f3n Social.<br>Esta acci\u00f3n, articulada entre ambos ministerios, reafirma el compromiso del Gobierno provincial con la salud p\u00fablica, la inclusi\u00f3n social y el fortalecimiento de quienes garantizan a diario un plato de comida en hogares y espacios comunitarios de toda La Rioja.<br>La capacitaci\u00f3n se desarroll\u00f3 en dos jornadas intensivas, con instancias te\u00f3ricas y pr\u00e1cticas, y un enfoque centrado en la prevenci\u00f3n de enfermedades transmitidas por alimentos. Al finalizar, las y los participantes recibieron su carnet sanitario, una herramienta indispensable para quienes manipulan alimentos en \u00e1mbitos comunitarios y comerciales.<\/p>\n\n\n\n<p><em>Acci\u00f3n clave<\/em><br>Durante el acto de apertura, el ministro de Salud, Juan Carlos Vergara, destac\u00f3 la importancia de estas instancias formativas: \u201cCapacitar en la correcta manipulaci\u00f3n de alimentos es una acci\u00f3n clave de prevenci\u00f3n que permite tener una comunidad m\u00e1s sana y evitar enfermedades\u201d.<br>\u201cLas pr\u00e1cticas seguras de higiene, conservaci\u00f3n y preparaci\u00f3n minimizan los riesgos sanitarios. Si promovemos el conocimiento y la responsabilidad, vamos a mejorar la calidad del servicio y proteger la salud de quienes m\u00e1s lo necesitan\u201d, agreg\u00f3 Vergara.<\/p>\n\n\n\n<p><em>Mejorar la calidad de vida<\/em><br>Por su parte, el ministro de Desarrollo Social, Alfredo Menem, subray\u00f3 el impacto social de la iniciativa: \u201cTodos los d\u00edas dise\u00f1amos estrategias para llegar con soluciones que mejoren la calidad de vida de la gente. El carnet sanitario que van a recibir es fundamental porque brinda seguridad tanto a quienes consumen los alimentos como a quienes los preparan y venden. Tenemos comerciantes y referentes comunitarios que, desde lo comercial o lo social, trabajan con la gente todos los d\u00edas\u201d.<br>Participaron de la jornada la secretaria de Prevenci\u00f3n y Promoci\u00f3n de la Salud, Marcia Ticac; la secretaria de Inclusi\u00f3n y Desarrollo Social, Luc\u00eda D\u00edaz Chiavassa; la subsecretaria de Seguridad Alimentaria, Sof\u00eda Gait\u00e1n; la subsecretaria de Planificaci\u00f3n y Ejecuci\u00f3n de Programas, Romina Cuello; el subsecretario de Atenci\u00f3n Primaria de la Salud, Adolfo Vega; y el director de Seguridad Alimentaria, Esteban Giovanini.<\/p>\n","protected":false},"excerpt":{"rendered":"<p>Organizado por el Ministerio de Salud en articulaci\u00f3n con el Ministerio de Desarrollo Social, el curso incluy\u00f3 instancias te\u00f3ricas y pr\u00e1cticas, y entreg\u00f3 carnets sanitarios a los participantes. La iniciativa apunta a mejorar la seguridad alimentaria en comedores, merenderos y espacios comerciales de toda la Provincia. El Ministerio de Salud llev\u00f3 adelante un curso de [&hellip;]<\/p>\n","protected":false},"author":3,"featured_media":2767,"comment_status":"open","ping_status":"open","sticky":false,"template":"","format":"standard","meta":{"_jetpack_memberships_contains_paid_content":false,"footnotes":""},"categories":[1],"tags":[],"class_list":["post-2766","post","type-post","status-publish","format-standard","has-post-thumbnail","hentry","category-local"],"jetpack_featured_media_url":"https:\/\/pasahoy.com.ar\/ph\/wp-content\/uploads\/2025\/06\/1000411472.jpg","jetpack_sharing_enabled":true,"_links":{"self":[{"href":"https:\/\/pasahoy.com.ar\/ph\/wp-json\/wp\/v2\/posts\/2766","targetHints":{"allow":["GET"]}}],"collection":[{"href":"https:\/\/pasahoy.com.ar\/ph\/wp-json\/wp\/v2\/posts"}],"about":[{"href":"https:\/\/pasahoy.com.ar\/ph\/wp-json\/wp\/v2\/types\/post"}],"author":[{"embeddable":true,"href":"https:\/\/pasahoy.com.ar\/ph\/wp-json\/wp\/v2\/users\/3"}],"replies":[{"embeddable":true,"href":"https:\/\/pasahoy.com.ar\/ph\/wp-json\/wp\/v2\/comments?post=2766"}],"version-history":[{"count":1,"href":"https:\/\/pasahoy.com.ar\/ph\/wp-json\/wp\/v2\/posts\/2766\/revisions"}],"predecessor-version":[{"id":2771,"href":"https:\/\/pasahoy.com.ar\/ph\/wp-json\/wp\/v2\/posts\/2766\/revisions\/2771"}],"wp:featuredmedia":[{"embeddable":true,"href":"https:\/\/pasahoy.com.ar\/ph\/wp-json\/wp\/v2\/media\/2767"}],"wp:attachment":[{"href":"https:\/\/pasahoy.com.ar\/ph\/wp-json\/wp\/v2\/media?parent=2766"}],"wp:term":[{"taxonomy":"category","embeddable":true,"href":"https:\/\/pasahoy.com.ar\/ph\/wp-json\/wp\/v2\/categories?post=2766"},{"taxonomy":"post_tag","embeddable":true,"href":"https:\/\/pasahoy.com.ar\/ph\/wp-json\/wp\/v2\/tags?post=2766"}],"curies":[{"name":"wp","href":"https:\/\/api.w.org\/{rel}","templated":true}]}}