{"id":2763,"date":"2025-06-10T15:03:52","date_gmt":"2025-06-10T15:03:52","guid":{"rendered":"https:\/\/pasahoy.com.ar\/ph\/?p=2763"},"modified":"2025-06-10T15:03:52","modified_gmt":"2025-06-10T15:03:52","slug":"se-suspende-la-feria-del-libro-2025-por-las-politicas-implementadas-por-el-gobierno-nacional","status":"publish","type":"post","link":"https:\/\/pasahoy.com.ar\/ph\/se-suspende-la-feria-del-libro-2025-por-las-politicas-implementadas-por-el-gobierno-nacional\/","title":{"rendered":"SE SUSPENDE LA FERIA DEL LIBRO 2025 POR LAS POL\u00cdTICAS IMPLEMENTADAS POR EL GOBIERNO NACIONAL"},"content":{"rendered":"\n<p>En un contexto econ\u00f3mico sumamente adverso, provocado por las pol\u00edticas implementadas por el Gobierno Nacional y sus efectos directos sobre las finanzas provinciales, el Gobierno de la Provincia se ve en la obligaci\u00f3n -con profundo pesar- de suspender la 23\u00b0 edici\u00f3n de la Feria del Libro de La Rioja, prevista entre el 2 y el 13 de julio del presente a\u00f1o.<\/p>\n\n\n\n<p>Esta dif\u00edcil decisi\u00f3n se enmarca en un escenario de ajuste sin precedentes, y que afecta gravemente a las provincias con recortes dr\u00e1sticos de fondos, ca\u00edda de la coparticipaci\u00f3n y eliminaci\u00f3n de programas federales de financiamiento, todas herramientas esenciales para sostener las pol\u00edticas p\u00fablicas.<\/p>\n\n\n\n<p>Ante esta situaci\u00f3n, el Estado provincial debe priorizar la prestaci\u00f3n de servicios como salud, educaci\u00f3n, seguridad y asistencia social, pilares que garantizan la cohesi\u00f3n y el bienestar de nuestra comunidad, sin que esto signifique ir en detrimento de un hecho cultural e identitario como la Feria del Libro, de suma trascendencia e integralidad en su programaci\u00f3n, y cuyo impacto puede verse reflejado, por ejemplo, en sectores clave como el turismo, el comercio y la producci\u00f3n local, entre otros.<\/p>\n\n\n\n<p>Es justamente por su relevancia que esta decisi\u00f3n refleja el profundo da\u00f1o que provoca el actual escenario econ\u00f3mico, que impide al Estado provincial sostener, en este momento, la inversi\u00f3n para iniciativas de esta magnitud que, adem\u00e1s, conforman un espacio ineludible de referencia, pensamiento cr\u00edtico y construcci\u00f3n colectiva.<\/p>\n\n\n\n<p>Expresamos con sinceridad nuestro pesar e inquietud ante esta situaci\u00f3n. Somos plenamente conscientes del compromiso con que la sociedad riojana participa cada a\u00f1o de este encuentro colectivo que posiciona a nuestra Provincia en el plano nacional e internacional. Agradecemos, adem\u00e1s, y muy especialmente a la comunidad cultural -escritoras, escritores, artistas, editoriales, instituciones, gestores y hacedores culturales- por el esfuerzo, la dedicaci\u00f3n y la pasi\u00f3n que ven\u00edan volcando en la preparaci\u00f3n de esta nueva edici\u00f3n.<\/p>\n\n\n\n<p>Tambi\u00e9n extendemos nuestro agradecimiento y reconocimiento a todos los equipos t\u00e9cnicos y organizativos que aportan su trabajo, y a todas y todos los que se desempe\u00f1an en la Secretar\u00eda de Culturas de la Provincia, cuya labor sostenida ha permitido que la Feria del Libro alcance ese nivel colosal que le otorgan m\u00e1s de 20 a\u00f1os de trayectoria, enarbolando con firmeza la bandera del federalismo y la defensa de la cultura en su diversidad.<\/p>\n\n\n\n<p>Desde el Gobierno de La Rioja reafirmamos nuestro compromiso con la cultura como derecho, como trabajo y como herramienta de transformaci\u00f3n social, y con la defensa inclaudicable de los espacios que fortalecen nuestra riojanidad. Seguiremos trabajando para que, apenas el contexto nacional as\u00ed lo permita, la Feria del Libro vuelva a ocupar el lugar que le pertenece: un espacio de encuentro para todas y todos los riojanos.<\/p>\n\n\n\n<figure class=\"wp-block-gallery has-nested-images columns-default is-cropped wp-block-gallery-1 is-layout-flex wp-block-gallery-is-layout-flex\">\n<figure class=\"wp-block-image size-large\"><img loading=\"lazy\" decoding=\"async\" width=\"1024\" height=\"683\" data-id=\"2764\" src=\"https:\/\/pasahoy.com.ar\/ph\/wp-content\/uploads\/2025\/06\/1000410805-1024x683.png\" alt=\"\" class=\"wp-image-2764\" srcset=\"https:\/\/pasahoy.com.ar\/ph\/wp-content\/uploads\/2025\/06\/1000410805-1024x683.png 1024w, https:\/\/pasahoy.com.ar\/ph\/wp-content\/uploads\/2025\/06\/1000410805-300x200.png 300w, https:\/\/pasahoy.com.ar\/ph\/wp-content\/uploads\/2025\/06\/1000410805-768x512.png 768w, https:\/\/pasahoy.com.ar\/ph\/wp-content\/uploads\/2025\/06\/1000410805.png 1080w\" sizes=\"auto, (max-width: 1024px) 100vw, 1024px\" \/><\/figure>\n<\/figure>\n","protected":false},"excerpt":{"rendered":"<p>En un contexto econ\u00f3mico sumamente adverso, provocado por las pol\u00edticas implementadas por el Gobierno Nacional y sus efectos directos sobre las finanzas provinciales, el Gobierno de la Provincia se ve en la obligaci\u00f3n -con profundo pesar- de suspender la 23\u00b0 edici\u00f3n de la Feria del Libro de La Rioja, prevista entre el 2 y el [&hellip;]<\/p>\n","protected":false},"author":3,"featured_media":2764,"comment_status":"open","ping_status":"open","sticky":false,"template":"","format":"standard","meta":{"_jetpack_memberships_contains_paid_content":false,"footnotes":""},"categories":[1],"tags":[],"class_list":["post-2763","post","type-post","status-publish","format-standard","has-post-thumbnail","hentry","category-local"],"jetpack_featured_media_url":"https:\/\/pasahoy.com.ar\/ph\/wp-content\/uploads\/2025\/06\/1000410805.png","jetpack_sharing_enabled":true,"_links":{"self":[{"href":"https:\/\/pasahoy.com.ar\/ph\/wp-json\/wp\/v2\/posts\/2763","targetHints":{"allow":["GET"]}}],"collection":[{"href":"https:\/\/pasahoy.com.ar\/ph\/wp-json\/wp\/v2\/posts"}],"about":[{"href":"https:\/\/pasahoy.com.ar\/ph\/wp-json\/wp\/v2\/types\/post"}],"author":[{"embeddable":true,"href":"https:\/\/pasahoy.com.ar\/ph\/wp-json\/wp\/v2\/users\/3"}],"replies":[{"embeddable":true,"href":"https:\/\/pasahoy.com.ar\/ph\/wp-json\/wp\/v2\/comments?post=2763"}],"version-history":[{"count":1,"href":"https:\/\/pasahoy.com.ar\/ph\/wp-json\/wp\/v2\/posts\/2763\/revisions"}],"predecessor-version":[{"id":2765,"href":"https:\/\/pasahoy.com.ar\/ph\/wp-json\/wp\/v2\/posts\/2763\/revisions\/2765"}],"wp:featuredmedia":[{"embeddable":true,"href":"https:\/\/pasahoy.com.ar\/ph\/wp-json\/wp\/v2\/media\/2764"}],"wp:attachment":[{"href":"https:\/\/pasahoy.com.ar\/ph\/wp-json\/wp\/v2\/media?parent=2763"}],"wp:term":[{"taxonomy":"category","embeddable":true,"href":"https:\/\/pasahoy.com.ar\/ph\/wp-json\/wp\/v2\/categories?post=2763"},{"taxonomy":"post_tag","embeddable":true,"href":"https:\/\/pasahoy.com.ar\/ph\/wp-json\/wp\/v2\/tags?post=2763"}],"curies":[{"name":"wp","href":"https:\/\/api.w.org\/{rel}","templated":true}]}}