{"id":2759,"date":"2025-06-10T15:00:42","date_gmt":"2025-06-10T15:00:42","guid":{"rendered":"https:\/\/pasahoy.com.ar\/ph\/?p=2759"},"modified":"2025-06-10T15:00:42","modified_gmt":"2025-06-10T15:00:42","slug":"quedo-inaugurado-un-nuevo-espacio-recreativo-en-el-jardin-n-6","status":"publish","type":"post","link":"https:\/\/pasahoy.com.ar\/ph\/quedo-inaugurado-un-nuevo-espacio-recreativo-en-el-jardin-n-6\/","title":{"rendered":"Qued\u00f3 inaugurado un nuevo espacio recreativo en el Jard\u00edn N\u00b0 6"},"content":{"rendered":"\n<p><em>La obra fue impulsada con el apoyo del Ministerio de Educaci\u00f3n y la participaci\u00f3n activa de familias, docentes y organizaciones comunitarias. El nuevo tinglado y las mejoras edilicias buscan garantizar mejores condiciones de aprendizaje y recreaci\u00f3n para los ni\u00f1os y ni\u00f1as.<\/em><\/p>\n\n\n\n<figure class=\"wp-block-gallery has-nested-images columns-default is-cropped wp-block-gallery-1 is-layout-flex wp-block-gallery-is-layout-flex\">\n<figure class=\"wp-block-image size-large\"><img loading=\"lazy\" decoding=\"async\" width=\"1024\" height=\"682\" data-id=\"2760\" src=\"https:\/\/pasahoy.com.ar\/ph\/wp-content\/uploads\/2025\/06\/1000411445-1024x682.jpg\" alt=\"\" class=\"wp-image-2760\" srcset=\"https:\/\/pasahoy.com.ar\/ph\/wp-content\/uploads\/2025\/06\/1000411445-1024x682.jpg 1024w, https:\/\/pasahoy.com.ar\/ph\/wp-content\/uploads\/2025\/06\/1000411445-300x200.jpg 300w, https:\/\/pasahoy.com.ar\/ph\/wp-content\/uploads\/2025\/06\/1000411445-768x512.jpg 768w, https:\/\/pasahoy.com.ar\/ph\/wp-content\/uploads\/2025\/06\/1000411445.jpg 1280w\" sizes=\"auto, (max-width: 1024px) 100vw, 1024px\" \/><\/figure>\n\n\n\n<figure class=\"wp-block-image size-large\"><img loading=\"lazy\" decoding=\"async\" width=\"1024\" height=\"682\" data-id=\"2761\" src=\"https:\/\/pasahoy.com.ar\/ph\/wp-content\/uploads\/2025\/06\/1000411446-1024x682.jpg\" alt=\"\" class=\"wp-image-2761\" srcset=\"https:\/\/pasahoy.com.ar\/ph\/wp-content\/uploads\/2025\/06\/1000411446-1024x682.jpg 1024w, https:\/\/pasahoy.com.ar\/ph\/wp-content\/uploads\/2025\/06\/1000411446-300x200.jpg 300w, https:\/\/pasahoy.com.ar\/ph\/wp-content\/uploads\/2025\/06\/1000411446-768x512.jpg 768w, https:\/\/pasahoy.com.ar\/ph\/wp-content\/uploads\/2025\/06\/1000411446.jpg 1280w\" sizes=\"auto, (max-width: 1024px) 100vw, 1024px\" \/><\/figure>\n<\/figure>\n\n\n\n<p>Con emotivas palabras y un fuerte reconocimiento al trabajo colectivo, se inaugur\u00f3 un nuevo tinglado en el Jard\u00edn de Infantes N\u00b0 6 \u201cRosario V. Pe\u00f1aloza\u201d, un espacio recreativo que fortalece las condiciones educativas para los ni\u00f1os y ni\u00f1as que asisten a la instituci\u00f3n.<br>El acto cont\u00f3 con la presencia del ministro de Educaci\u00f3n Ariel Mart\u00ednez, autoridades provinciales, docentes, familias y toda la comunidad educativa.<br>Durante la ceremonia, Mart\u00ednez destac\u00f3 el valor del esfuerzo conjunto y se\u00f1al\u00f3 que \u201ceste tinglado es el resultado de una comunidad que apuesta por la educaci\u00f3n p\u00fablica. Reconocemos el trabajo cotidiano de los docentes y la participaci\u00f3n activa de las familias. La educaci\u00f3n se construye entre todos, y este tipo de iniciativas son una muestra de lo que se puede lograr con compromiso y articulaci\u00f3n\u201d.<br>El funcionario provincial tambi\u00e9n subray\u00f3 la importancia de la alianza entre el Estado y la comunidad al remarcar que \u201ceste es un ejemplo de una sociedad que apuesta por la educaci\u00f3n como un derecho fundamental, que cree en la docencia riojana y que sabe que el presente se construye con estos actos, pero tambi\u00e9n se proyecta hacia el futuro\u201d.<\/p>\n\n\n\n<p><em>Transformaci\u00f3n institucional<\/em><br>Por su parte, Sonia Bonetto, directora de Nivel Inicial, fue una de las voces m\u00e1s emotivas de la jornada. Agradeci\u00f3 a todos los actores involucrados en el proyecto y destac\u00f3 el esp\u00edritu colaborativo que hizo posible esta mejora. \u201cGracias, porque no es el trabajo de una sola persona, es un trabajo en equipo. Este espacio no es nuestro, es de los ni\u00f1os y ni\u00f1as del jard\u00edn\u201d, se\u00f1al\u00f3.<br>Bonetto tambi\u00e9n record\u00f3 las dificultades iniciales y el compromiso colectivo que permiti\u00f3 sortearlas y se\u00f1al\u00f3 que \u201clos adultos nos acomodamos, y aunque hubo ruidos al principio, logramos avanzar. Eso tambi\u00e9n es parte del proceso\u201d. Asimismo, valor\u00f3 la vocaci\u00f3n del cuerpo docente y agradeci\u00f3 especialmente al ministro, a sus colegas y al equipo t\u00e9cnico que la acompa\u00f1\u00f3 en este proceso de transformaci\u00f3n institucional. \u201cGracias por entender que esto es por y para nuestros ni\u00f1os y ni\u00f1as\u201d, concluy\u00f3.<\/p>\n\n\n\n<p><em>Inclusi\u00f3n<\/em><br>Uno de los testimonios m\u00e1s conmovedores fue el de Osvaldo y Doria, presidente de la Organizaci\u00f3n de Padres del Jard\u00edn (OPV), quien relat\u00f3 el esfuerzo comunitario que dio origen a la obra y remarc\u00f3 que \u201ccuando llegamos, el jardincito estaba muy deteriorado. Empezamos a dialogar con los padres y organizamos una rifa. En solo una semana recaudamos 2 millones 500 mil pesos. Gracias a ese aporte, pudimos transformar el lugar. Este patio era todo de tierra, y hoy tiene c\u00e9sped sint\u00e9tico, juegos restaurados y nuevos, paredes arregladas, salitas en condiciones y un patio con contrapiso nuevo\u201d.<br>Doria tambi\u00e9n hizo una menci\u00f3n especial a la inclusi\u00f3n, al recordar a una ni\u00f1a con dificultades motrices que no pod\u00eda desplazarse con libertad por el suelo anterior. \u201cPensamos en todos nuestros hijos. Esta mejora no es solo est\u00e9tica, es tambi\u00e9n para garantizar igualdad de condiciones\u201d, concluy\u00f3.<\/p>\n","protected":false},"excerpt":{"rendered":"<p>La obra fue impulsada con el apoyo del Ministerio de Educaci\u00f3n y la participaci\u00f3n activa de familias, docentes y organizaciones comunitarias. El nuevo tinglado y las mejoras edilicias buscan garantizar mejores condiciones de aprendizaje y recreaci\u00f3n para los ni\u00f1os y ni\u00f1as. Con emotivas palabras y un fuerte reconocimiento al trabajo colectivo, se inaugur\u00f3 un nuevo [&hellip;]<\/p>\n","protected":false},"author":3,"featured_media":2760,"comment_status":"open","ping_status":"open","sticky":false,"template":"","format":"standard","meta":{"_jetpack_memberships_contains_paid_content":false,"footnotes":""},"categories":[1],"tags":[],"class_list":["post-2759","post","type-post","status-publish","format-standard","has-post-thumbnail","hentry","category-local"],"jetpack_featured_media_url":"https:\/\/pasahoy.com.ar\/ph\/wp-content\/uploads\/2025\/06\/1000411445.jpg","jetpack_sharing_enabled":true,"_links":{"self":[{"href":"https:\/\/pasahoy.com.ar\/ph\/wp-json\/wp\/v2\/posts\/2759","targetHints":{"allow":["GET"]}}],"collection":[{"href":"https:\/\/pasahoy.com.ar\/ph\/wp-json\/wp\/v2\/posts"}],"about":[{"href":"https:\/\/pasahoy.com.ar\/ph\/wp-json\/wp\/v2\/types\/post"}],"author":[{"embeddable":true,"href":"https:\/\/pasahoy.com.ar\/ph\/wp-json\/wp\/v2\/users\/3"}],"replies":[{"embeddable":true,"href":"https:\/\/pasahoy.com.ar\/ph\/wp-json\/wp\/v2\/comments?post=2759"}],"version-history":[{"count":1,"href":"https:\/\/pasahoy.com.ar\/ph\/wp-json\/wp\/v2\/posts\/2759\/revisions"}],"predecessor-version":[{"id":2762,"href":"https:\/\/pasahoy.com.ar\/ph\/wp-json\/wp\/v2\/posts\/2759\/revisions\/2762"}],"wp:featuredmedia":[{"embeddable":true,"href":"https:\/\/pasahoy.com.ar\/ph\/wp-json\/wp\/v2\/media\/2760"}],"wp:attachment":[{"href":"https:\/\/pasahoy.com.ar\/ph\/wp-json\/wp\/v2\/media?parent=2759"}],"wp:term":[{"taxonomy":"category","embeddable":true,"href":"https:\/\/pasahoy.com.ar\/ph\/wp-json\/wp\/v2\/categories?post=2759"},{"taxonomy":"post_tag","embeddable":true,"href":"https:\/\/pasahoy.com.ar\/ph\/wp-json\/wp\/v2\/tags?post=2759"}],"curies":[{"name":"wp","href":"https:\/\/api.w.org\/{rel}","templated":true}]}}