{"id":2756,"date":"2025-06-10T14:59:46","date_gmt":"2025-06-10T14:59:46","guid":{"rendered":"https:\/\/pasahoy.com.ar\/ph\/?p=2756"},"modified":"2025-06-10T14:59:46","modified_gmt":"2025-06-10T14:59:46","slug":"por-primera-vez-el-senado-de-la-nacion-reconocera-a-los-mejores-promedios-de-las-universidades-nacionales","status":"publish","type":"post","link":"https:\/\/pasahoy.com.ar\/ph\/por-primera-vez-el-senado-de-la-nacion-reconocera-a-los-mejores-promedios-de-las-universidades-nacionales\/","title":{"rendered":"POR PRIMERA VEZ, EL SENADO DE LA NACI\u00d3N RECONOCER\u00c1 A LOS MEJORES PROMEDIOS DE LAS UNIVERSIDADES NACIONALES"},"content":{"rendered":"\n<p>La senadora nacional Florencia L\u00f3pez se reuni\u00f3 con la rectora de la UNLaR, Natalia \u00c1lvarez G\u00f3mez, el vicerrector Luis Oviedo y el equipo rectora para avanzar en un hecho hist\u00f3rico: por primera vez, los estudiantes con mejor promedio de todas las Universidades Nacionales del Pais obtendr\u00e1n una distinci\u00f3n del Senado de la Naci\u00f3n, que ir\u00e1 acompa\u00f1ada de una carta de recomendaci\u00f3n del Senado y un sinf\u00edn de beneficios acad\u00e9micos y laborales.<\/p>\n\n\n\n<figure class=\"wp-block-gallery has-nested-images columns-default is-cropped wp-block-gallery-1 is-layout-flex wp-block-gallery-is-layout-flex\">\n<figure class=\"wp-block-image size-large\"><img loading=\"lazy\" decoding=\"async\" width=\"1024\" height=\"982\" data-id=\"2757\" src=\"https:\/\/pasahoy.com.ar\/ph\/wp-content\/uploads\/2025\/06\/1000411444-1024x982.jpg\" alt=\"\" class=\"wp-image-2757\" srcset=\"https:\/\/pasahoy.com.ar\/ph\/wp-content\/uploads\/2025\/06\/1000411444-1024x982.jpg 1024w, https:\/\/pasahoy.com.ar\/ph\/wp-content\/uploads\/2025\/06\/1000411444-300x288.jpg 300w, https:\/\/pasahoy.com.ar\/ph\/wp-content\/uploads\/2025\/06\/1000411444-768x736.jpg 768w, https:\/\/pasahoy.com.ar\/ph\/wp-content\/uploads\/2025\/06\/1000411444-1536x1473.jpg 1536w, https:\/\/pasahoy.com.ar\/ph\/wp-content\/uploads\/2025\/06\/1000411444-2048x1964.jpg 2048w\" sizes=\"auto, (max-width: 1024px) 100vw, 1024px\" \/><\/figure>\n<\/figure>\n\n\n\n<p>Este reconocimiento al M\u00e9rito Universitario busca destacar la excelencia acad\u00e9mica, el esfuerzo y la dedicaci\u00f3n de los graduados y graduadas, y facilitar su inserci\u00f3n laboral y el acceso a becas nacionales e internacionales.<\/p>\n\n\n\n<p>\u201cReconocer el m\u00e9rito es valorar el talento y el compromiso de quienes creen en la universidad p\u00fablica como motor de transformaci\u00f3n social\u201d, afirm\u00f3 la senadora L\u00f3pez.<\/p>\n","protected":false},"excerpt":{"rendered":"<p>La senadora nacional Florencia L\u00f3pez se reuni\u00f3 con la rectora de la UNLaR, Natalia \u00c1lvarez G\u00f3mez, el vicerrector Luis Oviedo y el equipo rectora para avanzar en un hecho hist\u00f3rico: por primera vez, los estudiantes con mejor promedio de todas las Universidades Nacionales del Pais obtendr\u00e1n una distinci\u00f3n del Senado de la Naci\u00f3n, que ir\u00e1 [&hellip;]<\/p>\n","protected":false},"author":3,"featured_media":2757,"comment_status":"open","ping_status":"open","sticky":false,"template":"","format":"standard","meta":{"_jetpack_memberships_contains_paid_content":false,"footnotes":""},"categories":[1],"tags":[],"class_list":["post-2756","post","type-post","status-publish","format-standard","has-post-thumbnail","hentry","category-local"],"jetpack_featured_media_url":"https:\/\/pasahoy.com.ar\/ph\/wp-content\/uploads\/2025\/06\/1000411444-scaled.jpg","jetpack_sharing_enabled":true,"_links":{"self":[{"href":"https:\/\/pasahoy.com.ar\/ph\/wp-json\/wp\/v2\/posts\/2756","targetHints":{"allow":["GET"]}}],"collection":[{"href":"https:\/\/pasahoy.com.ar\/ph\/wp-json\/wp\/v2\/posts"}],"about":[{"href":"https:\/\/pasahoy.com.ar\/ph\/wp-json\/wp\/v2\/types\/post"}],"author":[{"embeddable":true,"href":"https:\/\/pasahoy.com.ar\/ph\/wp-json\/wp\/v2\/users\/3"}],"replies":[{"embeddable":true,"href":"https:\/\/pasahoy.com.ar\/ph\/wp-json\/wp\/v2\/comments?post=2756"}],"version-history":[{"count":1,"href":"https:\/\/pasahoy.com.ar\/ph\/wp-json\/wp\/v2\/posts\/2756\/revisions"}],"predecessor-version":[{"id":2758,"href":"https:\/\/pasahoy.com.ar\/ph\/wp-json\/wp\/v2\/posts\/2756\/revisions\/2758"}],"wp:featuredmedia":[{"embeddable":true,"href":"https:\/\/pasahoy.com.ar\/ph\/wp-json\/wp\/v2\/media\/2757"}],"wp:attachment":[{"href":"https:\/\/pasahoy.com.ar\/ph\/wp-json\/wp\/v2\/media?parent=2756"}],"wp:term":[{"taxonomy":"category","embeddable":true,"href":"https:\/\/pasahoy.com.ar\/ph\/wp-json\/wp\/v2\/categories?post=2756"},{"taxonomy":"post_tag","embeddable":true,"href":"https:\/\/pasahoy.com.ar\/ph\/wp-json\/wp\/v2\/tags?post=2756"}],"curies":[{"name":"wp","href":"https:\/\/api.w.org\/{rel}","templated":true}]}}