{"id":2749,"date":"2025-06-09T20:39:09","date_gmt":"2025-06-09T20:39:09","guid":{"rendered":"https:\/\/pasahoy.com.ar\/ph\/?p=2749"},"modified":"2025-06-09T20:39:26","modified_gmt":"2025-06-09T20:39:26","slug":"que-fue-de-la-vida-de-los-padres-de-loan-a-1-ano-de-su-desaparicion","status":"publish","type":"post","link":"https:\/\/pasahoy.com.ar\/ph\/que-fue-de-la-vida-de-los-padres-de-loan-a-1-ano-de-su-desaparicion\/","title":{"rendered":"Qu\u00e9 fue de la vida de los padres de Loan a 1 a\u00f1o de su desaparici\u00f3n"},"content":{"rendered":"\n<p>Se cumple 1 a\u00f1o de la desaparici\u00f3n de Loan Danilo Pe\u00f1a. Un repaso sobre qu\u00e9\u00a0fue de la vida de sus padres.<\/p>\n\n\n\n<p>A un a\u00f1o de la desaparici\u00f3n de<strong>\u00a0<a href=\"https:\/\/www.eldestapeweb.com\/sociedad\/desaparicion-de-loan\/caso-loan-la-familia-exige-justicia-por-el-nino-a-un-ano-de-la-desaparicion-202568115751\">Loan Danilo Pe\u00f1a<\/a><\/strong>, el caso que estremeci\u00f3 a la Argentina sigue sin respuestas. El ni\u00f1o\u00a0<strong>fue visto por \u00faltima vez el 13 de junio de 2024<\/strong>\u00a0en 9 de Julio, provincia de Corrientes, luego de un almuerzo familiar en la casa de su abuela. Desde entonces,\u00a0<strong>su paradero contin\u00faa siendo un misterio<\/strong>. En este tr\u00e1gico aniversario,<strong>\u00a0sus padres, Mar\u00eda Noguera y Jos\u00e9 Pe\u00f1a<\/strong>, insisten en su pedido de justicia y claman por el regreso con vida de su hijo.<\/p>\n\n\n\n<p>A lo largo de estos doce meses marcados por la incertidumbre y\u00a0el dolor, los\u00a0<strong>padres de Loan<\/strong>\u00a0se mantuvieron firmes en su lucha por encontrarlo. Recientemente, emitieron un duro comunicado a trav\u00e9s de sus nuevos representantes legales, tras la\u00a0<strong>renuncia del abogado Juan Pablo Gallego<\/strong>. En el texto, expresaron su angustia y reiteraron el pedido de justicia: \u201cLoan sigue desaparecido. No hay dolor m\u00e1s profundo ni desesperaci\u00f3n m\u00e1s intensa que la que atraviesa una familia que no sabe d\u00f3nde est\u00e1 su hijo\u201d.<\/p>\n\n\n\n<p>Con palabras conmovedoras,\u00a0<strong>los padres\u00a0reafirmaron su \u00fanica prioridad: traer de regreso a Loan<\/strong>. \u201cNuestra \u00fanica prioridad sigue siendo encontrarlo con vida y traerlo a casa. La Justicia es la \u00fanica v\u00eda leg\u00edtima para investigar y esclarecer lo sucedido\u201d, manifestaron.<\/p>\n\n\n\n<p>En este sentido, tambi\u00e9n<strong>\u00a0apelaron a la memoria colectiva<\/strong>, al recordar que la imagen de Loan todav\u00eda est\u00e1 presente en todo el pa\u00eds. \u201cSu carita sigue esper\u00e1ndonos en cada rinc\u00f3n. No lo dejemos solo. No lo borremos de la memoria colectiva. Porque hasta que aparezca, lo vamos a seguir buscando todos. Siempre\u201d.<\/p>\n\n\n\n<figure class=\"wp-block-gallery has-nested-images columns-default is-cropped wp-block-gallery-1 is-layout-flex wp-block-gallery-is-layout-flex\">\n<figure class=\"wp-block-image size-large\"><img loading=\"lazy\" decoding=\"async\" width=\"941\" height=\"753\" data-id=\"2750\" src=\"https:\/\/pasahoy.com.ar\/ph\/wp-content\/uploads\/2025\/06\/1000408940.png\" alt=\"\" class=\"wp-image-2750\" srcset=\"https:\/\/pasahoy.com.ar\/ph\/wp-content\/uploads\/2025\/06\/1000408940.png 941w, https:\/\/pasahoy.com.ar\/ph\/wp-content\/uploads\/2025\/06\/1000408940-300x240.png 300w, https:\/\/pasahoy.com.ar\/ph\/wp-content\/uploads\/2025\/06\/1000408940-768x615.png 768w\" sizes=\"auto, (max-width: 941px) 100vw, 941px\" \/><\/figure>\n<\/figure>\n","protected":false},"excerpt":{"rendered":"<p>Se cumple 1 a\u00f1o de la desaparici\u00f3n de Loan Danilo Pe\u00f1a. Un repaso sobre qu\u00e9\u00a0fue de la vida de sus padres. A un a\u00f1o de la desaparici\u00f3n de\u00a0Loan Danilo Pe\u00f1a, el caso que estremeci\u00f3 a la Argentina sigue sin respuestas. El ni\u00f1o\u00a0fue visto por \u00faltima vez el 13 de junio de 2024\u00a0en 9 de Julio, [&hellip;]<\/p>\n","protected":false},"author":3,"featured_media":2750,"comment_status":"open","ping_status":"open","sticky":false,"template":"","format":"standard","meta":{"_jetpack_memberships_contains_paid_content":false,"footnotes":""},"categories":[9],"tags":[],"class_list":["post-2749","post","type-post","status-publish","format-standard","has-post-thumbnail","hentry","category-policial"],"jetpack_featured_media_url":"https:\/\/pasahoy.com.ar\/ph\/wp-content\/uploads\/2025\/06\/1000408940.png","jetpack_sharing_enabled":true,"_links":{"self":[{"href":"https:\/\/pasahoy.com.ar\/ph\/wp-json\/wp\/v2\/posts\/2749","targetHints":{"allow":["GET"]}}],"collection":[{"href":"https:\/\/pasahoy.com.ar\/ph\/wp-json\/wp\/v2\/posts"}],"about":[{"href":"https:\/\/pasahoy.com.ar\/ph\/wp-json\/wp\/v2\/types\/post"}],"author":[{"embeddable":true,"href":"https:\/\/pasahoy.com.ar\/ph\/wp-json\/wp\/v2\/users\/3"}],"replies":[{"embeddable":true,"href":"https:\/\/pasahoy.com.ar\/ph\/wp-json\/wp\/v2\/comments?post=2749"}],"version-history":[{"count":1,"href":"https:\/\/pasahoy.com.ar\/ph\/wp-json\/wp\/v2\/posts\/2749\/revisions"}],"predecessor-version":[{"id":2751,"href":"https:\/\/pasahoy.com.ar\/ph\/wp-json\/wp\/v2\/posts\/2749\/revisions\/2751"}],"wp:featuredmedia":[{"embeddable":true,"href":"https:\/\/pasahoy.com.ar\/ph\/wp-json\/wp\/v2\/media\/2750"}],"wp:attachment":[{"href":"https:\/\/pasahoy.com.ar\/ph\/wp-json\/wp\/v2\/media?parent=2749"}],"wp:term":[{"taxonomy":"category","embeddable":true,"href":"https:\/\/pasahoy.com.ar\/ph\/wp-json\/wp\/v2\/categories?post=2749"},{"taxonomy":"post_tag","embeddable":true,"href":"https:\/\/pasahoy.com.ar\/ph\/wp-json\/wp\/v2\/tags?post=2749"}],"curies":[{"name":"wp","href":"https:\/\/api.w.org\/{rel}","templated":true}]}}