{"id":2745,"date":"2025-06-09T20:27:31","date_gmt":"2025-06-09T20:27:31","guid":{"rendered":"https:\/\/pasahoy.com.ar\/ph\/?p=2745"},"modified":"2025-06-09T20:27:45","modified_gmt":"2025-06-09T20:27:45","slug":"otro-triunfo-de-la-cgt-la-justicia-ratifico-la-suspension-del-decreto-de-javier-milei-que-limita-la-huelga","status":"publish","type":"post","link":"https:\/\/pasahoy.com.ar\/ph\/otro-triunfo-de-la-cgt-la-justicia-ratifico-la-suspension-del-decreto-de-javier-milei-que-limita-la-huelga\/","title":{"rendered":"Otro triunfo de la CGT: la Justicia ratific\u00f3 la suspensi\u00f3n del decreto de Javier Milei que limita la huelga"},"content":{"rendered":"\n<p>La Justicia insisti\u00f3 en segunda instancia que la decisi\u00f3n de Milei es anticonstitucional, ya que debe ser consensuada por el Congreso.<\/p>\n\n\n\n<p>La C\u00e1mara Nacional de Apelaciones del Trabajo confirm\u00f3 este lunes la medida cautelar que frena parte del Decreto de Necesidad y Urgencia (DNU) 340\/2025, dictado por el Gobierno de\u00a0<strong><a href=\"https:\/\/elintransigente.com\/tag\/javier-milei\/\" target=\"_blank\" rel=\"noreferrer noopener\">Javier Milei<\/a><\/strong>, que limitaba el derecho a\u00a0<strong><a href=\"https:\/\/elintransigente.com\/tag\/huelga\/\" target=\"_blank\" rel=\"noreferrer noopener\">huelga<\/a><\/strong>. La resoluci\u00f3n alcanza a los art\u00edculos 2 y 3 del decreto, que hab\u00edan sido impugnados por la Confederaci\u00f3n General del Trabajo (<strong><a href=\"https:\/\/elintransigente.com\/tag\/cgt\/\" target=\"_blank\" rel=\"noreferrer noopener\">CGT<\/a><\/strong>) <\/p>\n\n\n\n<p>El eje de la discusi\u00f3n judicial gira en torno a las modificaciones que el Poder Ejecutivo intent\u00f3 introducir en materia de derecho a huelga. En particular, los art\u00edculos suspendidos ampliaban las actividades consideradas \u00abesenciales\u00bb, lo que hubiese limitado la posibilidad de realizar paros en sectores clave como la salud, la educaci\u00f3n y el transporte.<\/p>\n\n\n\n<p>De acuerdo a datos de la agencia\u00a0<strong>NA<\/strong>, la Sala IV del fuero laboral respald\u00f3 el planteo sindical al sostener que el decreto avanzaba sobre facultades que le corresponden exclusivamente al Congreso. De este modo, los jueces Silvia Pinto Varela y H\u00e9ctor Guisado se\u00f1alaron que el Ejecutivo se excedi\u00f3 en sus atribuciones y afect\u00f3 principios b\u00e1sicos del derecho laboral, como la libertad sindical.<\/p>\n\n\n\n<p>El fallo ratific\u00f3 la decisi\u00f3n tomada en primera instancia por la jueza Moira Fullana, del Juzgado Nacional del Trabajo N.\u00ba 3, quien hab\u00eda hecho lugar a un amparo presentado por la CGT. En su momento, la magistrada advirti\u00f3 que el DNU violaba el Convenio 87 de la Organizaci\u00f3n Internacional del Trabajo (<strong><a href=\"https:\/\/www.ilo.org\/es\" target=\"_blank\" rel=\"noreferrer noopener\">OIT<\/a><\/strong>), que protege el derecho de huelga como parte de la libertad sindical.<\/p>\n\n\n\n<p>Adem\u00e1s de apuntar contra el fondo del decreto, tanto la jueza Fullana como los camaristas coincidieron en que no estaban dadas las condiciones de \u00abnecesidad y urgencia\u00bb que justificar\u00edan una reforma por v\u00eda ejecutiva. \u00abUna modificaci\u00f3n de estas caracter\u00edsticas requiere una ley del Congreso\u00bb, reiter\u00f3 la C\u00e1mara.<\/p>\n\n\n\n<figure class=\"wp-block-gallery has-nested-images columns-default is-cropped wp-block-gallery-1 is-layout-flex wp-block-gallery-is-layout-flex\">\n<figure class=\"wp-block-image size-large\"><img loading=\"lazy\" decoding=\"async\" width=\"1024\" height=\"619\" data-id=\"2746\" src=\"https:\/\/pasahoy.com.ar\/ph\/wp-content\/uploads\/2025\/06\/1000408919-1024x619.png\" alt=\"\" class=\"wp-image-2746\" srcset=\"https:\/\/pasahoy.com.ar\/ph\/wp-content\/uploads\/2025\/06\/1000408919-1024x619.png 1024w, https:\/\/pasahoy.com.ar\/ph\/wp-content\/uploads\/2025\/06\/1000408919-300x181.png 300w, https:\/\/pasahoy.com.ar\/ph\/wp-content\/uploads\/2025\/06\/1000408919-768x464.png 768w, https:\/\/pasahoy.com.ar\/ph\/wp-content\/uploads\/2025\/06\/1000408919.png 1059w\" sizes=\"auto, (max-width: 1024px) 100vw, 1024px\" \/><\/figure>\n<\/figure>\n","protected":false},"excerpt":{"rendered":"<p>La Justicia insisti\u00f3 en segunda instancia que la decisi\u00f3n de Milei es anticonstitucional, ya que debe ser consensuada por el Congreso. La C\u00e1mara Nacional de Apelaciones del Trabajo confirm\u00f3 este lunes la medida cautelar que frena parte del Decreto de Necesidad y Urgencia (DNU) 340\/2025, dictado por el Gobierno de\u00a0Javier Milei, que limitaba el derecho [&hellip;]<\/p>\n","protected":false},"author":3,"featured_media":2746,"comment_status":"open","ping_status":"open","sticky":false,"template":"","format":"standard","meta":{"_jetpack_memberships_contains_paid_content":false,"footnotes":""},"categories":[2],"tags":[],"class_list":["post-2745","post","type-post","status-publish","format-standard","has-post-thumbnail","hentry","category-nacional"],"jetpack_featured_media_url":"https:\/\/pasahoy.com.ar\/ph\/wp-content\/uploads\/2025\/06\/1000408919.png","jetpack_sharing_enabled":true,"_links":{"self":[{"href":"https:\/\/pasahoy.com.ar\/ph\/wp-json\/wp\/v2\/posts\/2745","targetHints":{"allow":["GET"]}}],"collection":[{"href":"https:\/\/pasahoy.com.ar\/ph\/wp-json\/wp\/v2\/posts"}],"about":[{"href":"https:\/\/pasahoy.com.ar\/ph\/wp-json\/wp\/v2\/types\/post"}],"author":[{"embeddable":true,"href":"https:\/\/pasahoy.com.ar\/ph\/wp-json\/wp\/v2\/users\/3"}],"replies":[{"embeddable":true,"href":"https:\/\/pasahoy.com.ar\/ph\/wp-json\/wp\/v2\/comments?post=2745"}],"version-history":[{"count":1,"href":"https:\/\/pasahoy.com.ar\/ph\/wp-json\/wp\/v2\/posts\/2745\/revisions"}],"predecessor-version":[{"id":2747,"href":"https:\/\/pasahoy.com.ar\/ph\/wp-json\/wp\/v2\/posts\/2745\/revisions\/2747"}],"wp:featuredmedia":[{"embeddable":true,"href":"https:\/\/pasahoy.com.ar\/ph\/wp-json\/wp\/v2\/media\/2746"}],"wp:attachment":[{"href":"https:\/\/pasahoy.com.ar\/ph\/wp-json\/wp\/v2\/media?parent=2745"}],"wp:term":[{"taxonomy":"category","embeddable":true,"href":"https:\/\/pasahoy.com.ar\/ph\/wp-json\/wp\/v2\/categories?post=2745"},{"taxonomy":"post_tag","embeddable":true,"href":"https:\/\/pasahoy.com.ar\/ph\/wp-json\/wp\/v2\/tags?post=2745"}],"curies":[{"name":"wp","href":"https:\/\/api.w.org\/{rel}","templated":true}]}}