{"id":2742,"date":"2025-06-09T20:23:46","date_gmt":"2025-06-09T20:23:46","guid":{"rendered":"https:\/\/pasahoy.com.ar\/ph\/?p=2742"},"modified":"2025-06-09T20:24:02","modified_gmt":"2025-06-09T20:24:02","slug":"la-politica-no-quiere-investigar-el-caso-libra-marcela-pagano-denuncia-un-pacto-entre-el-oficialismo-y-la-oposicion","status":"publish","type":"post","link":"https:\/\/pasahoy.com.ar\/ph\/la-politica-no-quiere-investigar-el-caso-libra-marcela-pagano-denuncia-un-pacto-entre-el-oficialismo-y-la-oposicion\/","title":{"rendered":"\u00bfLa pol\u00edtica no quiere investigar el caso $LIBRA?: Marcela Pagano denuncia un pacto entre el oficialismo y la oposici\u00f3n"},"content":{"rendered":"\n<p>Me dicen que va a ser (presidente de la comisi\u00f3n investigadora) alguien del PRO, Mart\u00edn Maquieyra. M\u00e1gicamente Uni\u00f3n por la Patria le cede la presidencia \u00bfA cambio de qu\u00e9?\u00bb, dispar\u00f3 Pagano.<\/p>\n\n\n\n<p>La diputada nacional\u00a0<strong><a href=\"https:\/\/elintransigente.com\/tag\/marcela-pagano\/\" target=\"_blank\" rel=\"noreferrer noopener\">Marcela Pagano<\/a><\/strong>, de La Libertad Avanza, denunci\u00f3 un supuesto acuerdo entre\u00a0<strong><a href=\"https:\/\/elintransigente.com\/tag\/union-por-la-patria\/\" target=\"_blank\" rel=\"noreferrer noopener\">Uni\u00f3n por la Patria<\/a>\u00a0<\/strong>y el\u00a0<strong><a href=\"https:\/\/elintransigente.com\/tag\/pro\/\" target=\"_blank\" rel=\"noreferrer noopener\">PRO<\/a><\/strong>\u00a0para que el diputado Mart\u00edn Maquieyra presida la comisi\u00f3n investigadora del esc\u00e1ndalo\u00a0<strong><a href=\"https:\/\/elintransigente.com\/tag\/libra\/\" target=\"_blank\" rel=\"noreferrer noopener\">$LIBRA<\/a><\/strong>\u00a0que salpica a\u00a0<strong><a href=\"https:\/\/x.com\/JMilei\" target=\"_blank\" rel=\"noreferrer noopener\">Javier Milei<\/a><\/strong>. En declaraciones radiales, apunt\u00f3 contra las negociaciones entre bloques y se desmarc\u00f3 de lo que consider\u00f3 un \u00abarreglo de espaldas a la gente\u00bb.<\/p>\n\n\n\n<p>Me dicen que va a ser (presidente de la comisi\u00f3n investigadora) alguien del PRO, Mart\u00edn Maquieyra. M\u00e1gicamente Uni\u00f3n por la Patria le cede la presidencia al PRO. \u00bfA cambio de qu\u00e9?\u00bb, expres\u00f3 la legisladora en el programa Ensobrados, que se emite por Radio Splendid. Para Pagano, hay un entendimiento t\u00e1cito entre oficialismo y oposici\u00f3n para desactivar el avance de la investigaci\u00f3n.<\/p>\n\n\n\n<p>La experiodista  se\u00f1al\u00f3 que durante la \u00faltima sesi\u00f3n en Diputados hubo un cuarto intermedio en el que \u00abparticiparon referentes del oficialismo y el peronista Germ\u00e1n Mart\u00ednez\u00bb, y a\u00f1adi\u00f3: \u00abCon los bloques de la oposici\u00f3n tienen acuerdos, les gustan los contratos. Evidentemente hay cosas por detr\u00e1s, no cuenten conmigo\u00bb.<\/p>\n\n\n\n<p>Pagano relat\u00f3 que la oposici\u00f3n hab\u00eda propuesto inicialmente como presidenta de la comisi\u00f3n investigadora a la diputada Sabrina Selva, pero esa opci\u00f3n fue descartada en medio de las tratativas. \u00abEstaban a punto de dirimirse las autoridades de la Comisi\u00f3n Investigadora y la oposici\u00f3n hab\u00eda propuesto como presidenta a Sabrina Selva y no quisieron hacerlo\u00bb, afirm\u00f3 la expanelista de TN y remarc\u00f3 que el presidente de la C\u00e1mara de Diputados, Mart\u00edn Menem, \u00abhizo todo lo posible\u00bb para negociar con los jefes de bloque.<\/p>\n\n\n\n<figure class=\"wp-block-gallery has-nested-images columns-default is-cropped wp-block-gallery-1 is-layout-flex wp-block-gallery-is-layout-flex\">\n<figure class=\"wp-block-image size-large\"><img loading=\"lazy\" decoding=\"async\" width=\"1024\" height=\"601\" data-id=\"2743\" src=\"https:\/\/pasahoy.com.ar\/ph\/wp-content\/uploads\/2025\/06\/1000408918-1024x601.png\" alt=\"\" class=\"wp-image-2743\" srcset=\"https:\/\/pasahoy.com.ar\/ph\/wp-content\/uploads\/2025\/06\/1000408918-1024x601.png 1024w, https:\/\/pasahoy.com.ar\/ph\/wp-content\/uploads\/2025\/06\/1000408918-300x176.png 300w, https:\/\/pasahoy.com.ar\/ph\/wp-content\/uploads\/2025\/06\/1000408918-768x451.png 768w, https:\/\/pasahoy.com.ar\/ph\/wp-content\/uploads\/2025\/06\/1000408918.png 1068w\" sizes=\"auto, (max-width: 1024px) 100vw, 1024px\" \/><\/figure>\n<\/figure>\n","protected":false},"excerpt":{"rendered":"<p>Me dicen que va a ser (presidente de la comisi\u00f3n investigadora) alguien del PRO, Mart\u00edn Maquieyra. M\u00e1gicamente Uni\u00f3n por la Patria le cede la presidencia \u00bfA cambio de qu\u00e9?\u00bb, dispar\u00f3 Pagano. La diputada nacional\u00a0Marcela Pagano, de La Libertad Avanza, denunci\u00f3 un supuesto acuerdo entre\u00a0Uni\u00f3n por la Patria\u00a0y el\u00a0PRO\u00a0para que el diputado Mart\u00edn Maquieyra presida la [&hellip;]<\/p>\n","protected":false},"author":3,"featured_media":2743,"comment_status":"open","ping_status":"open","sticky":false,"template":"","format":"standard","meta":{"_jetpack_memberships_contains_paid_content":false,"footnotes":""},"categories":[2],"tags":[],"class_list":["post-2742","post","type-post","status-publish","format-standard","has-post-thumbnail","hentry","category-nacional"],"jetpack_featured_media_url":"https:\/\/pasahoy.com.ar\/ph\/wp-content\/uploads\/2025\/06\/1000408918.png","jetpack_sharing_enabled":true,"_links":{"self":[{"href":"https:\/\/pasahoy.com.ar\/ph\/wp-json\/wp\/v2\/posts\/2742","targetHints":{"allow":["GET"]}}],"collection":[{"href":"https:\/\/pasahoy.com.ar\/ph\/wp-json\/wp\/v2\/posts"}],"about":[{"href":"https:\/\/pasahoy.com.ar\/ph\/wp-json\/wp\/v2\/types\/post"}],"author":[{"embeddable":true,"href":"https:\/\/pasahoy.com.ar\/ph\/wp-json\/wp\/v2\/users\/3"}],"replies":[{"embeddable":true,"href":"https:\/\/pasahoy.com.ar\/ph\/wp-json\/wp\/v2\/comments?post=2742"}],"version-history":[{"count":1,"href":"https:\/\/pasahoy.com.ar\/ph\/wp-json\/wp\/v2\/posts\/2742\/revisions"}],"predecessor-version":[{"id":2744,"href":"https:\/\/pasahoy.com.ar\/ph\/wp-json\/wp\/v2\/posts\/2742\/revisions\/2744"}],"wp:featuredmedia":[{"embeddable":true,"href":"https:\/\/pasahoy.com.ar\/ph\/wp-json\/wp\/v2\/media\/2743"}],"wp:attachment":[{"href":"https:\/\/pasahoy.com.ar\/ph\/wp-json\/wp\/v2\/media?parent=2742"}],"wp:term":[{"taxonomy":"category","embeddable":true,"href":"https:\/\/pasahoy.com.ar\/ph\/wp-json\/wp\/v2\/categories?post=2742"},{"taxonomy":"post_tag","embeddable":true,"href":"https:\/\/pasahoy.com.ar\/ph\/wp-json\/wp\/v2\/tags?post=2742"}],"curies":[{"name":"wp","href":"https:\/\/api.w.org\/{rel}","templated":true}]}}