{"id":2739,"date":"2025-06-09T20:12:55","date_gmt":"2025-06-09T20:12:55","guid":{"rendered":"https:\/\/pasahoy.com.ar\/ph\/?p=2739"},"modified":"2025-06-09T20:13:09","modified_gmt":"2025-06-09T20:13:09","slug":"atentado-a-miguel-uribe-turbay-las-tres-hipotesis-que-maneja-el-gobierno-y-el-impacto-politico-en-colombia","status":"publish","type":"post","link":"https:\/\/pasahoy.com.ar\/ph\/atentado-a-miguel-uribe-turbay-las-tres-hipotesis-que-maneja-el-gobierno-y-el-impacto-politico-en-colombia\/","title":{"rendered":"Atentado a Miguel Uribe Turbay: las tres hip\u00f3tesis que maneja el Gobierno y el impacto pol\u00edtico en Colombia"},"content":{"rendered":"\n<p>El senador y precandidato presidencial permanece en estado cr\u00edtico tras haber recibido dos disparos en un acto p\u00fablico en Bogot\u00e1. Las autoridades no descartan un intento de desestabilizaci\u00f3n institucional.<\/p>\n\n\n\n<p>El\u00a0<strong>Gobierno colombiano<\/strong>\u00a0inform\u00f3 que trabaja sobre\u00a0<strong>tres hip\u00f3tesis<\/strong>\u00a0principales para esclarecer el\u00a0<a href=\"https:\/\/tn.com.ar\/internacional\/2025\/06\/07\/colombia-balearon-al-candidato-presidencial-miguel-uribe-y-esta-grave\/\"><strong>atentado contra el senador Miguel Uribe Turbay<\/strong><\/a>, quien fue gravemente herido el s\u00e1bado mientras encabezaba un acto pol\u00edtico en el barrio Modelia, en el oeste de Bogot\u00e1.<\/p>\n\n\n\n<p>El ataque, que ocurri\u00f3 en medio de una creciente polarizaci\u00f3n pol\u00edtica y a menos de un a\u00f1o de las elecciones presidenciales, dej\u00f3 al dirigente del\u00a0<strong>Centro Democr\u00e1tico<\/strong>, de 39 a\u00f1os,\u00a0<strong>en estado de \u201cm\u00e1xima gravedad\u201d<\/strong>\u00a0y con pron\u00f3stico reservado. El legislador fue\u00a0<strong>sometido a dos cirug\u00edas<\/strong>\u00a0en la\u00a0<strong>Fundaci\u00f3n Santa Fe<\/strong>, una de las cl\u00ednicas m\u00e1s prestigiosas del pa\u00eds.<\/p>\n\n\n\n<p>El\u00a0<strong>ministro de Defensa<\/strong>,\u00a0<strong>Pedro S\u00e1nchez Su\u00e1rez<\/strong>, explic\u00f3 este domingo en conferencia de prensa que las\u00a0<strong>l\u00edneas investigativas\u00a0<\/strong>apuntan a tres posibles m\u00f3viles: \u201cPodr\u00edamos agruparlas en tres grandes grupos: si fue directamente por tratarse de Miguel Uribe Turbay; o si fue por ser pol\u00edtico y todo lo que va alrededor de su partido pol\u00edtico; o si se trata de desestabilizar al Gobierno nacional, a trav\u00e9s de atentados a algunos miembros que piensen diferente a este Gobierno\u201d <\/p>\n\n\n\n<p>La investigaci\u00f3n est\u00e1 en manos de un equipo conjunto de&nbsp;<strong>188 agentes de la Polic\u00eda Nacional<\/strong>&nbsp;y de la&nbsp;<strong>Fiscal\u00eda General<\/strong>, seg\u00fan inform\u00f3 el&nbsp;<strong>director de la Polic\u00eda<\/strong>,&nbsp;<strong>general Carlos Fernando Triana<\/strong>. Si bien medios locales reportaron que el atacante, un adolescente de 15 a\u00f1os, habr\u00eda sido detenido con un tel\u00e9fono celular que podr\u00eda contener pruebas relevantes, el general desminti\u00f3 esa versi\u00f3n: \u201cEn el lugar de los hechos no hab\u00eda un celular\u201d.<\/p>\n\n\n\n<p>El hecho ha encendido las alarmas en el sistema pol\u00edtico colombiano. El propio&nbsp;<strong>presidente Gustavo Petro<\/strong>&nbsp;particip\u00f3 del consejo extraordinario de seguridad convocado tras el atentado y orden\u00f3 \u201cla ampliaci\u00f3n de los sistemas de seguridad de los miembros de la oposici\u00f3n y de las familias de los integrantes del gobierno nacional, ante las nuevas amenazas directas contra los hijos de ministros y presidente\u201d.<\/p>\n\n\n\n<p>Seg\u00fan trascendi\u00f3,&nbsp;<strong>Antonella Petro<\/strong>, hija del mandatario, tambi\u00e9n fue amenazada en las \u00faltimas horas, al igual que integrantes del c\u00edrculo \u00edntimo del&nbsp;<strong>ministro del Interior<\/strong>,&nbsp;<strong>Armando Benedetti<\/strong>. El funcionario adelant\u00f3 que este lunes se celebrar\u00e1 una&nbsp;<strong>reuni\u00f3n entre el Ejecutivo y los presidentes de los principales partidos<\/strong>&nbsp;para analizar las garant\u00edas electorales y contener la escalada de violencia pol\u00edtica.<\/p>\n\n\n\n<p>Benedetti fue enf\u00e1tico al se\u00f1alar que \u201clo que pide el Ministerio del Interior y el mismo Gobierno es que se acaben las insinuaciones de la responsabilidad sobre ese crimen, porque eso nos aleja de la verdad y al alejarnos de la verdad estamos mucho m\u00e1s f\u00e1cil de caer en el abismo de la violencia\u201d.<\/p>\n\n\n\n<p>En ese mismo tono, S\u00e1nchez Su\u00e1rez llam\u00f3 a la ciudadan\u00eda a actuar con \u201c<strong>sensatez, prudencia y respeto<\/strong>\u201d, y denunci\u00f3 que en redes sociales \u201cse ha detectado lenguaje de odio y manifestaciones que no son propias de una democracia madura\u201d.<\/p>\n\n\n\n<p>La clase pol\u00edtica, tanto oficialista como opositora, coincidi\u00f3 en repudiar el ataque y exhort\u00f3 a todos los sectores a moderar el discurso. Sin embargo, varios dirigentes de la oposici\u00f3n cuestionaron la actitud del presidente Petro y lo acusaron de\u00a0<strong>\u201cfomentar la polarizaci\u00f3n\u201d<\/strong>\u00a0en el marco de la disputa electoral.<\/p>\n\n\n\n<figure class=\"wp-block-gallery has-nested-images columns-default is-cropped wp-block-gallery-1 is-layout-flex wp-block-gallery-is-layout-flex\">\n<figure class=\"wp-block-image size-large\"><img loading=\"lazy\" decoding=\"async\" width=\"905\" height=\"514\" data-id=\"2740\" src=\"https:\/\/pasahoy.com.ar\/ph\/wp-content\/uploads\/2025\/06\/1000408880.png\" alt=\"\" class=\"wp-image-2740\" srcset=\"https:\/\/pasahoy.com.ar\/ph\/wp-content\/uploads\/2025\/06\/1000408880.png 905w, https:\/\/pasahoy.com.ar\/ph\/wp-content\/uploads\/2025\/06\/1000408880-300x170.png 300w, https:\/\/pasahoy.com.ar\/ph\/wp-content\/uploads\/2025\/06\/1000408880-768x436.png 768w\" sizes=\"auto, (max-width: 905px) 100vw, 905px\" \/><\/figure>\n<\/figure>\n","protected":false},"excerpt":{"rendered":"<p>El senador y precandidato presidencial permanece en estado cr\u00edtico tras haber recibido dos disparos en un acto p\u00fablico en Bogot\u00e1. Las autoridades no descartan un intento de desestabilizaci\u00f3n institucional. El\u00a0Gobierno colombiano\u00a0inform\u00f3 que trabaja sobre\u00a0tres hip\u00f3tesis\u00a0principales para esclarecer el\u00a0atentado contra el senador Miguel Uribe Turbay, quien fue gravemente herido el s\u00e1bado mientras encabezaba un acto pol\u00edtico [&hellip;]<\/p>\n","protected":false},"author":3,"featured_media":2740,"comment_status":"open","ping_status":"open","sticky":false,"template":"","format":"standard","meta":{"_jetpack_memberships_contains_paid_content":false,"footnotes":""},"categories":[3],"tags":[],"class_list":["post-2739","post","type-post","status-publish","format-standard","has-post-thumbnail","hentry","category-internacional"],"jetpack_featured_media_url":"https:\/\/pasahoy.com.ar\/ph\/wp-content\/uploads\/2025\/06\/1000408880.png","jetpack_sharing_enabled":true,"_links":{"self":[{"href":"https:\/\/pasahoy.com.ar\/ph\/wp-json\/wp\/v2\/posts\/2739","targetHints":{"allow":["GET"]}}],"collection":[{"href":"https:\/\/pasahoy.com.ar\/ph\/wp-json\/wp\/v2\/posts"}],"about":[{"href":"https:\/\/pasahoy.com.ar\/ph\/wp-json\/wp\/v2\/types\/post"}],"author":[{"embeddable":true,"href":"https:\/\/pasahoy.com.ar\/ph\/wp-json\/wp\/v2\/users\/3"}],"replies":[{"embeddable":true,"href":"https:\/\/pasahoy.com.ar\/ph\/wp-json\/wp\/v2\/comments?post=2739"}],"version-history":[{"count":1,"href":"https:\/\/pasahoy.com.ar\/ph\/wp-json\/wp\/v2\/posts\/2739\/revisions"}],"predecessor-version":[{"id":2741,"href":"https:\/\/pasahoy.com.ar\/ph\/wp-json\/wp\/v2\/posts\/2739\/revisions\/2741"}],"wp:featuredmedia":[{"embeddable":true,"href":"https:\/\/pasahoy.com.ar\/ph\/wp-json\/wp\/v2\/media\/2740"}],"wp:attachment":[{"href":"https:\/\/pasahoy.com.ar\/ph\/wp-json\/wp\/v2\/media?parent=2739"}],"wp:term":[{"taxonomy":"category","embeddable":true,"href":"https:\/\/pasahoy.com.ar\/ph\/wp-json\/wp\/v2\/categories?post=2739"},{"taxonomy":"post_tag","embeddable":true,"href":"https:\/\/pasahoy.com.ar\/ph\/wp-json\/wp\/v2\/tags?post=2739"}],"curies":[{"name":"wp","href":"https:\/\/api.w.org\/{rel}","templated":true}]}}