{"id":2736,"date":"2025-06-09T20:07:00","date_gmt":"2025-06-09T20:07:00","guid":{"rendered":"https:\/\/pasahoy.com.ar\/ph\/?p=2736"},"modified":"2025-06-09T20:07:11","modified_gmt":"2025-06-09T20:07:11","slug":"por-que-trump-se-juega-su-politica-migratoria-en-los-angeles-una-ciudad-donde-el-48-es-hispano","status":"publish","type":"post","link":"https:\/\/pasahoy.com.ar\/ph\/por-que-trump-se-juega-su-politica-migratoria-en-los-angeles-una-ciudad-donde-el-48-es-hispano\/","title":{"rendered":"Por qu\u00e9 Trump se juega su pol\u00edtica migratoria en Los \u00c1ngeles, una ciudad donde el 48% es hispano"},"content":{"rendered":"\n<p>Siguen los disturbios y razias visibles. Llegaron 300 efectivos de la Guardia Nacional, sin el consentimiento de las autoridades locales.<\/p>\n\n\n\n<p><strong>Los \u00c1ngeles<\/strong>\u00a0est\u00e1 marcando hoy a fuego la pol\u00e9mica agenda migratoria de Estados Unidos. Las\u00a0<a href=\"https:\/\/tn.com.ar\/internacional\/2025\/06\/09\/violentos-incidentes-en-las-protestas-contra-las-medidas-de-trump-patrulleros-quemados-heridos-y-detenidos\/\">violentas protestas que estallaron en los \u00faltimos d\u00edas contra las masivas redadas de migrantes\u00a0<\/a>prendi\u00f3 una mecha dif\u00edcil de apagar en una ciudad donde la mitad de sus habitantes son hispanos. <\/p>\n\n\n\n<p>Cada redada, cada arresto y cada deportaci\u00f3n impacta de lleno en una comunidad orgullosa de sus ra\u00edces latinas. La\u00a0<a href=\"https:\/\/tn.com.ar\/internacional\/2025\/06\/08\/donald-trump-despliega-2000-efectivos-en-los-angeles-para-apaciguar-las-protestas-por-las-medidas-migratorias\/\">militarizaci\u00f3n ordenada por Donald Trump para reprimir las protestas<\/a>\u00a0no hizo m\u00e1s que agravar un conflicto entre dos partes dispuestas a ir a fondo.<\/p>\n\n\n\n<p>Por un lado, los angelinos tienen un historial de movilizaci\u00f3n superior a otras ciudades de los Estados Unidos, como ocurri\u00f3 en 1992 con el llamado \u201c<strong>levantamiento de Los \u00c1ngeles<\/strong>\u201d tras la absoluci\u00f3n de los polic\u00edas blancos que molieron a palos al taxista afroamericano&nbsp;<strong>Rodney King<\/strong>. Hubo saqueos, disturbios e incendios. Entonces tambi\u00e9n fue necesario desplegar, como ahora, la Guardia Nacional y hasta soldados del ej\u00e9rcito, aunque en esa ocasi\u00f3n cont\u00f3 con el permiso de las autoridades locales.<\/p>\n\n\n\n<p>En frente est\u00e1 nada menos que el gobierno de Trump, dispuesto a demostrar que act\u00faa en serio cuando<strong>&nbsp;habla de deportar a 11 millones de inmigrantes<\/strong>. \u201cTodo es parte de un plan. Busca sembrar el miedo, mostrar mano dura y asegurar que lo sigan apoyando quienes lo votaron. Est\u00e1 mostrando con evidencia que el pa\u00eds necesita ser limpiado de esta gente\u201d,<\/p>\n\n\n\n<h2 class=\"wp-block-heading\">\u00bfPueden extenderse las protestas hacia otras ciudades de Estados Unidos?<\/h2>\n\n\n\n<p>Hoy&nbsp;<strong>Trump se juega en Los \u00c1ngeles el futuro de su pol\u00edtica de mano dura migratoria<\/strong>. Las masivas redadas contra migrantes desataron las protestas. Los agentes del Servicio de Migraci\u00f3n y Control de Aduanas (ICE) detuvieron a cientos de latinos.<\/p>\n\n\n\n<p>Las razias son visibles en una ciudad donde el 48% de sus casi cuatro millones de habitantes es hispano. Se llevan a vecinos, familiares, amigos, conocidos o compa\u00f1eros de trabajo. No pasan desapercibidos.<\/p>\n\n\n\n<figure class=\"wp-block-gallery has-nested-images columns-default is-cropped wp-block-gallery-1 is-layout-flex wp-block-gallery-is-layout-flex\">\n<figure class=\"wp-block-image size-large\"><img loading=\"lazy\" decoding=\"async\" width=\"954\" height=\"537\" data-id=\"2737\" src=\"https:\/\/pasahoy.com.ar\/ph\/wp-content\/uploads\/2025\/06\/1000408867.png\" alt=\"\" class=\"wp-image-2737\" srcset=\"https:\/\/pasahoy.com.ar\/ph\/wp-content\/uploads\/2025\/06\/1000408867.png 954w, https:\/\/pasahoy.com.ar\/ph\/wp-content\/uploads\/2025\/06\/1000408867-300x169.png 300w, https:\/\/pasahoy.com.ar\/ph\/wp-content\/uploads\/2025\/06\/1000408867-768x432.png 768w\" sizes=\"auto, (max-width: 954px) 100vw, 954px\" \/><\/figure>\n<\/figure>\n","protected":false},"excerpt":{"rendered":"<p>Siguen los disturbios y razias visibles. Llegaron 300 efectivos de la Guardia Nacional, sin el consentimiento de las autoridades locales. Los \u00c1ngeles\u00a0est\u00e1 marcando hoy a fuego la pol\u00e9mica agenda migratoria de Estados Unidos. Las\u00a0violentas protestas que estallaron en los \u00faltimos d\u00edas contra las masivas redadas de migrantes\u00a0prendi\u00f3 una mecha dif\u00edcil de apagar en una ciudad [&hellip;]<\/p>\n","protected":false},"author":3,"featured_media":2737,"comment_status":"open","ping_status":"open","sticky":false,"template":"","format":"standard","meta":{"_jetpack_memberships_contains_paid_content":false,"footnotes":""},"categories":[3],"tags":[],"class_list":["post-2736","post","type-post","status-publish","format-standard","has-post-thumbnail","hentry","category-internacional"],"jetpack_featured_media_url":"https:\/\/pasahoy.com.ar\/ph\/wp-content\/uploads\/2025\/06\/1000408867.png","jetpack_sharing_enabled":true,"_links":{"self":[{"href":"https:\/\/pasahoy.com.ar\/ph\/wp-json\/wp\/v2\/posts\/2736","targetHints":{"allow":["GET"]}}],"collection":[{"href":"https:\/\/pasahoy.com.ar\/ph\/wp-json\/wp\/v2\/posts"}],"about":[{"href":"https:\/\/pasahoy.com.ar\/ph\/wp-json\/wp\/v2\/types\/post"}],"author":[{"embeddable":true,"href":"https:\/\/pasahoy.com.ar\/ph\/wp-json\/wp\/v2\/users\/3"}],"replies":[{"embeddable":true,"href":"https:\/\/pasahoy.com.ar\/ph\/wp-json\/wp\/v2\/comments?post=2736"}],"version-history":[{"count":1,"href":"https:\/\/pasahoy.com.ar\/ph\/wp-json\/wp\/v2\/posts\/2736\/revisions"}],"predecessor-version":[{"id":2738,"href":"https:\/\/pasahoy.com.ar\/ph\/wp-json\/wp\/v2\/posts\/2736\/revisions\/2738"}],"wp:featuredmedia":[{"embeddable":true,"href":"https:\/\/pasahoy.com.ar\/ph\/wp-json\/wp\/v2\/media\/2737"}],"wp:attachment":[{"href":"https:\/\/pasahoy.com.ar\/ph\/wp-json\/wp\/v2\/media?parent=2736"}],"wp:term":[{"taxonomy":"category","embeddable":true,"href":"https:\/\/pasahoy.com.ar\/ph\/wp-json\/wp\/v2\/categories?post=2736"},{"taxonomy":"post_tag","embeddable":true,"href":"https:\/\/pasahoy.com.ar\/ph\/wp-json\/wp\/v2\/tags?post=2736"}],"curies":[{"name":"wp","href":"https:\/\/api.w.org\/{rel}","templated":true}]}}