{"id":2733,"date":"2025-06-09T20:02:19","date_gmt":"2025-06-09T20:02:19","guid":{"rendered":"https:\/\/pasahoy.com.ar\/ph\/?p=2733"},"modified":"2025-06-09T20:02:31","modified_gmt":"2025-06-09T20:02:31","slug":"scaloni-messi-titular-mastantuono-al-real-madrid-paredes-a-boca-y-la-lista-para-el-2026","status":"publish","type":"post","link":"https:\/\/pasahoy.com.ar\/ph\/scaloni-messi-titular-mastantuono-al-real-madrid-paredes-a-boca-y-la-lista-para-el-2026\/","title":{"rendered":"Scaloni: \u00abMessi titular\u00bb, Mastantuono al Real Madrid, Paredes a Boca y la lista para el 2026"},"content":{"rendered":"\n<p>En una extensa conferencia de prensa previa al partido con Colombia,<a href=\"https:\/\/www.ole.com.ar\/tema\/lionel-scaloni.html\">\u00a0Lionel Scaloni<\/a>\u00a0confirm\u00f3 que\u00a0<a href=\"https:\/\/www.ole.com.ar\/tema\/lionel-messi.html\">Lionel Messi\u00a0<\/a>volver\u00e1 a ser titular tras jugar poco m\u00e1s de media hora ante Chile. El entrenador de la Selecci\u00f3n, adem\u00e1s, respondi\u00f3 sobre la partida de Mastantuono al Real Madrid, la posible llegada de Paredes a Boca y de la lista de cara al pr\u00f3ximo mundial.<\/p>\n\n\n\n<h2 class=\"wp-block-heading\"><strong>Scaloni sobre Messi: \u00abNo tenemos dudas, va a jugar de entrada\u00bb<\/strong><\/h2>\n\n\n\n<p>La ausencia de Lionel Messi desde el arranque ante Chile, ten\u00eda una premisa \u00fanica que era asegurar la titularidad del 10 frente a Colombia. Claro, luego de llegar a un acuerdo mutuo con el DT, Leo decidi\u00f3 no estar desde el arranque frente a los trasandinos para llegar en \u00f3ptimas condiciones f\u00edsicas al duelo de este martes con los cafeteros, pese a que no arrastraba ninguna molestia o lesi\u00f3n en la previa. Ante ello, Scaloni confirm\u00f3 que el rosarino estar\u00e1 desde el arranque.&nbsp;<strong>\u00abLeo va a jugar de entrada. No tenemos dudas y esperemos que la gente disfrute de \u00e9l y del equipo\u201d, dijo.<\/strong><\/p>\n\n\n\n<p>Otro de los temas que hab\u00eda surgido en las \u00faltimas horas era la posible salida de Walter Samuel al Inter. Es que tras la salida de Simone Inzaghi, el club italiano confirm\u00f3 el arribo de Christian Chivu, ex compa\u00f1ero del ayudante de Scaloni en el Neroazzuri. Luego de sellar su llegada, el rumano llam\u00f3 a Samuel para que sea parte de su cuerpo t\u00e9cnico, algo que fue desestimado por el ayudante de Scaloni.&nbsp;<strong>\u00abHubo un llamado de Chivu, que es un amigo y compa\u00f1ero suyo,<\/strong>&nbsp;para ver si lo acompa\u00f1aba en el Inter, que es el club donde hizo su carrera.&nbsp;<strong>Walter agradeci\u00f3 el llamado, pero \u00e9l tiene un compromiso con nosotros.<\/strong>&nbsp;Dice mucho de \u00e9l elegir quedarse. De mi parte le agradezco porque es una muestra de cari\u00f1o y profesionalidad. As\u00ed est\u00e1 la cosa, tema cerrado\u201d.<\/p>\n\n\n\n<p>Luego del triunfo ante Chile, el seleccionado argentino deber\u00e1 verse las caras con Colombia, un equipo que parece atravesar un baj\u00f3n futbol\u00edstico luego de haber jugado la final de la Copa Am\u00e9rica. M\u00e1s all\u00e1 del irregular presente del conjunto de N\u00e9stor Lorenzo, que tambi\u00e9n atraviesa rumores de conflictos internos luego de un cruce del DT con Jhon Duran, el DT del seleccionado argentino asegur\u00f3 que se trata de uno de los mejores planteles de las Eliminatorias. \u00abEs un poco extra\u00f1o decir que est\u00e1 en un bache porque para m\u00ed Colombia ha merecido ganar un mont\u00f3n de partidos en los que no tuvo suerte. Ha perdido partidos en los \u00faltimos minutos como con Uruguay. Ha merecido ganar otros. La estad\u00edstica a veces no dice la verdad.&nbsp;<strong>Si hubiera ganado, estar\u00eda segundo. Es un buen equipo, dir\u00eda de los mejores. Est\u00e1 a la altura de las mejores selecciones del mundo.<\/strong>&nbsp;No s\u00e9 ni estoy al tanto de lo que ocurre internamente\u201d, dijo.<\/p>\n\n\n\n<h2 class=\"wp-block-heading\">Los posibles cambios con Colombia<\/h2>\n\n\n\n<p>Adem\u00e1s, anticip\u00f3 el equipo que podr\u00eda parar ante los cafeferos, en donde no podr\u00e1 contar con Nicol\u00e1s Tagliafico, que debe cumplir una fecha de suspensi\u00f3n. \u201c\u00daltimamente no lo doy por peque\u00f1os problemas. Ante lo daba pero siempre hay alg\u00fan contratiempo. No est\u00e1 bueno decirlo y que despu\u00e9s haya que cambiar.&nbsp;<strong>Si es por la baja de Tagliafico, estamos mirando a Facundo Medina y Valent\u00edn Barco. Ten\u00edamos la posibilidad de Nico Gonz\u00e1lez, pero teniendo a dos chicos que pueden hacer ese trabajo vamos a decantarnos por ellos dos<\/strong>. Por el resto vamos a esperar porque hay algunos chicos que no est\u00e1n al 100%. Si dan se\u00f1ales de que est\u00e1n bien no va a ver muchos cambios\u201d, asegur\u00f3.<\/p>\n\n\n\n<p>A lo que agreg\u00f3: \u00abLuis D\u00edaz se tira m\u00e1s a la izquierda. Siempre miramos al rival, pero en este caso estamos m\u00e1s pendiente a lo que planteamos nosotros\u201d.<\/p>\n\n\n\n<p>M\u00e1s all\u00e1 del cambio obligado por la sanci\u00f3n de Tagliafico, Scaloni no dio certezas en cuanto a quien acompa\u00f1ar\u00e1 a Juli\u00e1n \u00c1lvarez y Lionel Messi en el frente del ataque, un lugar que se dirime entre Thiago Almada, Lautaro Mart\u00ednez y Nico Gonz\u00e1lez.&nbsp;<strong>\u00abLautaro est\u00e1 bien. Le dimos algunos d\u00edas libres porque as\u00ed lo merec\u00eda porque fue el que m\u00e1s tarde termin\u00f3 y jug\u00f3 la final de Champions. Le dimos algunos d\u00edas para que est\u00e9 disponible para ma\u00f1ana y ya veremos despu\u00e9s\u201d<\/strong>, asegur\u00f3.<\/p>\n\n\n\n<p>Adem\u00e1s, tambi\u00e9n habl\u00f3 sobre el volante del Lyon. \u201cLos que juegan bien siempre pueden jugar juntos.&nbsp;<strong>Y los que juegan bien al lado de los que juegan bien, juegan mejor. No podemos poner 10 n\u00fameros 10, hay que tener un equilibro. Thiago puede jugar por adentro o por afuera, por izquierda.&nbsp;<\/strong>Es un jugador completo que se mueve bien es espacios reducidos. Es una aparici\u00f3n importante en el equipo inicial. Hace estar alerta a los dem\u00e1s. Thiago estuvo con nostros cuando estaba en Atlanta. Yo lo dirig\u00ed en la Sub-20 y s\u00e9 lo que puede dar. El que juega bien ac\u00e1, juega bien en Europa. Es dif\u00edcil que si no jug\u00e1s bien ac\u00e1, no puedas jugar bien en Europa. Es importante que haya madurado\u201d.<\/p>\n\n\n\n<h2 class=\"wp-block-heading\">El presente de la Selecci\u00f3n y la lista de Mundial<\/h2>\n\n\n\n<p>No hay dudas de que el seleccionado argentino es, ampliamente, el mejor equipo de las Eliminatorias. De hecho, los de Scaloni son la \u00fanica selecci\u00f3n sudamericana clasificada al Mundial 2026. Ante ello, el DT sentenci\u00f3 que no piensa en si son la mejor selecci\u00f3n del mundo. \u201cNo tiene sentido pensar si somos la mejor selecci\u00f3n del mundo.&nbsp;<strong>M\u00e1s all\u00e1 de ser la mejor o no, somos un equipo competitivo que puede jugar de igual a igual con cualquiera.&nbsp;<\/strong>Es un debate que no me interesa. Es verdad que somos una selecci\u00f3n que compite y siempre estaremos para ponerle las cosas dif\u00edciles a nuestro rival\u201d, dijo.<\/p>\n\n\n\n<p>A lo que agreg\u00f3: \u201cEl equipo est\u00e1 en un momento en el que puede jugar de la misma manera con o sin Leo. Antes era un poco mas complejo porque a lo mejor hab\u00eda que cambiar m\u00e1s jugadores. Hoy no tenemos esa necesidad y el equipo funciona igual.<strong>&nbsp;No s\u00e9 si es el mejor momento, despu\u00e9s de la Copa Am\u00e9rica 2021 tuvimos buenos partidos. Esto es por partido y no analizamos si es o no el mejor momento. Hemos mantenido una l\u00ednea y eso es lo que nos interesa\u201d.<\/strong><\/p>\n\n\n\n<p>A su vez asegur\u00f3 que, de cara al Mundial 2026, no deber\u00eda cambiar demasiado el espectro de jugadores en consideraci\u00f3n. \u201cPor ganas tendr\u00eda un mont\u00f3n, incluso chicos que no vinieron o algunos juveniles que hemos visto entrenar.&nbsp;<strong>Al final todos merecen una oportunidad, pero no es f\u00e1cil.<\/strong>&nbsp;El equipo tiene que tener un equilibro y una estructura, a veces romperla no est\u00e1 bueno. Puede traer problemas. Los jugadores que entran son los que realmente necesita el equipo. De los ventipico que somos, la mayor\u00eda son chicos que siempre han estado con nosotros. En definitiva, cambi\u00e1s dos o tres y el equipo parece que siempre es el mismo.<strong>&nbsp;Seguir\u00e1 pasando eso a medida con que no haya contratiempos. Ser\u00e1n estos los chicos que van a estar en carrera de cara al Mundial.<\/strong>&nbsp;Al final, todos sabemos los nombres que hay y no va a diferir mucho. Los casilleros son los que son y no nos dan motivos para cambiar\u201d.\u201d, confes\u00f3.<\/p>\n\n\n\n<p>Sin embargo, analizo lo ocurrido en Qatar 2022, en donde tuvo que hacer cambios de \u00faltimo momento en la lista ante las lesiones de Joaqu\u00edn Correa y Nicol\u00e1s Gonz\u00e1lez en los amistosos previos al comienzo del certamen. \u201cTeniendo de experiencia el Mundial pasado,&nbsp;<strong>no tiene sentido pensar en la lista a un a\u00f1o de la Copa.<\/strong>&nbsp;Tiene que ser en el momento final m\u00e1s all\u00e1 de haber una idea.&nbsp;<strong>Puede haber much\u00edsimas sorpresas, bajos rendimiento o lesiones, eso nos ha servido de experiencia el mundial pasado.<\/strong>&nbsp;Por suerte hemos sabido contrarrestarlas. Lo mejor es esperar hasta el final\u201d, dijo.<\/p>\n\n\n\n<h2 class=\"wp-block-heading\">Scaloni sobre Mastantuono: \u00abEs un paso enorme para \u00e9l\u00bb<\/h2>\n\n\n\n<p>Est\u00e1 claro que la gran noticia de las \u00faltimas horas es la salida de Franco Mastantuono al Real Madrid, algo que se dar\u00e1 luego del Mundial de Clubes. En medio de su convocatoria a la Selecci\u00f3n y tras debutar ante Chile el pasado jueves, el chico de 17 a\u00f1os dejar\u00e1 el Millonario en los pr\u00f3ximos d\u00edas para dar el salto al Merengue, que pagar\u00e1 60 millones de euros por \u00e9l. \u201c<strong>Si es que realmente se da, es un mont\u00f3n. Irse al Real Madrid es una cosa gigantesca. Hablamos del mejor o uno de los mejores clubes del mundo. Es un paso enorme para \u00e9l y l\u00f3gicamente sigue teniendo 17 a\u00f1os\u00bb,<\/strong>&nbsp;dijo Scaloni.<\/p>\n\n\n\n<p>Adem\u00e1s, el DT se refiri\u00f3 a la cada vez m\u00e1s prematura salida de j\u00f3venes hacia el f\u00fatbol europeo, as\u00ed como tambi\u00e9n a la necesidad de entender que se trata de un jugador de apenas 17 a\u00f1os. \u00abDe nuestro parte, hemos hablado con \u00e9l en estos d\u00edas: con esas ganas, esa cabeza y esas ganas de aprender, seguramente le va a ir bien.&nbsp;<strong>Necesitamos que todo el mundo que est\u00e1 a su alrededor sepa que est\u00e1 adelante de un chico de 17 a\u00f1os. Lo tenemos que ayudar entre todos para que sea todav\u00eda mejor<\/strong>. Contento si se da, porque ser\u00e1 que los clubes grandes miran realmente el f\u00fatbol argentino. Ojal\u00e1 sea el principio de muchos m\u00e1s, aunque a\u00f1os atr\u00e1s se iban los Saviola, Riquelme, Aimar a los grandes clubes.<strong>&nbsp;Obviamente que perderlos no est\u00e1 bueno, pero realmente est\u00e1 bueno verlos los fines de semana en los mejores clubes del mundo\u201d, asegur\u00f3.<\/strong><\/p>\n\n\n\n<h2 class=\"wp-block-heading\">La posible llegada de Paredes a Boca<\/h2>\n\n\n\n<p>Otro de los grandes temas de la jornada es el posible arribo de Leandro Paredes a Boca. Si bien el entrenador valor\u00f3 una posible vuelta del campe\u00f3n del mundo al f\u00fatbol argentino, asegur\u00f3 que no se mete en las decisiones de sus jugadores. Sin embargo, confes\u00f3 que no eval\u00faan donde juegan sus players, sino la frecuencia con la que lo hacen. \u201cEsta pregunta la respond\u00ed un mont\u00f3n de veces, nosotros no nos metemos en las decisiones de los jugadores porque detr\u00e1s de esto hay un mont\u00f3n de cosas: familiares, econ\u00f3micas\u2026 Nosotros vamos a valorar su rendimiento y punto. Si nos quieren contar, nos cuentan.&nbsp;<strong>Creo que no es importante d\u00f3nde est\u00e9n, sino que es importante que jueguen. Si vuelve ser\u00e1 espectacular para el f\u00fatbol argentino, otro campe\u00f3n del mundo m\u00e1s.<\/strong>&nbsp;No puedo ir m\u00e1s all\u00e1 porque no tengo mucha informaci\u00f3n, repito que no nos metemos\u201d, confes\u00f3.<\/p>\n\n\n\n<figure class=\"wp-block-gallery has-nested-images columns-default is-cropped wp-block-gallery-1 is-layout-flex wp-block-gallery-is-layout-flex\">\n<figure class=\"wp-block-image size-large\"><img loading=\"lazy\" decoding=\"async\" width=\"917\" height=\"838\" data-id=\"2734\" src=\"https:\/\/pasahoy.com.ar\/ph\/wp-content\/uploads\/2025\/06\/1000408860.png\" alt=\"\" class=\"wp-image-2734\" srcset=\"https:\/\/pasahoy.com.ar\/ph\/wp-content\/uploads\/2025\/06\/1000408860.png 917w, https:\/\/pasahoy.com.ar\/ph\/wp-content\/uploads\/2025\/06\/1000408860-300x274.png 300w, https:\/\/pasahoy.com.ar\/ph\/wp-content\/uploads\/2025\/06\/1000408860-768x702.png 768w\" sizes=\"auto, (max-width: 917px) 100vw, 917px\" \/><\/figure>\n<\/figure>\n","protected":false},"excerpt":{"rendered":"<p>En una extensa conferencia de prensa previa al partido con Colombia,\u00a0Lionel Scaloni\u00a0confirm\u00f3 que\u00a0Lionel Messi\u00a0volver\u00e1 a ser titular tras jugar poco m\u00e1s de media hora ante Chile. El entrenador de la Selecci\u00f3n, adem\u00e1s, respondi\u00f3 sobre la partida de Mastantuono al Real Madrid, la posible llegada de Paredes a Boca y de la lista de cara al [&hellip;]<\/p>\n","protected":false},"author":3,"featured_media":2734,"comment_status":"open","ping_status":"open","sticky":false,"template":"","format":"standard","meta":{"_jetpack_memberships_contains_paid_content":false,"footnotes":""},"categories":[4],"tags":[],"class_list":["post-2733","post","type-post","status-publish","format-standard","has-post-thumbnail","hentry","category-deporte"],"jetpack_featured_media_url":"https:\/\/pasahoy.com.ar\/ph\/wp-content\/uploads\/2025\/06\/1000408860.png","jetpack_sharing_enabled":true,"_links":{"self":[{"href":"https:\/\/pasahoy.com.ar\/ph\/wp-json\/wp\/v2\/posts\/2733","targetHints":{"allow":["GET"]}}],"collection":[{"href":"https:\/\/pasahoy.com.ar\/ph\/wp-json\/wp\/v2\/posts"}],"about":[{"href":"https:\/\/pasahoy.com.ar\/ph\/wp-json\/wp\/v2\/types\/post"}],"author":[{"embeddable":true,"href":"https:\/\/pasahoy.com.ar\/ph\/wp-json\/wp\/v2\/users\/3"}],"replies":[{"embeddable":true,"href":"https:\/\/pasahoy.com.ar\/ph\/wp-json\/wp\/v2\/comments?post=2733"}],"version-history":[{"count":1,"href":"https:\/\/pasahoy.com.ar\/ph\/wp-json\/wp\/v2\/posts\/2733\/revisions"}],"predecessor-version":[{"id":2735,"href":"https:\/\/pasahoy.com.ar\/ph\/wp-json\/wp\/v2\/posts\/2733\/revisions\/2735"}],"wp:featuredmedia":[{"embeddable":true,"href":"https:\/\/pasahoy.com.ar\/ph\/wp-json\/wp\/v2\/media\/2734"}],"wp:attachment":[{"href":"https:\/\/pasahoy.com.ar\/ph\/wp-json\/wp\/v2\/media?parent=2733"}],"wp:term":[{"taxonomy":"category","embeddable":true,"href":"https:\/\/pasahoy.com.ar\/ph\/wp-json\/wp\/v2\/categories?post=2733"},{"taxonomy":"post_tag","embeddable":true,"href":"https:\/\/pasahoy.com.ar\/ph\/wp-json\/wp\/v2\/tags?post=2733"}],"curies":[{"name":"wp","href":"https:\/\/api.w.org\/{rel}","templated":true}]}}