{"id":2730,"date":"2025-06-09T19:56:27","date_gmt":"2025-06-09T19:56:27","guid":{"rendered":"https:\/\/pasahoy.com.ar\/ph\/?p=2730"},"modified":"2025-06-09T19:56:39","modified_gmt":"2025-06-09T19:56:39","slug":"wanda-nara-furiosa-tomaria-una-contundente-medida-contra-los-medios-de-turquia","status":"publish","type":"post","link":"https:\/\/pasahoy.com.ar\/ph\/wanda-nara-furiosa-tomaria-una-contundente-medida-contra-los-medios-de-turquia\/","title":{"rendered":"Wanda Nara, furiosa, tomar\u00eda una contundente medida contra los medios de Turqu\u00eda"},"content":{"rendered":"\n<p>Algunos sitios compartieron im\u00e1genes suyas en bikini en las playas de Ibiza.<\/p>\n\n\n\n<p><a href=\"https:\/\/www.pronto.com.ar\/temas\/wanda-nara-111.html\" target=\"_blank\" rel=\"noreferrer noopener\"><strong>Wanda Nara<\/strong><\/a>, durante su estad\u00eda en Europa,\u00a0<a href=\"https:\/\/www.pronto.com.ar\/espectaculos\/2025\/6\/3\/los-dias-de-wanda-nara-en-ibiza-playa-compras-lujos-guinos-mauro-icardi-la-china-suarez-258190.html\" target=\"_blank\" rel=\"noreferrer noopener\">pas\u00f3 varios d\u00edas en Ibiza<\/a>.\u00a0<a href=\"https:\/\/www.pronto.com.ar\/espectaculos\/2025\/6\/4\/guerra-de-corazones-azules-entre-wanda-nara-mauro-icardi-quien-copia-quien-258273.html\" target=\"_blank\" rel=\"noreferrer noopener\">La medi\u00e1tica pos\u00f3 en la playa, en un yate<\/a>\u00a0y\u00a0<a href=\"https:\/\/www.pronto.com.ar\/espectaculos\/2025\/6\/5\/que-hacia-wanda-nara-en-ibiza-con-quien-mientras-allanaban-la-casa-de-su-abogado-en-la-argentina-258301.html\" target=\"_blank\" rel=\"noreferrer noopener\">sali\u00f3 de fiesta<\/a>. Como siempre, comparti\u00f3 las im\u00e1genes en sus redes sociales. No contaba con que algunos paparazzis estaban por la zona y tambi\u00e9n captaron fotos de ella. Los medios turcos las usaron para destrozarla en sus notas y ella habr\u00eda decidido demandarlos.<\/p>\n\n\n\n<p><strong>Wanda Nara iniciar\u00eda acciones legales contra todos los medios turcos que hablaron o publicaron cosas de ella\u00bb<\/strong>, cont\u00f3 Gonzalo Sorbo en Infama.\u00a0\u00abSean im\u00e1genes, videos, o los que supuestamente dijeron calumnias o injurias\u00bb, agreg\u00f3 el panelista. La medi\u00e1tica habr\u00eda tomado esta medida, luego de sentirse \u00abhostigada\u00bb.<\/p>\n\n\n\n<p>Qu\u00e9 hicieron los medios turcos?\u00a0Muchos publicaron fotos de la empresaria en Ibiza en bikini, diferentes a las que la medi\u00e1tica comparti\u00f3 en sus redes sociales y titularon: \u00abWanda Nara sin photoshop impact\u00f3\u00bb.\u00a0<strong>\u00abAntes, cuando estaba con Icardi, no pasaba eso\u00bb<\/strong>, expres\u00f3 Marcela Tauro<\/p>\n\n\n\n<p>Ozgur Sancar, periodista deportivo turco, habl\u00f3 en Infama sobre la imagen que Wanda Nara tiene en su pa\u00eds y la devoci\u00f3n que siente el Galatasaray por Mauro Icardi. \u00abNo tiene buena fama aqu\u00ed. Lo importante para el equipo es la felicidad de Icardi\u00bb, explic\u00f3 y agreg\u00f3: \u00abNadie se interesa con las cosas personales de ella, es una sombra en el pasado de \u00e9l\u00bb.<\/p>\n\n\n\n<figure class=\"wp-block-gallery has-nested-images columns-default is-cropped wp-block-gallery-1 is-layout-flex wp-block-gallery-is-layout-flex\">\n<figure class=\"wp-block-image size-large\"><img loading=\"lazy\" decoding=\"async\" width=\"945\" height=\"555\" data-id=\"2731\" src=\"https:\/\/pasahoy.com.ar\/ph\/wp-content\/uploads\/2025\/06\/1000408846.png\" alt=\"\" class=\"wp-image-2731\" srcset=\"https:\/\/pasahoy.com.ar\/ph\/wp-content\/uploads\/2025\/06\/1000408846.png 945w, https:\/\/pasahoy.com.ar\/ph\/wp-content\/uploads\/2025\/06\/1000408846-300x176.png 300w, https:\/\/pasahoy.com.ar\/ph\/wp-content\/uploads\/2025\/06\/1000408846-768x451.png 768w\" sizes=\"auto, (max-width: 945px) 100vw, 945px\" \/><\/figure>\n<\/figure>\n","protected":false},"excerpt":{"rendered":"<p>Algunos sitios compartieron im\u00e1genes suyas en bikini en las playas de Ibiza. Wanda Nara, durante su estad\u00eda en Europa,\u00a0pas\u00f3 varios d\u00edas en Ibiza.\u00a0La medi\u00e1tica pos\u00f3 en la playa, en un yate\u00a0y\u00a0sali\u00f3 de fiesta. Como siempre, comparti\u00f3 las im\u00e1genes en sus redes sociales. No contaba con que algunos paparazzis estaban por la zona y tambi\u00e9n captaron [&hellip;]<\/p>\n","protected":false},"author":3,"featured_media":2731,"comment_status":"open","ping_status":"open","sticky":false,"template":"","format":"standard","meta":{"_jetpack_memberships_contains_paid_content":false,"footnotes":""},"categories":[5],"tags":[],"class_list":["post-2730","post","type-post","status-publish","format-standard","has-post-thumbnail","hentry","category-espectaculo"],"jetpack_featured_media_url":"https:\/\/pasahoy.com.ar\/ph\/wp-content\/uploads\/2025\/06\/1000408846.png","jetpack_sharing_enabled":true,"_links":{"self":[{"href":"https:\/\/pasahoy.com.ar\/ph\/wp-json\/wp\/v2\/posts\/2730","targetHints":{"allow":["GET"]}}],"collection":[{"href":"https:\/\/pasahoy.com.ar\/ph\/wp-json\/wp\/v2\/posts"}],"about":[{"href":"https:\/\/pasahoy.com.ar\/ph\/wp-json\/wp\/v2\/types\/post"}],"author":[{"embeddable":true,"href":"https:\/\/pasahoy.com.ar\/ph\/wp-json\/wp\/v2\/users\/3"}],"replies":[{"embeddable":true,"href":"https:\/\/pasahoy.com.ar\/ph\/wp-json\/wp\/v2\/comments?post=2730"}],"version-history":[{"count":1,"href":"https:\/\/pasahoy.com.ar\/ph\/wp-json\/wp\/v2\/posts\/2730\/revisions"}],"predecessor-version":[{"id":2732,"href":"https:\/\/pasahoy.com.ar\/ph\/wp-json\/wp\/v2\/posts\/2730\/revisions\/2732"}],"wp:featuredmedia":[{"embeddable":true,"href":"https:\/\/pasahoy.com.ar\/ph\/wp-json\/wp\/v2\/media\/2731"}],"wp:attachment":[{"href":"https:\/\/pasahoy.com.ar\/ph\/wp-json\/wp\/v2\/media?parent=2730"}],"wp:term":[{"taxonomy":"category","embeddable":true,"href":"https:\/\/pasahoy.com.ar\/ph\/wp-json\/wp\/v2\/categories?post=2730"},{"taxonomy":"post_tag","embeddable":true,"href":"https:\/\/pasahoy.com.ar\/ph\/wp-json\/wp\/v2\/tags?post=2730"}],"curies":[{"name":"wp","href":"https:\/\/api.w.org\/{rel}","templated":true}]}}