{"id":2727,"date":"2025-06-09T19:52:22","date_gmt":"2025-06-09T19:52:22","guid":{"rendered":"https:\/\/pasahoy.com.ar\/ph\/?p=2727"},"modified":"2025-06-09T19:52:34","modified_gmt":"2025-06-09T19:52:34","slug":"franco-colapinto-confirmo-la-noticia-que-sacude-a-todo-alpine","status":"publish","type":"post","link":"https:\/\/pasahoy.com.ar\/ph\/franco-colapinto-confirmo-la-noticia-que-sacude-a-todo-alpine\/","title":{"rendered":"Franco Colapinto confirm\u00f3 la noticia que sacude a todo Alpine"},"content":{"rendered":"\n<p>Franco Colapinto es el actual piloto de F\u00f3rmula 1 de Alpine y el argentino tom\u00f3 una decisi\u00f3n sin igual tras las cr\u00edticas en la escuder\u00eda.<\/p>\n\n\n\n<p><strong><a href=\"https:\/\/urgente24.com\/franco-colapinto-a55612\" target=\"_blank\" rel=\"noreferrer noopener\">Franco Colapinto<\/a><\/strong>\u00a0es el actual piloto de\u00a0<a href=\"https:\/\/urgente24.com\/ocio\/franco-colapinto-y-la-decision-alpine-que-complica-su-futuro-la-formula-1-n603062\/amp\" target=\"_blank\" rel=\"noreferrer noopener\">Alpine<\/a>\u00a0en la\u00a0<a href=\"https:\/\/urgente24.com\/formula-1-a250\" target=\"_blank\" rel=\"noreferrer noopener\">F\u00f3rmula 1<\/a>\u00a0y la escuder\u00eda lo eligi\u00f3 para reemplazar a Jack Doohan. Las actuaciones del argentino no fueron las esperadas y las cr\u00edticas no tardaron en llegar en la escuder\u00eda. Una determinaci\u00f3n que descoloc\u00f3 a todos.<\/p>\n\n\n\n<p>El piloto argentino de F\u00f3rmula 1 recibi\u00f3 una serie de advertencias por parte de los miembros del equipo de Alpine. Uno de ellos fue Flavio Briatore, quien manifest\u00f3 \u201cno estar contento\u201d con la actuaci\u00f3n de Colapinto. <\/p>\n\n\n\n<p>Si bien Colapinto recibi\u00f3 algunas cr\u00edticas y advertencias de parte de Alpine, seg\u00fan comentaron desde&nbsp;<em>El Destape<\/em>&nbsp;el piloto se siente bien y estos dichos no le afectaron en lo absoluto.<\/p>\n\n\n\n<p>El entorno de Franco Colapinto destac\u00f3 que \u201c<em>la prioridad hoy pasa por&nbsp;<strong>no romper nada<\/strong>&nbsp;en su monoplaza para ir evolucionando de a poco\u201d<\/em>. Adem\u00e1s, este prefiere ir \u00abdespacio\u00bb para terminar la carrera y no afectar al equipo nuevamente.<\/p>\n\n\n\n<p><em>Por c\u00f3mo es \u00e9l, por su personalidad y su forma de ser,\u00a0las cr\u00edticas no lo afectan. Eso no quiere decir que no est\u00e9 trabajando para ir mejorando ni que no sepa que puede mejorar, pero no dramatiza ni mucho menos\u201d<\/em>, indicaron fuentes cercanas sobre el pilarense. Colapinto est\u00e1 listo para el GP de Canad\u00e1.<\/p>\n\n\n\n<figure class=\"wp-block-gallery has-nested-images columns-default is-cropped wp-block-gallery-1 is-layout-flex wp-block-gallery-is-layout-flex\">\n<figure class=\"wp-block-image size-large\"><img loading=\"lazy\" decoding=\"async\" width=\"1024\" height=\"584\" data-id=\"2728\" src=\"https:\/\/pasahoy.com.ar\/ph\/wp-content\/uploads\/2025\/06\/1000408845-1024x584.png\" alt=\"\" class=\"wp-image-2728\" srcset=\"https:\/\/pasahoy.com.ar\/ph\/wp-content\/uploads\/2025\/06\/1000408845-1024x584.png 1024w, https:\/\/pasahoy.com.ar\/ph\/wp-content\/uploads\/2025\/06\/1000408845-300x171.png 300w, https:\/\/pasahoy.com.ar\/ph\/wp-content\/uploads\/2025\/06\/1000408845-768x438.png 768w, https:\/\/pasahoy.com.ar\/ph\/wp-content\/uploads\/2025\/06\/1000408845.png 1036w\" sizes=\"auto, (max-width: 1024px) 100vw, 1024px\" \/><\/figure>\n<\/figure>\n","protected":false},"excerpt":{"rendered":"<p>Franco Colapinto es el actual piloto de F\u00f3rmula 1 de Alpine y el argentino tom\u00f3 una decisi\u00f3n sin igual tras las cr\u00edticas en la escuder\u00eda. Franco Colapinto\u00a0es el actual piloto de\u00a0Alpine\u00a0en la\u00a0F\u00f3rmula 1\u00a0y la escuder\u00eda lo eligi\u00f3 para reemplazar a Jack Doohan. Las actuaciones del argentino no fueron las esperadas y las cr\u00edticas no tardaron [&hellip;]<\/p>\n","protected":false},"author":3,"featured_media":2728,"comment_status":"open","ping_status":"open","sticky":false,"template":"","format":"standard","meta":{"_jetpack_memberships_contains_paid_content":false,"footnotes":""},"categories":[4],"tags":[],"class_list":["post-2727","post","type-post","status-publish","format-standard","has-post-thumbnail","hentry","category-deporte"],"jetpack_featured_media_url":"https:\/\/pasahoy.com.ar\/ph\/wp-content\/uploads\/2025\/06\/1000408845.png","jetpack_sharing_enabled":true,"_links":{"self":[{"href":"https:\/\/pasahoy.com.ar\/ph\/wp-json\/wp\/v2\/posts\/2727","targetHints":{"allow":["GET"]}}],"collection":[{"href":"https:\/\/pasahoy.com.ar\/ph\/wp-json\/wp\/v2\/posts"}],"about":[{"href":"https:\/\/pasahoy.com.ar\/ph\/wp-json\/wp\/v2\/types\/post"}],"author":[{"embeddable":true,"href":"https:\/\/pasahoy.com.ar\/ph\/wp-json\/wp\/v2\/users\/3"}],"replies":[{"embeddable":true,"href":"https:\/\/pasahoy.com.ar\/ph\/wp-json\/wp\/v2\/comments?post=2727"}],"version-history":[{"count":1,"href":"https:\/\/pasahoy.com.ar\/ph\/wp-json\/wp\/v2\/posts\/2727\/revisions"}],"predecessor-version":[{"id":2729,"href":"https:\/\/pasahoy.com.ar\/ph\/wp-json\/wp\/v2\/posts\/2727\/revisions\/2729"}],"wp:featuredmedia":[{"embeddable":true,"href":"https:\/\/pasahoy.com.ar\/ph\/wp-json\/wp\/v2\/media\/2728"}],"wp:attachment":[{"href":"https:\/\/pasahoy.com.ar\/ph\/wp-json\/wp\/v2\/media?parent=2727"}],"wp:term":[{"taxonomy":"category","embeddable":true,"href":"https:\/\/pasahoy.com.ar\/ph\/wp-json\/wp\/v2\/categories?post=2727"},{"taxonomy":"post_tag","embeddable":true,"href":"https:\/\/pasahoy.com.ar\/ph\/wp-json\/wp\/v2\/tags?post=2727"}],"curies":[{"name":"wp","href":"https:\/\/api.w.org\/{rel}","templated":true}]}}