{"id":2722,"date":"2025-06-09T19:46:19","date_gmt":"2025-06-09T19:46:19","guid":{"rendered":"https:\/\/pasahoy.com.ar\/ph\/?p=2722"},"modified":"2025-06-09T19:46:19","modified_gmt":"2025-06-09T19:46:19","slug":"la-provincia-promueve-la-identidad-y-el-desarrollo-sostenible-desde-las-aulas-y-a-traves-del-turismo","status":"publish","type":"post","link":"https:\/\/pasahoy.com.ar\/ph\/la-provincia-promueve-la-identidad-y-el-desarrollo-sostenible-desde-las-aulas-y-a-traves-del-turismo\/","title":{"rendered":"La Provincia promueve la identidad y el desarrollo sostenible desde las aulas y a trav\u00e9s del turismo"},"content":{"rendered":"\n<p><em>La Secretar\u00eda de Turismo de La Rioja impulsa el programa \u00abTurismo va a la escuela\u00bb, una iniciativa educativa destinada a escuelas primarias con cartillas did\u00e1cticas, visitas interactivas y un concurso provincial. El objetivo es formar desde la infancia ciudadanos comprometidos con el patrimonio, el ambiente y la promoci\u00f3n del turismo local.<\/em><\/p>\n\n\n\n<figure class=\"wp-block-gallery has-nested-images columns-default is-cropped wp-block-gallery-1 is-layout-flex wp-block-gallery-is-layout-flex\">\n<figure class=\"wp-block-image size-large\"><img loading=\"lazy\" decoding=\"async\" width=\"1024\" height=\"682\" data-id=\"2723\" src=\"https:\/\/pasahoy.com.ar\/ph\/wp-content\/uploads\/2025\/06\/1000408835-1024x682.jpg\" alt=\"\" class=\"wp-image-2723\" srcset=\"https:\/\/pasahoy.com.ar\/ph\/wp-content\/uploads\/2025\/06\/1000408835-1024x682.jpg 1024w, https:\/\/pasahoy.com.ar\/ph\/wp-content\/uploads\/2025\/06\/1000408835-300x200.jpg 300w, https:\/\/pasahoy.com.ar\/ph\/wp-content\/uploads\/2025\/06\/1000408835-768x512.jpg 768w, https:\/\/pasahoy.com.ar\/ph\/wp-content\/uploads\/2025\/06\/1000408835.jpg 1280w\" sizes=\"auto, (max-width: 1024px) 100vw, 1024px\" \/><\/figure>\n\n\n\n<figure class=\"wp-block-image size-large\"><img loading=\"lazy\" decoding=\"async\" width=\"1024\" height=\"683\" data-id=\"2724\" src=\"https:\/\/pasahoy.com.ar\/ph\/wp-content\/uploads\/2025\/06\/1000408836-1024x683.jpg\" alt=\"\" class=\"wp-image-2724\" srcset=\"https:\/\/pasahoy.com.ar\/ph\/wp-content\/uploads\/2025\/06\/1000408836-1024x683.jpg 1024w, https:\/\/pasahoy.com.ar\/ph\/wp-content\/uploads\/2025\/06\/1000408836-300x200.jpg 300w, https:\/\/pasahoy.com.ar\/ph\/wp-content\/uploads\/2025\/06\/1000408836-768x512.jpg 768w, https:\/\/pasahoy.com.ar\/ph\/wp-content\/uploads\/2025\/06\/1000408836.jpg 1163w\" sizes=\"auto, (max-width: 1024px) 100vw, 1024px\" \/><\/figure>\n\n\n\n<figure class=\"wp-block-image size-large\"><img loading=\"lazy\" decoding=\"async\" width=\"1024\" height=\"682\" data-id=\"2725\" src=\"https:\/\/pasahoy.com.ar\/ph\/wp-content\/uploads\/2025\/06\/1000408837-1024x682.jpg\" alt=\"\" class=\"wp-image-2725\" srcset=\"https:\/\/pasahoy.com.ar\/ph\/wp-content\/uploads\/2025\/06\/1000408837-1024x682.jpg 1024w, https:\/\/pasahoy.com.ar\/ph\/wp-content\/uploads\/2025\/06\/1000408837-300x200.jpg 300w, https:\/\/pasahoy.com.ar\/ph\/wp-content\/uploads\/2025\/06\/1000408837-768x512.jpg 768w, https:\/\/pasahoy.com.ar\/ph\/wp-content\/uploads\/2025\/06\/1000408837.jpg 1280w\" sizes=\"auto, (max-width: 1024px) 100vw, 1024px\" \/><\/figure>\n<\/figure>\n\n\n\n<p>La Secretar\u00eda de Turismo de La Rioja contin\u00faa fortaleciendo su compromiso con la formaci\u00f3n de nuevas generaciones a trav\u00e9s del programa \u201cTurismo va a la Escuela\u201d, una iniciativa que promueve la educaci\u00f3n tur\u00edstica desde el nivel primario. Mediante actividades l\u00fadicas y materiales did\u00e1cticos. El programa busca que ni\u00f1as y ni\u00f1os descubran el valor del patrimonio local y comprendan la importancia del turismo como motor del desarrollo sostenible.<br>Uno de los ejes centrales del programa es la cartilla educativa, dise\u00f1ada especialmente para ser utilizada en el aula por docentes. Este recurso propone un recorrido interactivo por las distintas regiones de la provincia, sus paisajes, su cultura, su historia y su gente, con un enfoque participativo que despierta el inter\u00e9s de los m\u00e1s peque\u00f1os.<br>El objetivo es claro: concientizar desde edades tempranas sobre los beneficios de la actividad tur\u00edstica, promoviendo el sentido de pertenencia, la identidad riojana y el cuidado del entorno natural y cultural. De esta forma, se busca formar ciudadanos activos y comprometidos, capaces de transformarse en futuros promotores del turismo local.<br>Desde abril, la cartilla puede descargarse de forma gratuita desde el sitio web oficial turismo.larioja.gob.ar, lo que facilita su implementaci\u00f3n en toda la provincia.<\/p>\n\n\n\n<p><em>Concurso \u201cConociendo mi Provincia\u201d<\/em><br>Una vez completada la trivia incluida en la cartilla, los estudiantes participan autom\u00e1ticamente de un gran sorteo final. El premio principal es un viaje para todo el curso a un destino tur\u00edstico riojano, una oportunidad \u00fanica para seguir conociendo el territorio de forma vivencial.<\/p>\n\n\n\n<p><em>Visita Interactiva<\/em><br>Como parte fundamental del programa, el equipo de \u201cTurismo va a la Escuela\u201d realiza visitas presenciales a instituciones educativas. Durante estas jornadas, se llevan a cabo actividades l\u00fadicas y participativas que permiten a los alumnos aprender jugando sobre las tres regiones tur\u00edsticas de La Rioja. Estas experiencias son altamente valoradas por docentes y estudiantes, ya que generan un v\u00ednculo directo con el contenido y refuerzan el sentido de pertenencia.<br>Desde la Secretar\u00eda de Turismo destacaron la gran recepci\u00f3n del programa en las escuelas y la excelente participaci\u00f3n por parte de docentes y estudiantes. \u201cEstamos convencidos de que sembrar conciencia tur\u00edstica desde la infancia es clave para construir un futuro sostenible, donde nuestra gente sea protagonista en la valorizaci\u00f3n de lo propio\u201d, se\u00f1alaron.<br>\u201cTurismo va a la Escuela\u201d se consolida as\u00ed como una herramienta integral de educaci\u00f3n, identidad y promoci\u00f3n, con nuevas ediciones previstas para ampliar su alcance en toda la Provincia.<\/p>\n","protected":false},"excerpt":{"rendered":"<p>La Secretar\u00eda de Turismo de La Rioja impulsa el programa \u00abTurismo va a la escuela\u00bb, una iniciativa educativa destinada a escuelas primarias con cartillas did\u00e1cticas, visitas interactivas y un concurso provincial. El objetivo es formar desde la infancia ciudadanos comprometidos con el patrimonio, el ambiente y la promoci\u00f3n del turismo local. La Secretar\u00eda de Turismo [&hellip;]<\/p>\n","protected":false},"author":3,"featured_media":2723,"comment_status":"open","ping_status":"open","sticky":false,"template":"","format":"standard","meta":{"_jetpack_memberships_contains_paid_content":false,"footnotes":""},"categories":[1],"tags":[],"class_list":["post-2722","post","type-post","status-publish","format-standard","has-post-thumbnail","hentry","category-local"],"jetpack_featured_media_url":"https:\/\/pasahoy.com.ar\/ph\/wp-content\/uploads\/2025\/06\/1000408835.jpg","jetpack_sharing_enabled":true,"_links":{"self":[{"href":"https:\/\/pasahoy.com.ar\/ph\/wp-json\/wp\/v2\/posts\/2722","targetHints":{"allow":["GET"]}}],"collection":[{"href":"https:\/\/pasahoy.com.ar\/ph\/wp-json\/wp\/v2\/posts"}],"about":[{"href":"https:\/\/pasahoy.com.ar\/ph\/wp-json\/wp\/v2\/types\/post"}],"author":[{"embeddable":true,"href":"https:\/\/pasahoy.com.ar\/ph\/wp-json\/wp\/v2\/users\/3"}],"replies":[{"embeddable":true,"href":"https:\/\/pasahoy.com.ar\/ph\/wp-json\/wp\/v2\/comments?post=2722"}],"version-history":[{"count":1,"href":"https:\/\/pasahoy.com.ar\/ph\/wp-json\/wp\/v2\/posts\/2722\/revisions"}],"predecessor-version":[{"id":2726,"href":"https:\/\/pasahoy.com.ar\/ph\/wp-json\/wp\/v2\/posts\/2722\/revisions\/2726"}],"wp:featuredmedia":[{"embeddable":true,"href":"https:\/\/pasahoy.com.ar\/ph\/wp-json\/wp\/v2\/media\/2723"}],"wp:attachment":[{"href":"https:\/\/pasahoy.com.ar\/ph\/wp-json\/wp\/v2\/media?parent=2722"}],"wp:term":[{"taxonomy":"category","embeddable":true,"href":"https:\/\/pasahoy.com.ar\/ph\/wp-json\/wp\/v2\/categories?post=2722"},{"taxonomy":"post_tag","embeddable":true,"href":"https:\/\/pasahoy.com.ar\/ph\/wp-json\/wp\/v2\/tags?post=2722"}],"curies":[{"name":"wp","href":"https:\/\/api.w.org\/{rel}","templated":true}]}}