{"id":2719,"date":"2025-06-08T23:57:37","date_gmt":"2025-06-08T23:57:37","guid":{"rendered":"https:\/\/pasahoy.com.ar\/ph\/?p=2719"},"modified":"2025-06-08T23:57:48","modified_gmt":"2025-06-08T23:57:48","slug":"marcelo-polino-conto-que-pasara-con-la-herencia-de-antonio-gasalla","status":"publish","type":"post","link":"https:\/\/pasahoy.com.ar\/ph\/marcelo-polino-conto-que-pasara-con-la-herencia-de-antonio-gasalla\/","title":{"rendered":"Marcelo Polino cont\u00f3 qu\u00e9 pasar\u00e1 con la herencia de Antonio Gasalla"},"content":{"rendered":"\n<p>El conductor cont\u00f3 que la Justicia declar\u00f3 a Carlos Gasalla como \u201cheredero universal\u201d y podr\u00e1 disponer correctamente de los bienes del actor <\/p>\n\n\n\n<p>El jueves pasado,\u00a0<a href=\"https:\/\/www.lavoz.com.ar\/espectaculos\/tv\/marcelo-polino-detallo-como-fueron-las-ultimas-horas-de-vida-de-antonio-gasalla-es-un-momento-dificil\/\" target=\"_blank\" rel=\"noreferrer noopener\">Marcelo Polino<\/a>\u00a0pas\u00f3 por<strong>\u00a0Intrusos<\/strong>\u00a0y, adem\u00e1s de recordar sus mejores momentos en el programa que este a\u00f1o cumple dos d\u00e9cadas y media, brind\u00f3 detalles de c\u00f3mo se repartir\u00e1\u00a0<a href=\"https:\/\/www.lavoz.com.ar\/espectaculos\/tv\/tras-la-muerte-de-antonio-gasalla-quien-ocupa-ese-lugar-hoy-en-el-espectaculo-argentino\/\" target=\"_blank\" rel=\"noreferrer noopener\">la herencia de Antonio Gasalla<\/a>. <\/p>\n\n\n\n<p>El humorista falleci\u00f3 el 18 de marzo de este a\u00f1o a los 84 a\u00f1os. Desde entonces, se sab\u00eda que su fortuna contemplar\u00eda un departamento y una gram suma de dinero, aunque en los \u00faltimos a\u00f1os fue v\u00edctima de robos que afectaron su situaci\u00f3n patrimonial. <\/p>\n\n\n\n<p>La semana pasada, en di\u00e1logo con Rodrigo Lussich y Adri\u00e1n Pallares, el medi\u00e1tico revel\u00f3 que la Justicia declar\u00f3 a Carlos Gasalla como heredero universal. \u201cAhora puede disponer con libertad los bienes como corresponde. Fue liberador\u201d, se\u00f1al\u00f3.<\/p>\n\n\n\n<p>\u201cEstaba judicializado, ten\u00eda lo que se llama curatela, que es la custodia de los bienes. Pero fue muy r\u00e1pido, estaban aliviados [los familiares]\u201d, agreg\u00f3.<\/p>\n\n\n\n<p>Seg\u00fan indic\u00f3 el conductor, Carlos y su esposa Nieves se pusieron en contacto con \u00e9l para darle la noticia y avisarle que pod\u00eda pasar a retirar algunas cosas que quer\u00edan que conservara del humorista.<\/p>\n\n\n\n<p>\u201cEstoy muy sensible, me emocion\u00e9. Quiero ver esa casa Supongo que son cosas de vestuario. Va ser incre\u00edble entrar de nuevo ah\u00ed\u201d, expres\u00f3. Polino dijo que a\u00fan no se sabe qu\u00e9 har\u00e1 la familia con la casa de Antonio. <\/p>\n\n\n\n<figure class=\"wp-block-gallery has-nested-images columns-default is-cropped wp-block-gallery-1 is-layout-flex wp-block-gallery-is-layout-flex\">\n<figure class=\"wp-block-image size-large\"><img loading=\"lazy\" decoding=\"async\" width=\"954\" height=\"564\" data-id=\"2720\" src=\"https:\/\/pasahoy.com.ar\/ph\/wp-content\/uploads\/2025\/06\/1000407226.png\" alt=\"\" class=\"wp-image-2720\" srcset=\"https:\/\/pasahoy.com.ar\/ph\/wp-content\/uploads\/2025\/06\/1000407226.png 954w, https:\/\/pasahoy.com.ar\/ph\/wp-content\/uploads\/2025\/06\/1000407226-300x177.png 300w, https:\/\/pasahoy.com.ar\/ph\/wp-content\/uploads\/2025\/06\/1000407226-768x454.png 768w\" sizes=\"auto, (max-width: 954px) 100vw, 954px\" \/><\/figure>\n<\/figure>\n","protected":false},"excerpt":{"rendered":"<p>El conductor cont\u00f3 que la Justicia declar\u00f3 a Carlos Gasalla como \u201cheredero universal\u201d y podr\u00e1 disponer correctamente de los bienes del actor El jueves pasado,\u00a0Marcelo Polino\u00a0pas\u00f3 por\u00a0Intrusos\u00a0y, adem\u00e1s de recordar sus mejores momentos en el programa que este a\u00f1o cumple dos d\u00e9cadas y media, brind\u00f3 detalles de c\u00f3mo se repartir\u00e1\u00a0la herencia de Antonio Gasalla. El [&hellip;]<\/p>\n","protected":false},"author":3,"featured_media":2720,"comment_status":"open","ping_status":"open","sticky":false,"template":"","format":"standard","meta":{"_jetpack_memberships_contains_paid_content":false,"footnotes":""},"categories":[5],"tags":[],"class_list":["post-2719","post","type-post","status-publish","format-standard","has-post-thumbnail","hentry","category-espectaculo"],"jetpack_featured_media_url":"https:\/\/pasahoy.com.ar\/ph\/wp-content\/uploads\/2025\/06\/1000407226.png","jetpack_sharing_enabled":true,"_links":{"self":[{"href":"https:\/\/pasahoy.com.ar\/ph\/wp-json\/wp\/v2\/posts\/2719","targetHints":{"allow":["GET"]}}],"collection":[{"href":"https:\/\/pasahoy.com.ar\/ph\/wp-json\/wp\/v2\/posts"}],"about":[{"href":"https:\/\/pasahoy.com.ar\/ph\/wp-json\/wp\/v2\/types\/post"}],"author":[{"embeddable":true,"href":"https:\/\/pasahoy.com.ar\/ph\/wp-json\/wp\/v2\/users\/3"}],"replies":[{"embeddable":true,"href":"https:\/\/pasahoy.com.ar\/ph\/wp-json\/wp\/v2\/comments?post=2719"}],"version-history":[{"count":1,"href":"https:\/\/pasahoy.com.ar\/ph\/wp-json\/wp\/v2\/posts\/2719\/revisions"}],"predecessor-version":[{"id":2721,"href":"https:\/\/pasahoy.com.ar\/ph\/wp-json\/wp\/v2\/posts\/2719\/revisions\/2721"}],"wp:featuredmedia":[{"embeddable":true,"href":"https:\/\/pasahoy.com.ar\/ph\/wp-json\/wp\/v2\/media\/2720"}],"wp:attachment":[{"href":"https:\/\/pasahoy.com.ar\/ph\/wp-json\/wp\/v2\/media?parent=2719"}],"wp:term":[{"taxonomy":"category","embeddable":true,"href":"https:\/\/pasahoy.com.ar\/ph\/wp-json\/wp\/v2\/categories?post=2719"},{"taxonomy":"post_tag","embeddable":true,"href":"https:\/\/pasahoy.com.ar\/ph\/wp-json\/wp\/v2\/tags?post=2719"}],"curies":[{"name":"wp","href":"https:\/\/api.w.org\/{rel}","templated":true}]}}