{"id":2713,"date":"2025-06-08T23:40:18","date_gmt":"2025-06-08T23:40:18","guid":{"rendered":"https:\/\/pasahoy.com.ar\/ph\/?p=2713"},"modified":"2025-06-08T23:40:34","modified_gmt":"2025-06-08T23:40:34","slug":"el-kirchnerismo-se-reunira-manana-en-el-instituto-patria-ante-posible-fallo-de-la-corte-suprema-contra-cristina","status":"publish","type":"post","link":"https:\/\/pasahoy.com.ar\/ph\/el-kirchnerismo-se-reunira-manana-en-el-instituto-patria-ante-posible-fallo-de-la-corte-suprema-contra-cristina\/","title":{"rendered":"El kirchnerismo se reunir\u00e1 ma\u00f1ana en el Instituto Patria ante posible fallo de la Corte Suprema contra Cristina"},"content":{"rendered":"\n<p>La convocatoria la hizo Oscar Parrilli. Participar\u00e1n diputados, senadores y referentes del espacio que conduce la expresidenta y titular del PJ.<\/p>\n\n\n\n<p>El senador nacional de Uni\u00f3n por la Patria (UxP)\u00a0<strong>Oscar Parrilli\u00a0<\/strong>convoc\u00f3 a una\u00a0<strong>reuni\u00f3n de dirigentes y legisladores kirchneristas para ma\u00f1ana en el Instituto Patria<\/strong>, frente a la posibilidad de que en los pr\u00f3ximos d\u00edas la\u00a0<strong>Corte Suprema de Justicia (CSJ)\u00a0<\/strong>deje firme el fallo condenatorio contra la ex presidenta y actual titular del Partido Justicialista (PJ),\u00a0<strong><a href=\"https:\/\/www.ambito.com\/politica\/pj-cristina-kirchner-axel-kicillof-y-48-horas-clave-el-peronismo-n6154253\" target=\"_blank\" rel=\"noreferrer noopener\">Cristina Kirchner<\/a>.\u00a0<\/strong>El Grupo de Puebla denuncia \u00abpersecuci\u00f3n pol\u00edtica\u00bb. <\/p>\n\n\n\n<p>El encuentro se llevar\u00e1 a cabo a las 15:00 y seg\u00fan supo la agencia Noticias Argentinas, de la reuni\u00f3n convocada por\u00a0<strong>Parrilli<\/strong>\u00a0participar\u00e1n diputados, senadores, dirigentes y referentes sindicales del\u00a0<strong>kirchernismo.<\/strong>\u00a0El objetivo ser\u00e1 el de definir acciones frente a la decisi\u00f3n final de la Corte, la cual podr\u00eda dejar firme la condena contra la titular del PJ por la\u00a0<strong>Causa Vialidad.<\/strong> <\/p>\n\n\n\n<p>El supremo tribunal deber\u00e1 definir si confirma o no el fallo del 2022 del\u00a0<strong>Tribunal Federal Oral N\u00b02<\/strong>\u00a0que le dict\u00f3 una sentencia a seis a\u00f1os de prisi\u00f3n e inhabilitaci\u00f3n para ejercer cargos p\u00fablicos. La\u00a0<strong>C\u00e1mara de Casaci\u00f3n Penal<\/strong>\u00a0ratific\u00f3 la condena en 2024.<\/p>\n\n\n\n<p>Si la Corte ratifica la sentencia, la exvicepresidenta&nbsp;<strong>no podr\u00eda presentarse como diputada<\/strong>&nbsp;en los pr\u00f3ximos comicios bonaerenses, donde aspira a competir por la Tercera Secci\u00f3n Electoral. Adem\u00e1s deber\u00eda cumplir arresto, aunque debido a ser mayor de 70 a\u00f1os podr\u00eda recibir el beneficio de la detenci\u00f3n domiciliaria.<\/p>\n\n\n\n<p>D\u00edas atr\u00e1s, la&nbsp;<strong>Corte Suprema<\/strong>&nbsp;rechaz\u00f3 in limine por unanimidad la recusaci\u00f3n presentada por la defensa de&nbsp;<strong>Cristina,<\/strong>&nbsp;por considerar que el planteo fue presentado fuera de los plazos procesales y carece de fundamentos jur\u00eddicos suficientes.<\/p>\n\n\n\n<p>\u00abEl planteo no fue realizado en tiempo oportuno y no cumple con la fundamentaci\u00f3n exigida por la ley\u00bb, subray\u00f3 el m\u00e1ximo tribunal a cargo de&nbsp;<strong>Carlos Rosenkrantz, Horacio Rosatti<\/strong>&nbsp;y&nbsp;<strong>Ricardo Lorenzetti,<\/strong>&nbsp;que tambi\u00e9n remarc\u00f3 que la defensa no ofreci\u00f3 pruebas para sostener las acusaciones ni invoc\u00f3 causal espec\u00edfica prevista por el C\u00f3digo Procesal Penal.<\/p>\n\n\n\n<figure class=\"wp-block-gallery has-nested-images columns-default is-cropped wp-block-gallery-1 is-layout-flex wp-block-gallery-is-layout-flex\">\n<figure class=\"wp-block-image size-large\"><img loading=\"lazy\" decoding=\"async\" width=\"996\" height=\"567\" data-id=\"2714\" src=\"https:\/\/pasahoy.com.ar\/ph\/wp-content\/uploads\/2025\/06\/1000407185.png\" alt=\"\" class=\"wp-image-2714\" srcset=\"https:\/\/pasahoy.com.ar\/ph\/wp-content\/uploads\/2025\/06\/1000407185.png 996w, https:\/\/pasahoy.com.ar\/ph\/wp-content\/uploads\/2025\/06\/1000407185-300x171.png 300w, https:\/\/pasahoy.com.ar\/ph\/wp-content\/uploads\/2025\/06\/1000407185-768x437.png 768w\" sizes=\"auto, (max-width: 996px) 100vw, 996px\" \/><\/figure>\n<\/figure>\n","protected":false},"excerpt":{"rendered":"<p>La convocatoria la hizo Oscar Parrilli. Participar\u00e1n diputados, senadores y referentes del espacio que conduce la expresidenta y titular del PJ. El senador nacional de Uni\u00f3n por la Patria (UxP)\u00a0Oscar Parrilli\u00a0convoc\u00f3 a una\u00a0reuni\u00f3n de dirigentes y legisladores kirchneristas para ma\u00f1ana en el Instituto Patria, frente a la posibilidad de que en los pr\u00f3ximos d\u00edas la\u00a0Corte [&hellip;]<\/p>\n","protected":false},"author":3,"featured_media":2714,"comment_status":"open","ping_status":"open","sticky":false,"template":"","format":"standard","meta":{"_jetpack_memberships_contains_paid_content":false,"footnotes":""},"categories":[2],"tags":[],"class_list":["post-2713","post","type-post","status-publish","format-standard","has-post-thumbnail","hentry","category-nacional"],"jetpack_featured_media_url":"https:\/\/pasahoy.com.ar\/ph\/wp-content\/uploads\/2025\/06\/1000407185.png","jetpack_sharing_enabled":true,"_links":{"self":[{"href":"https:\/\/pasahoy.com.ar\/ph\/wp-json\/wp\/v2\/posts\/2713","targetHints":{"allow":["GET"]}}],"collection":[{"href":"https:\/\/pasahoy.com.ar\/ph\/wp-json\/wp\/v2\/posts"}],"about":[{"href":"https:\/\/pasahoy.com.ar\/ph\/wp-json\/wp\/v2\/types\/post"}],"author":[{"embeddable":true,"href":"https:\/\/pasahoy.com.ar\/ph\/wp-json\/wp\/v2\/users\/3"}],"replies":[{"embeddable":true,"href":"https:\/\/pasahoy.com.ar\/ph\/wp-json\/wp\/v2\/comments?post=2713"}],"version-history":[{"count":1,"href":"https:\/\/pasahoy.com.ar\/ph\/wp-json\/wp\/v2\/posts\/2713\/revisions"}],"predecessor-version":[{"id":2715,"href":"https:\/\/pasahoy.com.ar\/ph\/wp-json\/wp\/v2\/posts\/2713\/revisions\/2715"}],"wp:featuredmedia":[{"embeddable":true,"href":"https:\/\/pasahoy.com.ar\/ph\/wp-json\/wp\/v2\/media\/2714"}],"wp:attachment":[{"href":"https:\/\/pasahoy.com.ar\/ph\/wp-json\/wp\/v2\/media?parent=2713"}],"wp:term":[{"taxonomy":"category","embeddable":true,"href":"https:\/\/pasahoy.com.ar\/ph\/wp-json\/wp\/v2\/categories?post=2713"},{"taxonomy":"post_tag","embeddable":true,"href":"https:\/\/pasahoy.com.ar\/ph\/wp-json\/wp\/v2\/tags?post=2713"}],"curies":[{"name":"wp","href":"https:\/\/api.w.org\/{rel}","templated":true}]}}