{"id":2707,"date":"2025-06-08T03:31:05","date_gmt":"2025-06-08T03:31:05","guid":{"rendered":"https:\/\/pasahoy.com.ar\/ph\/?p=2707"},"modified":"2025-06-08T03:31:18","modified_gmt":"2025-06-08T03:31:18","slug":"patricia-bullrich-sobre-la-detencion-de-juan-grabois-la-policia-actuo-con-firmeza-y-eficacia","status":"publish","type":"post","link":"https:\/\/pasahoy.com.ar\/ph\/patricia-bullrich-sobre-la-detencion-de-juan-grabois-la-policia-actuo-con-firmeza-y-eficacia\/","title":{"rendered":"Patricia Bullrich sobre la detenci\u00f3n de Juan Grabois: \u00abLa Polic\u00eda actu\u00f3 con firmeza y eficacia\u00bb"},"content":{"rendered":"\n<p>La ministra de Seguridad, Patricia Bullrich, defendi\u00f3 el operativo policial en el Instituto Juan Domingo Per\u00f3n que termin\u00f3 con la aprehensi\u00f3n del dirigente social Juan Grabois y sostuvo que \u201cse termin\u00f3 el vale todo\u201d.<\/p>\n\n\n\n<p>La ministra de Seguridad, Patricia Bullrich, respald\u00f3 la acci\u00f3n policial en la\u00a0<a href=\"https:\/\/www.cronica.com.ar\/politica\/Detuvieron-a-Juan-Grabois-tras-ingresar-al-Instituto-Peron-junto-a-un-grupo-de-manifestates-20250607-0036.html\" target=\"_blank\" rel=\"noreferrer noopener\"><strong>detenci\u00f3n<\/strong>\u00a0del dirigente social\u00a0<strong>Juan Grabois<\/strong><\/a>\u00a0en la tarde de este s\u00e1bado en el edificio del\u00a0<strong>Instituto Juan Domingo Per\u00f3n<\/strong>, en Recoleta y\u00a0<strong>destac\u00f3 que se est\u00e1 aplicando la ley\u00a0<\/strong><em><strong>\u201ccon orden\u201d<\/strong>.<\/em><\/p>\n\n\n\n<p>El operativo comenz\u00f3 cerca de las 17, cuando la Polic\u00eda Federal (PFA) intervino para desalojar a un grupo de activistas y dirigentes del\u00a0<strong>Frente Patria Grande<\/strong>, liderados por Grabois, que hab\u00edan ingresado horas antes al hist\u00f3rico edificio ubicado en Austria 2601 <\/p>\n\n\n\n<p>Desde su cuenta en X (ex Twitter), la ministra Bullrich escribi\u00f3:\u00a0<em>\u201c<strong>La PFA actu\u00f3 con firmeza y eficacia<\/strong>. El desalojo fue un \u00e9xito. Recuperamos un edificio tomado por militantes que se cre\u00edan due\u00f1os del Estado. Se termin\u00f3 el vale todo\u201d.<\/em><\/p>\n\n\n\n<p>En el mismo tuit, destac\u00f3:\u00a0<em>\u201c<strong>Estamos haciendo lo que ning\u00fan gobierno hizo: detener al piquetero que promueve y ejecuta las usurpaciones<\/strong>\u201d<\/em>\u00a0y manifest\u00f3 que<em>\u00a0\u201cen esta Argentina, la ley se cumple con orden: ni Grabois ni ning\u00fan kirchnerista tiene los privilegios que tuvo. Basta de vivir del pasado y del bolsillo de los argentinos\u201d.<\/em><\/p>\n\n\n\n<figure class=\"wp-block-gallery has-nested-images columns-default is-cropped wp-block-gallery-1 is-layout-flex wp-block-gallery-is-layout-flex\">\n<figure class=\"wp-block-image size-large\"><img loading=\"lazy\" decoding=\"async\" width=\"1024\" height=\"531\" data-id=\"2708\" src=\"https:\/\/pasahoy.com.ar\/ph\/wp-content\/uploads\/2025\/06\/1000405778-1024x531.png\" alt=\"\" class=\"wp-image-2708\" srcset=\"https:\/\/pasahoy.com.ar\/ph\/wp-content\/uploads\/2025\/06\/1000405778-1024x531.png 1024w, https:\/\/pasahoy.com.ar\/ph\/wp-content\/uploads\/2025\/06\/1000405778-300x156.png 300w, https:\/\/pasahoy.com.ar\/ph\/wp-content\/uploads\/2025\/06\/1000405778-768x398.png 768w, https:\/\/pasahoy.com.ar\/ph\/wp-content\/uploads\/2025\/06\/1000405778.png 1070w\" sizes=\"auto, (max-width: 1024px) 100vw, 1024px\" \/><\/figure>\n<\/figure>\n","protected":false},"excerpt":{"rendered":"<p>La ministra de Seguridad, Patricia Bullrich, defendi\u00f3 el operativo policial en el Instituto Juan Domingo Per\u00f3n que termin\u00f3 con la aprehensi\u00f3n del dirigente social Juan Grabois y sostuvo que \u201cse termin\u00f3 el vale todo\u201d. La ministra de Seguridad, Patricia Bullrich, respald\u00f3 la acci\u00f3n policial en la\u00a0detenci\u00f3n\u00a0del dirigente social\u00a0Juan Grabois\u00a0en la tarde de este s\u00e1bado en [&hellip;]<\/p>\n","protected":false},"author":3,"featured_media":2708,"comment_status":"open","ping_status":"open","sticky":false,"template":"","format":"standard","meta":{"_jetpack_memberships_contains_paid_content":false,"footnotes":""},"categories":[2],"tags":[],"class_list":["post-2707","post","type-post","status-publish","format-standard","has-post-thumbnail","hentry","category-nacional"],"jetpack_featured_media_url":"https:\/\/pasahoy.com.ar\/ph\/wp-content\/uploads\/2025\/06\/1000405778.png","jetpack_sharing_enabled":true,"_links":{"self":[{"href":"https:\/\/pasahoy.com.ar\/ph\/wp-json\/wp\/v2\/posts\/2707","targetHints":{"allow":["GET"]}}],"collection":[{"href":"https:\/\/pasahoy.com.ar\/ph\/wp-json\/wp\/v2\/posts"}],"about":[{"href":"https:\/\/pasahoy.com.ar\/ph\/wp-json\/wp\/v2\/types\/post"}],"author":[{"embeddable":true,"href":"https:\/\/pasahoy.com.ar\/ph\/wp-json\/wp\/v2\/users\/3"}],"replies":[{"embeddable":true,"href":"https:\/\/pasahoy.com.ar\/ph\/wp-json\/wp\/v2\/comments?post=2707"}],"version-history":[{"count":1,"href":"https:\/\/pasahoy.com.ar\/ph\/wp-json\/wp\/v2\/posts\/2707\/revisions"}],"predecessor-version":[{"id":2709,"href":"https:\/\/pasahoy.com.ar\/ph\/wp-json\/wp\/v2\/posts\/2707\/revisions\/2709"}],"wp:featuredmedia":[{"embeddable":true,"href":"https:\/\/pasahoy.com.ar\/ph\/wp-json\/wp\/v2\/media\/2708"}],"wp:attachment":[{"href":"https:\/\/pasahoy.com.ar\/ph\/wp-json\/wp\/v2\/media?parent=2707"}],"wp:term":[{"taxonomy":"category","embeddable":true,"href":"https:\/\/pasahoy.com.ar\/ph\/wp-json\/wp\/v2\/categories?post=2707"},{"taxonomy":"post_tag","embeddable":true,"href":"https:\/\/pasahoy.com.ar\/ph\/wp-json\/wp\/v2\/tags?post=2707"}],"curies":[{"name":"wp","href":"https:\/\/api.w.org\/{rel}","templated":true}]}}