{"id":2695,"date":"2025-06-08T02:52:05","date_gmt":"2025-06-08T02:52:05","guid":{"rendered":"https:\/\/pasahoy.com.ar\/ph\/?p=2695"},"modified":"2025-06-08T02:52:23","modified_gmt":"2025-06-08T02:52:23","slug":"el-fiscal-pidio-35-anos-de-prision-para-alfredo-chade-por-abuso-sexual-agravado","status":"publish","type":"post","link":"https:\/\/pasahoy.com.ar\/ph\/el-fiscal-pidio-35-anos-de-prision-para-alfredo-chade-por-abuso-sexual-agravado\/","title":{"rendered":"El fiscal pidi\u00f3 35 a\u00f1os de prisi\u00f3n para Alfredo Chade por abuso sexual agravado"},"content":{"rendered":"\n<p>El pedido se realiz\u00f3 este mi\u00e9rcoles en Chilecito, al comenzar los alegatos finales del juicio. La causa involucra material probatorio de alto contenido sensible y m\u00e1s de 900 archivos incautados al acusado. <\/p>\n\n\n\n<p>En el inicio de los alegatos finales del juicio que se desarrolla en los tribunales de Chilecito, el fiscal del caso solicit\u00f3 una pena de 35 a\u00f1os de prisi\u00f3n para Alfredo Chade, acusado de abuso sexual agravado contra una menor de edad. La causa, de alto impacto judicial y social, ha generado conmoci\u00f3n por la gravedad de los hechos y el material probatorio incorporado durante el proceso.<\/p>\n\n\n\n<p>Seg\u00fan fuentes judiciales, a lo largo del juicio se presentaron m\u00e1s de 973 archivos fotogr\u00e1ficos y de video, extra\u00eddos de dispositivos electr\u00f3nicos incautados a Chade, que refuerzan las pruebas en su contra. El volumen y la crudeza del material han sido determinantes en la acusaci\u00f3n, y forman parte del cuerpo probatorio que sustenta el pedido de la Fiscal\u00eda.<\/p>\n\n\n\n<p>La etapa de producci\u00f3n de pruebas concluy\u00f3 el mi\u00e9rcoles con la presentaci\u00f3n de elementos sensibles por parte de la querella, los cuales motivaron el retiro de la madre de la v\u00edctima de la sala de audiencias debido al impacto emocional generado por las im\u00e1genes proyectadas.<\/p>\n\n\n\n<p>Una vez finalicen los alegatos de las partes, el tribunal pasar\u00e1 a la etapa de deliberaci\u00f3n. Se prev\u00e9 que el veredicto se d\u00e9 a conocer en un plazo aproximado de 15 d\u00edas. El caso ha despertado una fuerte expectativa p\u00fablica y se aguarda con atenci\u00f3n la resoluci\u00f3n judicial.<\/p>\n\n\n\n<figure class=\"wp-block-gallery has-nested-images columns-default is-cropped wp-block-gallery-1 is-layout-flex wp-block-gallery-is-layout-flex\">\n<figure class=\"wp-block-image size-large\"><img loading=\"lazy\" decoding=\"async\" width=\"1024\" height=\"719\" data-id=\"2696\" src=\"https:\/\/pasahoy.com.ar\/ph\/wp-content\/uploads\/2025\/06\/1000405710-1024x719.png\" alt=\"\" class=\"wp-image-2696\" srcset=\"https:\/\/pasahoy.com.ar\/ph\/wp-content\/uploads\/2025\/06\/1000405710-1024x719.png 1024w, https:\/\/pasahoy.com.ar\/ph\/wp-content\/uploads\/2025\/06\/1000405710-300x211.png 300w, https:\/\/pasahoy.com.ar\/ph\/wp-content\/uploads\/2025\/06\/1000405710-768x539.png 768w, https:\/\/pasahoy.com.ar\/ph\/wp-content\/uploads\/2025\/06\/1000405710.png 1053w\" sizes=\"auto, (max-width: 1024px) 100vw, 1024px\" \/><\/figure>\n<\/figure>\n","protected":false},"excerpt":{"rendered":"<p>El pedido se realiz\u00f3 este mi\u00e9rcoles en Chilecito, al comenzar los alegatos finales del juicio. La causa involucra material probatorio de alto contenido sensible y m\u00e1s de 900 archivos incautados al acusado. En el inicio de los alegatos finales del juicio que se desarrolla en los tribunales de Chilecito, el fiscal del caso solicit\u00f3 una [&hellip;]<\/p>\n","protected":false},"author":3,"featured_media":2696,"comment_status":"open","ping_status":"open","sticky":false,"template":"","format":"standard","meta":{"_jetpack_memberships_contains_paid_content":false,"footnotes":""},"categories":[12],"tags":[],"class_list":["post-2695","post","type-post","status-publish","format-standard","has-post-thumbnail","hentry","category-judicial"],"jetpack_featured_media_url":"https:\/\/pasahoy.com.ar\/ph\/wp-content\/uploads\/2025\/06\/1000405710.png","jetpack_sharing_enabled":true,"_links":{"self":[{"href":"https:\/\/pasahoy.com.ar\/ph\/wp-json\/wp\/v2\/posts\/2695","targetHints":{"allow":["GET"]}}],"collection":[{"href":"https:\/\/pasahoy.com.ar\/ph\/wp-json\/wp\/v2\/posts"}],"about":[{"href":"https:\/\/pasahoy.com.ar\/ph\/wp-json\/wp\/v2\/types\/post"}],"author":[{"embeddable":true,"href":"https:\/\/pasahoy.com.ar\/ph\/wp-json\/wp\/v2\/users\/3"}],"replies":[{"embeddable":true,"href":"https:\/\/pasahoy.com.ar\/ph\/wp-json\/wp\/v2\/comments?post=2695"}],"version-history":[{"count":1,"href":"https:\/\/pasahoy.com.ar\/ph\/wp-json\/wp\/v2\/posts\/2695\/revisions"}],"predecessor-version":[{"id":2697,"href":"https:\/\/pasahoy.com.ar\/ph\/wp-json\/wp\/v2\/posts\/2695\/revisions\/2697"}],"wp:featuredmedia":[{"embeddable":true,"href":"https:\/\/pasahoy.com.ar\/ph\/wp-json\/wp\/v2\/media\/2696"}],"wp:attachment":[{"href":"https:\/\/pasahoy.com.ar\/ph\/wp-json\/wp\/v2\/media?parent=2695"}],"wp:term":[{"taxonomy":"category","embeddable":true,"href":"https:\/\/pasahoy.com.ar\/ph\/wp-json\/wp\/v2\/categories?post=2695"},{"taxonomy":"post_tag","embeddable":true,"href":"https:\/\/pasahoy.com.ar\/ph\/wp-json\/wp\/v2\/tags?post=2695"}],"curies":[{"name":"wp","href":"https:\/\/api.w.org\/{rel}","templated":true}]}}