{"id":2689,"date":"2025-06-08T02:38:45","date_gmt":"2025-06-08T02:38:45","guid":{"rendered":"https:\/\/pasahoy.com.ar\/ph\/?p=2689"},"modified":"2025-06-08T02:39:06","modified_gmt":"2025-06-08T02:39:06","slug":"la-policia-federal-detuvo-a-juan-grabois-por-la-ocupacion-del-instituto-juan-domingo-peron","status":"publish","type":"post","link":"https:\/\/pasahoy.com.ar\/ph\/la-policia-federal-detuvo-a-juan-grabois-por-la-ocupacion-del-instituto-juan-domingo-peron\/","title":{"rendered":"La Polic\u00eda Federal detuvo a Juan Grabois por la ocupaci\u00f3n del Instituto Juan Domingo Per\u00f3n"},"content":{"rendered":"\n<p>Grabois, junto a otros miembros del Frente Patria Grande tomaron el Instituto a modo de protesta por su cierre a manos del gobierno de Javier Milei.<\/p>\n\n\n\n<p>El dirigente del Frente Patria Grande,\u00a0<strong><a href=\"https:\/\/elintransigente.com\/tag\/juan-grabois\/\" target=\"_blank\" rel=\"noreferrer noopener\">Juan Grabois<\/a><\/strong>, fue detenido la tarde del s\u00e1bado tras ocupar el edificio del\u00a0<a href=\"https:\/\/jdperon.gob.ar\/\" target=\"_blank\" rel=\"noreferrer noopener\"><strong>Instituto Juan Domingo Per\u00f3n<\/strong><\/a>\u00a0junto a un grupo de activistas y diputados que denunciaron su cierre por parte del Gobierno Nacional. Cerca de 50 personas ingresaron al edificio y colgaron carteles con las consignas \u00ab<strong>Si no pod\u00e9s elegir, no hay democracia\u00bb\u00a0<\/strong>y\u00a0<strong>\u00abDefendamos nuestra historia<\/strong>\u00ab.<\/p>\n\n\n\n<p>El episodio se desat\u00f3 alrededor de las 14, cuando los manifestantes entraron a la sede del edificio p\u00fablico ubicado en Austria 2601 a trav\u00e9s del local gastron\u00f3mico \u00abUn caf\u00e9 con Per\u00f3n\u00bb, que posee una puerta hacia el centro de estudios. Entre las personas que ingresaron se encuentran los diputados nacionales de\u00a0<strong>Uni\u00f3n por la Patria Itai Hagman<\/strong>\u00a0y<strong>\u00a0Natalia Zaracho<\/strong>, el senador bonaerense\u00a0<strong>Federico Fagioli<\/strong>, y la diputada provincial\u00a0<strong>Luc\u00eda Klug,<\/strong>\u00a0todos integrantes del Frente Patria Grande.<\/p>\n\n\n\n<p>Al momento de ingresar, los militantes tuvieron un breve forcejeo con dos agentes de la\u00a0<strong><a href=\"https:\/\/elintransigente.com\/tag\/policia-federal\/\" target=\"_blank\" rel=\"noreferrer noopener\">Polic\u00eda Federal<\/a><\/strong>\u00a0que se encontraban custodiando el lugar. Horas despu\u00e9s de la ocupaci\u00f3n, cerca de las 17, se despleg\u00f3 un operativo de con agentes de infanter\u00eda de la Polic\u00eda Federal para desalojar el edificio, que cont\u00f3 con la asistencia de la Polic\u00eda de la Ciudad, que estableci\u00f3 un per\u00edmetro en la zona. <\/p>\n\n\n\n<p>Luego de su detenci\u00f3n, Grabois comparti\u00f3 una foto a trav\u00e9s de sus redes sociales desde un cami\u00f3n con el mensaje \u00ab<strong>Meteme preso (Javier) Milei, pero la bandera argentina no me la sacas<\/strong>\u00ab. El proyecto pol\u00edtico de Grabois, Argentina Humana, denunci\u00f3 que la detenci\u00f3n de su l\u00edder fue \u00absin orden judicial\u00bb.<\/p>\n\n\n\n<p>Antes de su detenci\u00f3n, Grabois coment\u00f3: \u00abEs un acto de presencia pac\u00edfica y de reafirmaci\u00f3n del derecho de nuestro pueblo a su memoria hist\u00f3rica, no solamente de los peronistas, de los hijos de los peronistas y de sus nietos, sino de cualquier ciudadano argentino o extranjero que quiera conocer su historia\u00bb.<\/p>\n\n\n\n<p>El vocero presidencial, Manuel Adorni, adelant\u00f3 la decisi\u00f3n del Gobierno Nacional de cerrar el Instituto Per\u00f3n el pasado mayo, as\u00ed como la Comisi\u00f3n Nacional de Homenaje al Teniente General Juan Per\u00f3n. El Gobierno argument\u00f3 que el mantenimiento de ambos representaba\u00a0<strong>\u00abuna carga presupuestaria injustificada ya que el estudio de la vida del ex presidente se realizaba a trav\u00e9s de universidades y en el \u00e1mbito acad\u00e9mico<\/strong>\u00ab.<\/p>\n\n\n\n<figure class=\"wp-block-gallery has-nested-images columns-default is-cropped wp-block-gallery-1 is-layout-flex wp-block-gallery-is-layout-flex\">\n<figure class=\"wp-block-image size-large\"><img loading=\"lazy\" decoding=\"async\" width=\"1024\" height=\"580\" data-id=\"2690\" src=\"https:\/\/pasahoy.com.ar\/ph\/wp-content\/uploads\/2025\/06\/1000405694-1024x580.png\" alt=\"\" class=\"wp-image-2690\" srcset=\"https:\/\/pasahoy.com.ar\/ph\/wp-content\/uploads\/2025\/06\/1000405694-1024x580.png 1024w, https:\/\/pasahoy.com.ar\/ph\/wp-content\/uploads\/2025\/06\/1000405694-300x170.png 300w, https:\/\/pasahoy.com.ar\/ph\/wp-content\/uploads\/2025\/06\/1000405694-768x435.png 768w, https:\/\/pasahoy.com.ar\/ph\/wp-content\/uploads\/2025\/06\/1000405694.png 1053w\" sizes=\"auto, (max-width: 1024px) 100vw, 1024px\" \/><\/figure>\n<\/figure>\n","protected":false},"excerpt":{"rendered":"<p>Grabois, junto a otros miembros del Frente Patria Grande tomaron el Instituto a modo de protesta por su cierre a manos del gobierno de Javier Milei. El dirigente del Frente Patria Grande,\u00a0Juan Grabois, fue detenido la tarde del s\u00e1bado tras ocupar el edificio del\u00a0Instituto Juan Domingo Per\u00f3n\u00a0junto a un grupo de activistas y diputados que [&hellip;]<\/p>\n","protected":false},"author":3,"featured_media":2690,"comment_status":"open","ping_status":"open","sticky":false,"template":"","format":"standard","meta":{"_jetpack_memberships_contains_paid_content":false,"footnotes":""},"categories":[2],"tags":[],"class_list":["post-2689","post","type-post","status-publish","format-standard","has-post-thumbnail","hentry","category-nacional"],"jetpack_featured_media_url":"https:\/\/pasahoy.com.ar\/ph\/wp-content\/uploads\/2025\/06\/1000405694.png","jetpack_sharing_enabled":true,"_links":{"self":[{"href":"https:\/\/pasahoy.com.ar\/ph\/wp-json\/wp\/v2\/posts\/2689","targetHints":{"allow":["GET"]}}],"collection":[{"href":"https:\/\/pasahoy.com.ar\/ph\/wp-json\/wp\/v2\/posts"}],"about":[{"href":"https:\/\/pasahoy.com.ar\/ph\/wp-json\/wp\/v2\/types\/post"}],"author":[{"embeddable":true,"href":"https:\/\/pasahoy.com.ar\/ph\/wp-json\/wp\/v2\/users\/3"}],"replies":[{"embeddable":true,"href":"https:\/\/pasahoy.com.ar\/ph\/wp-json\/wp\/v2\/comments?post=2689"}],"version-history":[{"count":1,"href":"https:\/\/pasahoy.com.ar\/ph\/wp-json\/wp\/v2\/posts\/2689\/revisions"}],"predecessor-version":[{"id":2691,"href":"https:\/\/pasahoy.com.ar\/ph\/wp-json\/wp\/v2\/posts\/2689\/revisions\/2691"}],"wp:featuredmedia":[{"embeddable":true,"href":"https:\/\/pasahoy.com.ar\/ph\/wp-json\/wp\/v2\/media\/2690"}],"wp:attachment":[{"href":"https:\/\/pasahoy.com.ar\/ph\/wp-json\/wp\/v2\/media?parent=2689"}],"wp:term":[{"taxonomy":"category","embeddable":true,"href":"https:\/\/pasahoy.com.ar\/ph\/wp-json\/wp\/v2\/categories?post=2689"},{"taxonomy":"post_tag","embeddable":true,"href":"https:\/\/pasahoy.com.ar\/ph\/wp-json\/wp\/v2\/tags?post=2689"}],"curies":[{"name":"wp","href":"https:\/\/api.w.org\/{rel}","templated":true}]}}