{"id":2686,"date":"2025-06-08T02:30:26","date_gmt":"2025-06-08T02:30:26","guid":{"rendered":"https:\/\/pasahoy.com.ar\/ph\/?p=2686"},"modified":"2025-06-08T02:30:41","modified_gmt":"2025-06-08T02:30:41","slug":"me-quieren-presa-o-muerta-cristina-kirchner-encabezo-un-acto-en-corrientes-con-fuertes-criticas-al-gobierno","status":"publish","type":"post","link":"https:\/\/pasahoy.com.ar\/ph\/me-quieren-presa-o-muerta-cristina-kirchner-encabezo-un-acto-en-corrientes-con-fuertes-criticas-al-gobierno\/","title":{"rendered":"Me quieren presa o muerta\u00bb: Cristina Kirchner encabez\u00f3 un acto en Corrientes con fuertes cr\u00edticas al Gobierno"},"content":{"rendered":"\n<p>La dos veces presidente mostr\u00f3 su respaldo al intendente Mart\u00edn Asc\u00faa en su campa\u00f1a a gobernador de Corrientes y habl\u00f3 sobre su compleja situaci\u00f3n judicial <\/p>\n\n\n\n<p>La ex presidente\u00a0<strong><a href=\"https:\/\/elintransigente.com\/tag\/cristina-kirchner\/\" target=\"_blank\" rel=\"noreferrer noopener\">Cristina Kirchner<\/a><\/strong>\u00a0desembarc\u00f3 en\u00a0<strong><a href=\"https:\/\/elintransigente.com\/tag\/corrientes\/\" target=\"_blank\" rel=\"noreferrer noopener\">Corrientes<\/a><\/strong>\u00a0y encabez\u00f3 un acto en respaldo al intendente de Paso de los Libres,\u00a0<strong><a href=\"https:\/\/x.com\/AscuaTincho\" target=\"_blank\" rel=\"noreferrer noopener\">Mart\u00edn Asc\u00faa<\/a><\/strong>, que se presentar\u00e1 como candidato a gobernador. Durante su discurso, la dos veces mandataria nacional mencion\u00f3 su delicada situaci\u00f3n judicial, critic\u00f3 al Gobierno Nacional y lanz\u00f3 un mensaje al peronismo por la interna a cielo abierto que atraviesa el Partido Justicialista. <\/p>\n\n\n\n<p><strong>Sali\u00f3 el anuncio de mi candidatura y se desataron los demonios<\/strong>. Comenzaron a pedir desde todos lados que me metan presa, eso es lo que uno lee. No hay que enojarse, hay que estar atentos. Todo esto con editoriales que dicen \u2018est\u00e1 acabada, la tienen acorralada\u2019.\u00a0<strong>Si tan mal estoy, \u00bfpor qu\u00e9 no me dejan competir y me derrotan pol\u00edticamente?.<\/strong>\u00a0<strong>Dale, miren como tiemblo<\/strong>\u00ab, ironiz\u00f3 Cristina durante el acto y adelant\u00f3 la agenda de actividades del Partido Justicialista en junio.<\/p>\n\n\n\n<p>El lunes vamos a organizar un homenaje a los fusilados en Jos\u00e9 Le\u00f3n L\u00f3pez, el lunes siguiente se cumplen 70 a\u00f1os de los bombardeos\u00bb, destac\u00f3. Durante varios momentos de su discurso, la presidente el PJ nacional enfatiz\u00f3 que \u00ab<strong>podr\u00edan meterla presa<\/strong>\u00bb y en ese sentido coment\u00f3: \u00ab<strong>Me gatillaron en la cara porque me quieren presa o muerta. Lo que nunca van a poder evitar que vuelva es el pueblo, que tienen una identidad e historia en la Argentina<\/strong>\u00ab. <\/p>\n\n\n\n<p>En cuanto al gobierno de\u00a0<strong>Javier Milei,<\/strong>\u00a0la ex mandataria ironiz\u00f3: \u00ab<strong>Desde que est\u00e1n los honestos y transparentes, la gente vive cada d\u00eda peor<\/strong>\u00ab. En este sentido, habl\u00f3 sobre el plan econ\u00f3mico de Milei y su ministro de Econom\u00eda, Luis Caputo, y afirm\u00f3: \u00abEste proyecto pol\u00edtico no tiene plan econ\u00f3mico. Es un\u00a0<em>remake<\/em>\u00a0de la tabla de Mart\u00ednez de Hoz o la convertibilidad de Cavallo. Es algo as\u00ed como el yogur, tiene vencimiento. La diferencia es que no tienen fecha en la tapa, pero de que se vence, se vence\u00bb. Asimismo, cuestion\u00f3 al presidente Javier Milei: \u00abUn pa\u00eds no se hace cerrando el CONICET, diciendole a los m\u00e9dicos que para qu\u00e9 estudiaron si sab\u00edan que iban a ganar poco, ni cerrando el Garrahan\u00bb.<\/p>\n\n\n\n<figure class=\"wp-block-gallery has-nested-images columns-default is-cropped wp-block-gallery-1 is-layout-flex wp-block-gallery-is-layout-flex\">\n<figure class=\"wp-block-image size-large\"><img loading=\"lazy\" decoding=\"async\" width=\"1024\" height=\"712\" data-id=\"2687\" src=\"https:\/\/pasahoy.com.ar\/ph\/wp-content\/uploads\/2025\/06\/1000405674-1024x712.png\" alt=\"\" class=\"wp-image-2687\" srcset=\"https:\/\/pasahoy.com.ar\/ph\/wp-content\/uploads\/2025\/06\/1000405674-1024x712.png 1024w, https:\/\/pasahoy.com.ar\/ph\/wp-content\/uploads\/2025\/06\/1000405674-300x209.png 300w, https:\/\/pasahoy.com.ar\/ph\/wp-content\/uploads\/2025\/06\/1000405674-768x534.png 768w, https:\/\/pasahoy.com.ar\/ph\/wp-content\/uploads\/2025\/06\/1000405674.png 1031w\" sizes=\"auto, (max-width: 1024px) 100vw, 1024px\" \/><\/figure>\n<\/figure>\n\n\n\n<p>.<\/p>\n","protected":false},"excerpt":{"rendered":"<p>La dos veces presidente mostr\u00f3 su respaldo al intendente Mart\u00edn Asc\u00faa en su campa\u00f1a a gobernador de Corrientes y habl\u00f3 sobre su compleja situaci\u00f3n judicial La ex presidente\u00a0Cristina Kirchner\u00a0desembarc\u00f3 en\u00a0Corrientes\u00a0y encabez\u00f3 un acto en respaldo al intendente de Paso de los Libres,\u00a0Mart\u00edn Asc\u00faa, que se presentar\u00e1 como candidato a gobernador. Durante su discurso, la dos [&hellip;]<\/p>\n","protected":false},"author":3,"featured_media":2687,"comment_status":"open","ping_status":"open","sticky":false,"template":"","format":"standard","meta":{"_jetpack_memberships_contains_paid_content":false,"footnotes":""},"categories":[2],"tags":[],"class_list":["post-2686","post","type-post","status-publish","format-standard","has-post-thumbnail","hentry","category-nacional"],"jetpack_featured_media_url":"https:\/\/pasahoy.com.ar\/ph\/wp-content\/uploads\/2025\/06\/1000405674.png","jetpack_sharing_enabled":true,"_links":{"self":[{"href":"https:\/\/pasahoy.com.ar\/ph\/wp-json\/wp\/v2\/posts\/2686","targetHints":{"allow":["GET"]}}],"collection":[{"href":"https:\/\/pasahoy.com.ar\/ph\/wp-json\/wp\/v2\/posts"}],"about":[{"href":"https:\/\/pasahoy.com.ar\/ph\/wp-json\/wp\/v2\/types\/post"}],"author":[{"embeddable":true,"href":"https:\/\/pasahoy.com.ar\/ph\/wp-json\/wp\/v2\/users\/3"}],"replies":[{"embeddable":true,"href":"https:\/\/pasahoy.com.ar\/ph\/wp-json\/wp\/v2\/comments?post=2686"}],"version-history":[{"count":1,"href":"https:\/\/pasahoy.com.ar\/ph\/wp-json\/wp\/v2\/posts\/2686\/revisions"}],"predecessor-version":[{"id":2688,"href":"https:\/\/pasahoy.com.ar\/ph\/wp-json\/wp\/v2\/posts\/2686\/revisions\/2688"}],"wp:featuredmedia":[{"embeddable":true,"href":"https:\/\/pasahoy.com.ar\/ph\/wp-json\/wp\/v2\/media\/2687"}],"wp:attachment":[{"href":"https:\/\/pasahoy.com.ar\/ph\/wp-json\/wp\/v2\/media?parent=2686"}],"wp:term":[{"taxonomy":"category","embeddable":true,"href":"https:\/\/pasahoy.com.ar\/ph\/wp-json\/wp\/v2\/categories?post=2686"},{"taxonomy":"post_tag","embeddable":true,"href":"https:\/\/pasahoy.com.ar\/ph\/wp-json\/wp\/v2\/tags?post=2686"}],"curies":[{"name":"wp","href":"https:\/\/api.w.org\/{rel}","templated":true}]}}