{"id":2675,"date":"2025-06-08T02:08:30","date_gmt":"2025-06-08T02:08:30","guid":{"rendered":"https:\/\/pasahoy.com.ar\/ph\/?p=2675"},"modified":"2025-06-08T02:08:42","modified_gmt":"2025-06-08T02:08:42","slug":"camaras-de-seguridad-captaron-la-fuga-del-menor-que-habria-atacado-a-miguel-uribe-turbay","status":"publish","type":"post","link":"https:\/\/pasahoy.com.ar\/ph\/camaras-de-seguridad-captaron-la-fuga-del-menor-que-habria-atacado-a-miguel-uribe-turbay\/","title":{"rendered":"C\u00e1maras de seguridad captaron la fuga del menor que habr\u00eda atacado a Miguel Uribe Turbay"},"content":{"rendered":"\n<p>El sujeto fue perseguido por varias personas en el barrio Modelia luego del ataque armado en contra del precandidato presidencial. <\/p>\n\n\n\n<p>Se conocieron las im\u00e1genes de las c\u00e1maras de seguridad en las que se ve c\u00f3mo el joven que habr\u00eda atacado al precandidato presidencial Miguel Uribe Turbay, es perseguido por varias personas luego de dispararle en seis oportunidades al l\u00edder pol\u00edtico que se encontraba en un evento de campa\u00f1a en la localidad de Fontib\u00f3n.<\/p>\n\n\n\n<p>En el video se evidencia al menor corriendo por las calles de la zona residencial de Modelia y en otra c\u00e1mara de vigilancia muestra al atacante corriendo con dificultad debido a que result\u00f3 herido momentos despu\u00e9s de haberle disparado al precandidato.<\/p>\n\n\n\n<h2 class=\"wp-block-heading\"><strong>El menor y un arma est\u00e1n bajo la custodia de la Polic\u00eda<\/strong><\/h2>\n\n\n\n<p>Por su parte, las autoridades confirmaron que al momento de la aprehensi\u00f3n del menor de edad, se hizo la respectiva custodia de la que podr\u00eda ser el arma del atentado hacia el l\u00edder pol\u00edtico de 39 a\u00f1os.<\/p>\n\n\n\n<p>El joven que como se ve en el video, habr\u00eda apuntado su arma en contra de las personas que lo persiguieron por la zona, fue trasladado a un centro asistencial donde recibe atenci\u00f3n m\u00e9dica por las heridas que presenta y all\u00ed estar\u00eda siendo custodiado por las autoridades.<\/p>\n\n\n\n<p>Hasta el momento, se conoce que se trata de un menor de 15 a\u00f1os que fue aprehendido por las autoridades cerca del lugar de los hechos y se encuentra herido.<\/p>\n\n\n\n<figure class=\"wp-block-gallery has-nested-images columns-default is-cropped wp-block-gallery-1 is-layout-flex wp-block-gallery-is-layout-flex\">\n<figure class=\"wp-block-image size-large\"><img loading=\"lazy\" decoding=\"async\" width=\"773\" height=\"765\" data-id=\"2678\" src=\"https:\/\/pasahoy.com.ar\/ph\/wp-content\/uploads\/2025\/06\/1000405639.png\" alt=\"\" class=\"wp-image-2678\" srcset=\"https:\/\/pasahoy.com.ar\/ph\/wp-content\/uploads\/2025\/06\/1000405639.png 773w, https:\/\/pasahoy.com.ar\/ph\/wp-content\/uploads\/2025\/06\/1000405639-300x297.png 300w, https:\/\/pasahoy.com.ar\/ph\/wp-content\/uploads\/2025\/06\/1000405639-768x760.png 768w\" sizes=\"auto, (max-width: 773px) 100vw, 773px\" \/><\/figure>\n\n\n\n<figure class=\"wp-block-image size-large\"><img loading=\"lazy\" decoding=\"async\" width=\"529\" height=\"763\" data-id=\"2676\" src=\"https:\/\/pasahoy.com.ar\/ph\/wp-content\/uploads\/2025\/06\/1000405643.png\" alt=\"\" class=\"wp-image-2676\" srcset=\"https:\/\/pasahoy.com.ar\/ph\/wp-content\/uploads\/2025\/06\/1000405643.png 529w, https:\/\/pasahoy.com.ar\/ph\/wp-content\/uploads\/2025\/06\/1000405643-208x300.png 208w\" sizes=\"auto, (max-width: 529px) 100vw, 529px\" \/><\/figure>\n\n\n\n<figure class=\"wp-block-image size-large\"><img loading=\"lazy\" decoding=\"async\" width=\"962\" height=\"485\" data-id=\"2677\" src=\"https:\/\/pasahoy.com.ar\/ph\/wp-content\/uploads\/2025\/06\/1000405629-1.png\" alt=\"\" class=\"wp-image-2677\" srcset=\"https:\/\/pasahoy.com.ar\/ph\/wp-content\/uploads\/2025\/06\/1000405629-1.png 962w, https:\/\/pasahoy.com.ar\/ph\/wp-content\/uploads\/2025\/06\/1000405629-1-300x151.png 300w, https:\/\/pasahoy.com.ar\/ph\/wp-content\/uploads\/2025\/06\/1000405629-1-768x387.png 768w\" sizes=\"auto, (max-width: 962px) 100vw, 962px\" \/><\/figure>\n<\/figure>\n","protected":false},"excerpt":{"rendered":"<p>El sujeto fue perseguido por varias personas en el barrio Modelia luego del ataque armado en contra del precandidato presidencial. Se conocieron las im\u00e1genes de las c\u00e1maras de seguridad en las que se ve c\u00f3mo el joven que habr\u00eda atacado al precandidato presidencial Miguel Uribe Turbay, es perseguido por varias personas luego de dispararle en [&hellip;]<\/p>\n","protected":false},"author":3,"featured_media":2678,"comment_status":"open","ping_status":"open","sticky":false,"template":"","format":"standard","meta":{"_jetpack_memberships_contains_paid_content":false,"footnotes":""},"categories":[3],"tags":[],"class_list":["post-2675","post","type-post","status-publish","format-standard","has-post-thumbnail","hentry","category-internacional"],"jetpack_featured_media_url":"https:\/\/pasahoy.com.ar\/ph\/wp-content\/uploads\/2025\/06\/1000405639.png","jetpack_sharing_enabled":true,"_links":{"self":[{"href":"https:\/\/pasahoy.com.ar\/ph\/wp-json\/wp\/v2\/posts\/2675","targetHints":{"allow":["GET"]}}],"collection":[{"href":"https:\/\/pasahoy.com.ar\/ph\/wp-json\/wp\/v2\/posts"}],"about":[{"href":"https:\/\/pasahoy.com.ar\/ph\/wp-json\/wp\/v2\/types\/post"}],"author":[{"embeddable":true,"href":"https:\/\/pasahoy.com.ar\/ph\/wp-json\/wp\/v2\/users\/3"}],"replies":[{"embeddable":true,"href":"https:\/\/pasahoy.com.ar\/ph\/wp-json\/wp\/v2\/comments?post=2675"}],"version-history":[{"count":1,"href":"https:\/\/pasahoy.com.ar\/ph\/wp-json\/wp\/v2\/posts\/2675\/revisions"}],"predecessor-version":[{"id":2679,"href":"https:\/\/pasahoy.com.ar\/ph\/wp-json\/wp\/v2\/posts\/2675\/revisions\/2679"}],"wp:featuredmedia":[{"embeddable":true,"href":"https:\/\/pasahoy.com.ar\/ph\/wp-json\/wp\/v2\/media\/2678"}],"wp:attachment":[{"href":"https:\/\/pasahoy.com.ar\/ph\/wp-json\/wp\/v2\/media?parent=2675"}],"wp:term":[{"taxonomy":"category","embeddable":true,"href":"https:\/\/pasahoy.com.ar\/ph\/wp-json\/wp\/v2\/categories?post=2675"},{"taxonomy":"post_tag","embeddable":true,"href":"https:\/\/pasahoy.com.ar\/ph\/wp-json\/wp\/v2\/tags?post=2675"}],"curies":[{"name":"wp","href":"https:\/\/api.w.org\/{rel}","templated":true}]}}