{"id":2672,"date":"2025-06-08T01:58:30","date_gmt":"2025-06-08T01:58:30","guid":{"rendered":"https:\/\/pasahoy.com.ar\/ph\/?p=2672"},"modified":"2025-06-08T01:58:44","modified_gmt":"2025-06-08T01:58:44","slug":"disparan-contra-el-precandidato-presidencial-de-colombia-miguel-uribe-en-medio-de-un-acto-politico-en-bogota","status":"publish","type":"post","link":"https:\/\/pasahoy.com.ar\/ph\/disparan-contra-el-precandidato-presidencial-de-colombia-miguel-uribe-en-medio-de-un-acto-politico-en-bogota\/","title":{"rendered":"Disparan contra el precandidato presidencial de Colombia Miguel Uribe en medio de un acto pol\u00edtico en Bogot\u00e1"},"content":{"rendered":"\n<p><strong>El senador y precandidato a la Presidencia de Colombia Miguel Uribe Turbay fue herido de bala este s\u00e1bado cuando estaba en un acto pol\u00edtico en Bogot\u00e1.<\/strong><\/p>\n\n\n\n<p>El legislador de 39 a\u00f1os, miembro del partido de oposici\u00f3n Centro Democr\u00e1tico, del expresidente \u00c1lvaro Uribe, fue trasladado de inmediato a un hospital. Se desconoce su estado actual.<\/p>\n\n\n\n<p>Im\u00e1genes compartidas en redes sociales muestran al precandidato ensangrentado siendo sostenido por otras personas, mientras buscaban auxilio.<\/p>\n\n\n\n<p>El alcalde de Bogot\u00e1, Carlos Fernando Gal\u00e1n, inform\u00f3 en la red social X que el presunto autor de los disparos fue capturado. <\/p>\n\n\n\n<p>La investigaci\u00f3n no se detiene y vamos a llegar hasta el fondo. No habr\u00e1 espacio para la impunidad\u00bb, indic\u00f3 en X.<\/p>\n\n\n\n<p>En un tuit anterior, S\u00e1nchez ofreci\u00f3 una recompensa de hasta 3.000 millones de pesos colombianos (unos US$728.000) \u00aba quien entregue informaci\u00f3n que permita identificar y capturar a los responsables\u00bb.<\/p>\n\n\n\n<p>El gobierno nacional rechaz\u00f3 \u00abde manera categ\u00f3rica y contundente el atentado del que fue v\u00edctima\u00bb Uribe, dijo Presidencia en un comunicado.<\/p>\n\n\n\n<p>\u00abEste acto de violencia es un ataque no solo a la integridad personal del senador, sino tambi\u00e9n contra la democracia, la libertad de pensamiento y el ejercicio leg\u00edtimo de la pol\u00edtica en Colombia\u00bb, a\u00f1adi\u00f3.<\/p>\n\n\n\n<p>Centro Democr\u00e1tico expres\u00f3 en un comunicado su condena a lo que fue \u00abun acto de violencia inaceptable\u00bb.<\/p>\n\n\n\n<p>Agreg\u00f3 que a Uribe le dispararon por la espalda sobre las 17:00 hora local (22:00 GMT) mientras participaba en un evento en un parque en la localidad de Fontib\u00f3n, en el oeste de la capital.<\/p>\n\n\n\n<p>\u00abRechazamos en\u00e9rgicamente este ataque que no solo pone en peligro la vida de un l\u00edder pol\u00edtico, sino que tambi\u00e9n atenta contra la democracia y la libertad en Colombia\u00bb, dijo el partido.<\/p>\n\n\n\n<p>Miguel Uribe es nieto de Julio C\u00e9sar Turbay, expresidente de Colombia (1978\u20131982), e hijo de Diana Turbay, periodista secuestrada por Pablo Escobar que muri\u00f3 en una operaci\u00f3n de rescate durante la crisis de los Extraditables. Ese episodio fue narrado por Gabriel Garc\u00eda M\u00e1rquez en su libro \u00abNoticia de un secuestro\u00bb. <\/p>\n\n\n\n<p>Uribe es un fuerte cr\u00edtico desde la derecha del presidente de Colombia, el izquierdista Gustavo Petro.<\/p>\n\n\n\n<p>Ante la intenci\u00f3n de Petro de convocar por decreto a una consulta popular para una reforma laboral, algo que tendr\u00edan que firmar todos los ministros del gabinete, Uribe dijo horas antes del ataque que los demandar\u00eda por prevaricato (acto de un servidor p\u00fablico contrario a la ley).<\/p>\n\n\n\n<h2 class=\"wp-block-heading\" id=\"Ay-Colombia-y-su-violencia-eterna\">\u00abAy Colombia y su violencia eterna\u00bb<\/h2>\n\n\n\n<p>Petro reaccion\u00f3 al ataque contra Uribe en su cuenta de la red social X.<\/p>\n\n\n\n<p>\u00ab&#8216;Ay&#8217; Colombia y su violencia eterna. Quieren matar al hijo de una \u00e1rabe en Bogot\u00e1, que ya hab\u00edan asesinado, y no se debe matar en el coraz\u00f3n del mundo. Matan al hijo y a la madre\u00bb, se\u00f1al\u00f3.<\/p>\n\n\n\n<p>La familia Turbay es de ascendencia libanesa.<\/p>\n\n\n\n<p>\u00abRespeten la vida, esa es la linea roja. Colombia no debe matar a sus hijos, porque ellos tambi\u00e9n son hijos nuestros. Mafias de la tierra, costras de la humanidad. Que vivan tranquilas las familias \u00e1rabes que llegaron a Colombia\u00bb, sigui\u00f3 diciendo el presidente.<\/p>\n\n\n\n<p>\u00abColombia da la bienvenida al mundo, y no mata a quienes vienen de todos los rincones del planeta. Mi solidaridad a la familia Uribe y a la familia Turbay. No s\u00e9 c\u00f3mo mitigar su dolor. Es dolor de madre ida y de patria\u00bb, afirm\u00f3.<\/p>\n\n\n\n<p>La Presidencia de Colombia inform\u00f3 que, debido al ataque contra Uribe, Petro cancel\u00f3 un viaje al exterior que ten\u00eda planificado para la noche de este s\u00e1bado.<\/p>\n\n\n\n<p>El expresidente \u00c1lvaro Uribe V\u00e9lez (2002-2010) rechaz\u00f3 en X el ataque.<\/p>\n\n\n\n<p>\u00abAtentaron contra una esperanza de la Patria, contra un gran esposo, padre, hijo, hermano, contra un gran compa\u00f1ero de trabajo\u00bb, apunt\u00f3.<\/p>\n\n\n\n<p>\u00abPedimos a Dios por la recuperaci\u00f3n de Miguel. Nuestra confianza en los m\u00e9dicos, en las Fuerzas Armadas, la Justicia. Apelamos a la reflexi\u00f3n ciudadana\u00bb, agreg\u00f3.<\/p>\n\n\n\n<p>El expresidente Iv\u00e1n Duque asegur\u00f3 que hoy los colombianos est\u00e1n \u00abprofundamente consternados\u00bb.<\/p>\n\n\n\n<p>\u00abQue este sea un momento para rechazar los mensajes de odio, de violencia, de intolerancia que se emiten con perversidad y que podamos unirnos todos los colombianos ante los retos que hoy enfrentamos como naci\u00f3n\u00bb, sostuvo.<\/p>\n\n\n\n<p>Colombia celebrar\u00e1 elecciones en marzo de 2026.<\/p>\n\n\n\n<figure class=\"wp-block-gallery has-nested-images columns-default is-cropped wp-block-gallery-1 is-layout-flex wp-block-gallery-is-layout-flex\">\n<figure class=\"wp-block-image size-large\"><img loading=\"lazy\" decoding=\"async\" width=\"962\" height=\"485\" data-id=\"2673\" src=\"https:\/\/pasahoy.com.ar\/ph\/wp-content\/uploads\/2025\/06\/1000405629.png\" alt=\"\" class=\"wp-image-2673\" srcset=\"https:\/\/pasahoy.com.ar\/ph\/wp-content\/uploads\/2025\/06\/1000405629.png 962w, https:\/\/pasahoy.com.ar\/ph\/wp-content\/uploads\/2025\/06\/1000405629-300x151.png 300w, https:\/\/pasahoy.com.ar\/ph\/wp-content\/uploads\/2025\/06\/1000405629-768x387.png 768w\" sizes=\"auto, (max-width: 962px) 100vw, 962px\" \/><\/figure>\n<\/figure>\n","protected":false},"excerpt":{"rendered":"<p>El senador y precandidato a la Presidencia de Colombia Miguel Uribe Turbay fue herido de bala este s\u00e1bado cuando estaba en un acto pol\u00edtico en Bogot\u00e1. El legislador de 39 a\u00f1os, miembro del partido de oposici\u00f3n Centro Democr\u00e1tico, del expresidente \u00c1lvaro Uribe, fue trasladado de inmediato a un hospital. Se desconoce su estado actual. Im\u00e1genes [&hellip;]<\/p>\n","protected":false},"author":3,"featured_media":2673,"comment_status":"open","ping_status":"open","sticky":false,"template":"","format":"standard","meta":{"_jetpack_memberships_contains_paid_content":false,"footnotes":""},"categories":[3],"tags":[],"class_list":["post-2672","post","type-post","status-publish","format-standard","has-post-thumbnail","hentry","category-internacional"],"jetpack_featured_media_url":"https:\/\/pasahoy.com.ar\/ph\/wp-content\/uploads\/2025\/06\/1000405629.png","jetpack_sharing_enabled":true,"_links":{"self":[{"href":"https:\/\/pasahoy.com.ar\/ph\/wp-json\/wp\/v2\/posts\/2672","targetHints":{"allow":["GET"]}}],"collection":[{"href":"https:\/\/pasahoy.com.ar\/ph\/wp-json\/wp\/v2\/posts"}],"about":[{"href":"https:\/\/pasahoy.com.ar\/ph\/wp-json\/wp\/v2\/types\/post"}],"author":[{"embeddable":true,"href":"https:\/\/pasahoy.com.ar\/ph\/wp-json\/wp\/v2\/users\/3"}],"replies":[{"embeddable":true,"href":"https:\/\/pasahoy.com.ar\/ph\/wp-json\/wp\/v2\/comments?post=2672"}],"version-history":[{"count":1,"href":"https:\/\/pasahoy.com.ar\/ph\/wp-json\/wp\/v2\/posts\/2672\/revisions"}],"predecessor-version":[{"id":2674,"href":"https:\/\/pasahoy.com.ar\/ph\/wp-json\/wp\/v2\/posts\/2672\/revisions\/2674"}],"wp:featuredmedia":[{"embeddable":true,"href":"https:\/\/pasahoy.com.ar\/ph\/wp-json\/wp\/v2\/media\/2673"}],"wp:attachment":[{"href":"https:\/\/pasahoy.com.ar\/ph\/wp-json\/wp\/v2\/media?parent=2672"}],"wp:term":[{"taxonomy":"category","embeddable":true,"href":"https:\/\/pasahoy.com.ar\/ph\/wp-json\/wp\/v2\/categories?post=2672"},{"taxonomy":"post_tag","embeddable":true,"href":"https:\/\/pasahoy.com.ar\/ph\/wp-json\/wp\/v2\/tags?post=2672"}],"curies":[{"name":"wp","href":"https:\/\/api.w.org\/{rel}","templated":true}]}}