{"id":2668,"date":"2025-06-08T01:53:51","date_gmt":"2025-06-08T01:53:51","guid":{"rendered":"https:\/\/pasahoy.com.ar\/ph\/?p=2668"},"modified":"2025-06-08T01:53:51","modified_gmt":"2025-06-08T01:53:51","slug":"el-valle-del-bermejo-fue-seleccionado-para-desarrollar-un-proyecto-de-adaptacion-frente-al-cambio-climatico","status":"publish","type":"post","link":"https:\/\/pasahoy.com.ar\/ph\/el-valle-del-bermejo-fue-seleccionado-para-desarrollar-un-proyecto-de-adaptacion-frente-al-cambio-climatico\/","title":{"rendered":"El Valle del Bermejo fue seleccionado para desarrollar un proyecto de adaptaci\u00f3n frente al cambio clim\u00e1tico"},"content":{"rendered":"\n<p><em>La provincia fue la \u00fanica elegida en Argentina para recibir un financiamiento de 3 millones de d\u00f3lares destinado a implementar obras y pol\u00edticas de adaptaci\u00f3n al cambio clim\u00e1tico en zonas de alta monta\u00f1a, a trav\u00e9s de una iniciativa conjunta del Consorcio para el Desarrollo Sostenible de la Ecorregi\u00f3n Andina y el Programa de Naciones Unidas para el Medio Ambiente.<\/em><\/p>\n\n\n\n<figure class=\"wp-block-gallery has-nested-images columns-default is-cropped wp-block-gallery-1 is-layout-flex wp-block-gallery-is-layout-flex\">\n<figure class=\"wp-block-image size-large\"><img loading=\"lazy\" decoding=\"async\" width=\"1024\" height=\"681\" data-id=\"2669\" src=\"https:\/\/pasahoy.com.ar\/ph\/wp-content\/uploads\/2025\/06\/1000405619-1024x681.jpg\" alt=\"\" class=\"wp-image-2669\" srcset=\"https:\/\/pasahoy.com.ar\/ph\/wp-content\/uploads\/2025\/06\/1000405619-1024x681.jpg 1024w, https:\/\/pasahoy.com.ar\/ph\/wp-content\/uploads\/2025\/06\/1000405619-300x200.jpg 300w, https:\/\/pasahoy.com.ar\/ph\/wp-content\/uploads\/2025\/06\/1000405619-768x511.jpg 768w, https:\/\/pasahoy.com.ar\/ph\/wp-content\/uploads\/2025\/06\/1000405619-1536x1021.jpg 1536w, https:\/\/pasahoy.com.ar\/ph\/wp-content\/uploads\/2025\/06\/1000405619.jpg 1600w\" sizes=\"auto, (max-width: 1024px) 100vw, 1024px\" \/><\/figure>\n\n\n\n<figure class=\"wp-block-image size-large\"><img loading=\"lazy\" decoding=\"async\" width=\"1024\" height=\"681\" data-id=\"2670\" src=\"https:\/\/pasahoy.com.ar\/ph\/wp-content\/uploads\/2025\/06\/1000405618-1024x681.jpg\" alt=\"\" class=\"wp-image-2670\" srcset=\"https:\/\/pasahoy.com.ar\/ph\/wp-content\/uploads\/2025\/06\/1000405618-1024x681.jpg 1024w, https:\/\/pasahoy.com.ar\/ph\/wp-content\/uploads\/2025\/06\/1000405618-300x200.jpg 300w, https:\/\/pasahoy.com.ar\/ph\/wp-content\/uploads\/2025\/06\/1000405618-768x511.jpg 768w, https:\/\/pasahoy.com.ar\/ph\/wp-content\/uploads\/2025\/06\/1000405618-1536x1021.jpg 1536w, https:\/\/pasahoy.com.ar\/ph\/wp-content\/uploads\/2025\/06\/1000405618.jpg 1600w\" sizes=\"auto, (max-width: 1024px) 100vw, 1024px\" \/><\/figure>\n<\/figure>\n\n\n\n<p>El gobernador Ricardo Quintela se reuni\u00f3 este viernes con la directora ejecutiva del Consorcio para el Desarrollo Sostenible de la Ecorregi\u00f3n Andina (CONDESAN), Karen Price, al igual que con representantes del Programa de Naciones Unidas para el Medio Ambiente (PNUMA) y de la Subsecretar\u00eda de Ambiente de la Naci\u00f3n. El motivo: avanzar en un proyecto de adaptaci\u00f3n al cambio clim\u00e1tico en el Valle del Bermejo, seleccionado como \u00fanico sitio en Argentina para esta iniciativa.<br>Tras el encuentro, el secretario de Ambiente de la provincia, Santiago Azulay, expres\u00f3 que \u201ceste proyecto lo comenzamos a pensar y a impulsar en estos organismos internacionales de cr\u00e9dito a fines de 2018, y hoy vemos c\u00f3mo va avanzando\u201d. Asimismo, destac\u00f3 que el Valle del Bermejo es el \u00fanico lugar elegido en la Rep\u00fablica Argentina y explic\u00f3 que \u201cel financiamiento del proyecto asciende a 3 millones de d\u00f3lares. El organismo de implementaci\u00f3n ser\u00e1 la Secretar\u00eda Ejecutiva de CONDESAN y el PNUMA, directamente en coordinaci\u00f3n con la cartera ambiental de la provincia\u201d.<br>Por otra parte, Azulay subray\u00f3 el compromiso del gobierno riojano al afirmar que \u201cel gobernador impulsa no solo las actividades productivas en el Valle del Bermejo, sino tambi\u00e9n pol\u00edticas vinculadas a la protecci\u00f3n del ambiente. Es un claro mensaje que damos y recibimos del mundo: la necesidad urgente de adaptarnos al cambio clim\u00e1tico y mitigar sus efectos\u201d, en tanto que tambi\u00e9n critic\u00f3 la postura del Gobierno Nacional frente a la problem\u00e1tica: \u201cEsto marca una gran diferencia con un Gobierno Nacional que ha optado por negar el cambio clim\u00e1tico, como si con negarlo se solucionara el problema. La negaci\u00f3n no resuelve las inundaciones de Bah\u00eda Blanca, de la provincia de Buenos Aires ni de otras provincias argentinas, ni los desastres naturales que est\u00e1n ocurriendo en todo el mundo\u201d.<br>De igual manera, Azulay agreg\u00f3 que \u201cen La Rioja venimos pensando y gestionando en esta direcci\u00f3n. Hoy celebramos que se van a realizar obras de gobernanza e infraestructura por m\u00e1s de 3 millones de d\u00f3lares, fondeadas por organismos internacionales. Son donaciones que gestionamos desde la cartera ambiental, con el respaldo de nuestro gobernador\u201d.<\/p>\n\n\n\n<p><em>Fondo de Adaptaci\u00f3n<\/em><br>Karen Price, en representaci\u00f3n de CONDESAN, explic\u00f3 que el Consorcio \u201cejerce la secretar\u00eda t\u00e9cnica de la Iniciativa Andina de Monta\u00f1a, una plataforma voluntaria que agrupa a los siete pa\u00edses andinos: Venezuela, Colombia, Per\u00fa, Ecuador, Bolivia, Chile y Argentina\u201d.<br>En ese marco, Price detall\u00f3 que \u201ceste espacio de trabajo involucra a las canciller\u00edas y ministerios de ambiente de los siete pa\u00edses. A partir de all\u00ed, promovemos la posibilidad de desarrollar un proyecto de adaptaci\u00f3n al cambio clim\u00e1tico para ser postulado ante el Fondo de Adaptaci\u00f3n\u201d.<br>\u201cEl Fondo de Adaptaci\u00f3n es un fondo internacional destinado a financiar proyectos locales que mejoren la resiliencia de la poblaci\u00f3n y sus actividades econ\u00f3micas frente a los efectos del cambio clim\u00e1tico\u201d, explic\u00f3 y agreg\u00f3 que este es un proyecto regional que incluye zonas de alta monta\u00f1a en Colombia, Per\u00fa, Chile y, en Argentina, se focaliza en la provincia de La Rioja.<br>\u201cEstamos aqu\u00ed porque el fondo exige una serie de requisitos. A partir de los primeros estudios realizados en la zona, hemos desarrollado un taller para recoger informaci\u00f3n clave. Las hip\u00f3tesis deben ser validadas por la poblaci\u00f3n local y por expertos de distintas \u00e1reas: agua, riesgo ambiental, universidades, entre otros\u201d.<br>\u201cEste taller nos permite tener claridad sobre la situaci\u00f3n. A partir de all\u00ed seguimos una serie de pasos para concretar el financiamiento. M\u00e1s all\u00e1 de la voluntad pol\u00edtica, es fundamental fortalecer la interacci\u00f3n entre las instituciones y la poblaci\u00f3n. Esperamos concretar esta propuesta que, si bien tiene un proceso largo, se trabajar\u00e1 de manera conjunta y requiere gran compromiso de autoridades y equipos t\u00e9cnicos\u201d, concluy\u00f3.<br>Del encuentro tambi\u00e9n participaron el ministro de Producci\u00f3n y Ambiente, Ernesto P\u00e9rez; la directora ejecutiva de CONDESAN, Mar\u00eda Arguello; y la secretaria t\u00e9cnica para el Desarrollo Sostenible de las regiones monta\u00f1osas de Argentina, Mar\u00eda Lidia Testani.<\/p>\n\n\n\n<p><em>Sobre CONDESAN<\/em><br>El Consorcio para el Desarrollo Sostenible de la Ecorregi\u00f3n Andina (CONDESAN) es una organizaci\u00f3n regional no gubernamental que trabaja de manera integral, informada y cooperativa para conservar, restaurar y usar responsablemente los recursos de las monta\u00f1as andinas, en favor del desarrollo sostenible de sus comunidades.<br>Por su parte, el Programa de Naciones Unidas para el Medio Ambiente (PNUMA), fundado en 1972, act\u00faa como catalizador, defensor y facilitador del uso racional del medio ambiente y del desarrollo sostenible a nivel global.<\/p>\n","protected":false},"excerpt":{"rendered":"<p>La provincia fue la \u00fanica elegida en Argentina para recibir un financiamiento de 3 millones de d\u00f3lares destinado a implementar obras y pol\u00edticas de adaptaci\u00f3n al cambio clim\u00e1tico en zonas de alta monta\u00f1a, a trav\u00e9s de una iniciativa conjunta del Consorcio para el Desarrollo Sostenible de la Ecorregi\u00f3n Andina y el Programa de Naciones Unidas [&hellip;]<\/p>\n","protected":false},"author":3,"featured_media":2669,"comment_status":"open","ping_status":"open","sticky":false,"template":"","format":"standard","meta":{"_jetpack_memberships_contains_paid_content":false,"footnotes":""},"categories":[1],"tags":[],"class_list":["post-2668","post","type-post","status-publish","format-standard","has-post-thumbnail","hentry","category-local"],"jetpack_featured_media_url":"https:\/\/pasahoy.com.ar\/ph\/wp-content\/uploads\/2025\/06\/1000405619.jpg","jetpack_sharing_enabled":true,"_links":{"self":[{"href":"https:\/\/pasahoy.com.ar\/ph\/wp-json\/wp\/v2\/posts\/2668","targetHints":{"allow":["GET"]}}],"collection":[{"href":"https:\/\/pasahoy.com.ar\/ph\/wp-json\/wp\/v2\/posts"}],"about":[{"href":"https:\/\/pasahoy.com.ar\/ph\/wp-json\/wp\/v2\/types\/post"}],"author":[{"embeddable":true,"href":"https:\/\/pasahoy.com.ar\/ph\/wp-json\/wp\/v2\/users\/3"}],"replies":[{"embeddable":true,"href":"https:\/\/pasahoy.com.ar\/ph\/wp-json\/wp\/v2\/comments?post=2668"}],"version-history":[{"count":1,"href":"https:\/\/pasahoy.com.ar\/ph\/wp-json\/wp\/v2\/posts\/2668\/revisions"}],"predecessor-version":[{"id":2671,"href":"https:\/\/pasahoy.com.ar\/ph\/wp-json\/wp\/v2\/posts\/2668\/revisions\/2671"}],"wp:featuredmedia":[{"embeddable":true,"href":"https:\/\/pasahoy.com.ar\/ph\/wp-json\/wp\/v2\/media\/2669"}],"wp:attachment":[{"href":"https:\/\/pasahoy.com.ar\/ph\/wp-json\/wp\/v2\/media?parent=2668"}],"wp:term":[{"taxonomy":"category","embeddable":true,"href":"https:\/\/pasahoy.com.ar\/ph\/wp-json\/wp\/v2\/categories?post=2668"},{"taxonomy":"post_tag","embeddable":true,"href":"https:\/\/pasahoy.com.ar\/ph\/wp-json\/wp\/v2\/tags?post=2668"}],"curies":[{"name":"wp","href":"https:\/\/api.w.org\/{rel}","templated":true}]}}