{"id":2665,"date":"2025-06-06T17:47:48","date_gmt":"2025-06-06T17:47:48","guid":{"rendered":"https:\/\/pasahoy.com.ar\/ph\/?p=2665"},"modified":"2025-06-06T17:48:02","modified_gmt":"2025-06-06T17:48:02","slug":"maria-fernanda-callejon-blanqueo-cuales-fueron-los-verdaderos-motivos-de-su-separacion-de-fernando-gamboa","status":"publish","type":"post","link":"https:\/\/pasahoy.com.ar\/ph\/maria-fernanda-callejon-blanqueo-cuales-fueron-los-verdaderos-motivos-de-su-separacion-de-fernando-gamboa\/","title":{"rendered":"Mar\u00eda Fernanda Callej\u00f3n blanque\u00f3 cu\u00e1les fueron los verdaderos motivos de su separaci\u00f3n de Fernando Gamboa"},"content":{"rendered":"\n<p>La exvedette explic\u00f3 las razones del final de su romance con el exfutbolista. <\/p>\n\n\n\n<p>En los \u00faltimos d\u00edas se confirm\u00f3 que\u00a0<a href=\"https:\/\/tn.com.ar\/show\/famosos\/2025\/06\/03\/maria-fernanda-callejon-se-separo-de-fernando-gamboa-los-escandalosos-motivos\/\"><strong>Mar\u00eda Fernanda Callej\u00f3n\u00a0<\/strong><\/a><strong>y Fernando Gamboa se separaron<\/strong>\u00a0tras casi tres a\u00f1os de noviazgo. El primero en anunciarlo fue el exfutbolista, al responderle a un seguidor que le pregunt\u00f3 por la exvedette. Ahora,\u00a0<strong>lleg\u00f3 el turno de la actriz de dar su versi\u00f3n.<\/strong><\/p>\n\n\n\n<p>Durante una nota con\u00a0<em>Puro Show (Eltrece)<\/em>, la morocha cont\u00f3 las razones que la llevaron a poner punto final al v\u00ednculo. \u201cCuando cumplas 59 a\u00f1os, como voy a cumplir yo dentro de dos semanas, te vas a dar cuenta.\u00a0<strong>El negro no era ni mi marido, ni mi novio, era mi compa\u00f1ero de ruta<\/strong>\u201c, le dijo al notero. <\/p>\n\n\n\n<p>Callej\u00f3n se sincer\u00f3 y dio detalles sobre la charla que tuvo con el director t\u00e9cnico antes de separarse: \u201c<strong>Lo hablamos, le dije que necesitaba priorizarme, necesitaba un espacio\u00bb.<\/strong> <\/p>\n\n\n\n<p>\u00c9l estaba con un pie en el avi\u00f3n y las personas que aman de verdad escuchan, comprenden, empatizan\u201d, dijo Mar\u00eda Fernanda, haciendo referencia a que Gamboa estaba viviendo en Per\u00fa, donde dirig\u00eda al equipo Sport Boys. <\/p>\n\n\n\n<p>En su participaci\u00f3n en el programa\u00a0<em>Noche al Dente (Am\u00e9rica)<\/em>, el cordob\u00e9s se mostr\u00f3 visiblemente conmovido al rememorar aquellos tiempos. \u201cMe trae muchos recuerdos, yo hace a\u00f1os que estaba separado. Siempre se me ven\u00eda la Negra a la cabeza. No ten\u00eda intenci\u00f3n de nada, le escribo y listo&#8230;\u00a0<strong>En los 90 nos am\u00e1bamos. Somos compa\u00f1eros de vida<\/strong>\u201d, expres\u00f3.<\/p>\n\n\n\n<figure class=\"wp-block-gallery has-nested-images columns-default is-cropped wp-block-gallery-1 is-layout-flex wp-block-gallery-is-layout-flex\">\n<figure class=\"wp-block-image size-large\"><img loading=\"lazy\" decoding=\"async\" width=\"824\" height=\"541\" data-id=\"2666\" src=\"https:\/\/pasahoy.com.ar\/ph\/wp-content\/uploads\/2025\/06\/1000401451.png\" alt=\"\" class=\"wp-image-2666\" srcset=\"https:\/\/pasahoy.com.ar\/ph\/wp-content\/uploads\/2025\/06\/1000401451.png 824w, https:\/\/pasahoy.com.ar\/ph\/wp-content\/uploads\/2025\/06\/1000401451-300x197.png 300w, https:\/\/pasahoy.com.ar\/ph\/wp-content\/uploads\/2025\/06\/1000401451-768x504.png 768w\" sizes=\"auto, (max-width: 824px) 100vw, 824px\" \/><\/figure>\n<\/figure>\n\n\n\n<p><br><\/p>\n","protected":false},"excerpt":{"rendered":"<p>La exvedette explic\u00f3 las razones del final de su romance con el exfutbolista. En los \u00faltimos d\u00edas se confirm\u00f3 que\u00a0Mar\u00eda Fernanda Callej\u00f3n\u00a0y Fernando Gamboa se separaron\u00a0tras casi tres a\u00f1os de noviazgo. El primero en anunciarlo fue el exfutbolista, al responderle a un seguidor que le pregunt\u00f3 por la exvedette. Ahora,\u00a0lleg\u00f3 el turno de la actriz [&hellip;]<\/p>\n","protected":false},"author":3,"featured_media":2666,"comment_status":"open","ping_status":"open","sticky":false,"template":"","format":"standard","meta":{"_jetpack_memberships_contains_paid_content":false,"footnotes":""},"categories":[5],"tags":[],"class_list":["post-2665","post","type-post","status-publish","format-standard","has-post-thumbnail","hentry","category-espectaculo"],"jetpack_featured_media_url":"https:\/\/pasahoy.com.ar\/ph\/wp-content\/uploads\/2025\/06\/1000401451.png","jetpack_sharing_enabled":true,"_links":{"self":[{"href":"https:\/\/pasahoy.com.ar\/ph\/wp-json\/wp\/v2\/posts\/2665","targetHints":{"allow":["GET"]}}],"collection":[{"href":"https:\/\/pasahoy.com.ar\/ph\/wp-json\/wp\/v2\/posts"}],"about":[{"href":"https:\/\/pasahoy.com.ar\/ph\/wp-json\/wp\/v2\/types\/post"}],"author":[{"embeddable":true,"href":"https:\/\/pasahoy.com.ar\/ph\/wp-json\/wp\/v2\/users\/3"}],"replies":[{"embeddable":true,"href":"https:\/\/pasahoy.com.ar\/ph\/wp-json\/wp\/v2\/comments?post=2665"}],"version-history":[{"count":1,"href":"https:\/\/pasahoy.com.ar\/ph\/wp-json\/wp\/v2\/posts\/2665\/revisions"}],"predecessor-version":[{"id":2667,"href":"https:\/\/pasahoy.com.ar\/ph\/wp-json\/wp\/v2\/posts\/2665\/revisions\/2667"}],"wp:featuredmedia":[{"embeddable":true,"href":"https:\/\/pasahoy.com.ar\/ph\/wp-json\/wp\/v2\/media\/2666"}],"wp:attachment":[{"href":"https:\/\/pasahoy.com.ar\/ph\/wp-json\/wp\/v2\/media?parent=2665"}],"wp:term":[{"taxonomy":"category","embeddable":true,"href":"https:\/\/pasahoy.com.ar\/ph\/wp-json\/wp\/v2\/categories?post=2665"},{"taxonomy":"post_tag","embeddable":true,"href":"https:\/\/pasahoy.com.ar\/ph\/wp-json\/wp\/v2\/tags?post=2665"}],"curies":[{"name":"wp","href":"https:\/\/api.w.org\/{rel}","templated":true}]}}