{"id":2658,"date":"2025-06-06T17:31:22","date_gmt":"2025-06-06T17:31:22","guid":{"rendered":"https:\/\/pasahoy.com.ar\/ph\/?p=2658"},"modified":"2025-06-06T17:31:36","modified_gmt":"2025-06-06T17:31:36","slug":"reforma-previsional-preocupado-el-gobierno-anticipa-un-escenario-adverso-en-el-senado","status":"publish","type":"post","link":"https:\/\/pasahoy.com.ar\/ph\/reforma-previsional-preocupado-el-gobierno-anticipa-un-escenario-adverso-en-el-senado\/","title":{"rendered":"Reforma previsional: preocupado, el Gobierno anticipa un escenario adverso en el Senado"},"content":{"rendered":"\n<p>En Casa Rosada se saben en desventaja, aunque siguen apostando al di\u00e1logo con gobernadores. Mientras tanto, el oficialismo no descuida la campa\u00f1a electoral. <\/p>\n\n\n\n<p>Pese a que todav\u00eda el<strong>\u00a0Senado\u00a0<\/strong>no puso fecha para tratar el\u00a0<strong>aumento de haberes jubilatorios<\/strong>\u00a0y la recomposici\u00f3n de la reforma previsional, que esta semana\u00a0<a href=\"https:\/\/www.ambito.com\/politica\/frente-la-marcha-del-congreso-la-oposicion-busca-consensuar-una-mejora-jubilados-n6153063\" target=\"_blank\" rel=\"noreferrer noopener\">tuvieron media sanci\u00f3n en la C\u00e1mara Baja<\/a>, en el Gobierno avizoran un escenario dif\u00edcil. En\u00a0<strong>Casa Rosada<\/strong>\u00a0entienden que, a pesar de estar en desventaja num\u00e9rica en ese recinto, el v\u00ednculo con la vicepresidenta,\u00a0<strong><a href=\"https:\/\/www.ambito.com\/politica\/victoria-villarruel-reestructuro-su-gabinete-y-armo-su-propio-triangulo-hierro-n6151156\" target=\"_blank\" rel=\"noreferrer noopener\">Victoria Villarruel<\/a><\/strong>, atraviesa uno de sus peores momentos. A esto se suma la desconfianza del oficialismo hacia algunos gobernadores y sobre el PRO, que aport\u00f3 varias abstenciones en Diputados. <\/p>\n\n\n\n<p>Otros funcionarios m\u00e1s optimistas elijen creer que algunos gobernadores podr\u00edan rever su postura para cuando los proyectos lleguen al Senado.\u00a0<strong>El Ejecutivo tiene planeado convocar a los mandatarios locales a una reuni\u00f3n en los pr\u00f3ximos d\u00edas<\/strong>, en respuesta al\u00a0<a href=\"https:\/\/www.ambito.com\/ambito-nacional\/gobernadores-ya-estan-reunidos-preocupa-caida-coparticipacion-y-envios-fondos-nacionales-n6152358\" target=\"_blank\" rel=\"noreferrer noopener\">reclamo de reforma fiscal\u00a0<\/a>que se elev\u00f3 en la \u00faltima reuni\u00f3n del Consejo Federal de Inversiones (CFI). Si bien los titulares de las provincias pidieron que el encuentro sea con Javier Milei, el mandatario estar\u00e1 fuera del pa\u00eds debido a su gira por Europa, por lo cual ser\u00e1n recibidos por Guillermo Francos. <\/p>\n\n\n\n<p>En Casa Rosada apuestan a que&nbsp;<strong>dicha instancia de di\u00e1logo pueda ser aprovechada apara abordar la agenda legislativa<\/strong>. Si bien hay pesimismo respecto a la reforma previsional,&nbsp;<strong>en el Gobierno no ven obst\u00e1culos en conseguir los votos para aprobar su proyecto de modificaci\u00f3n de la Ley Penal Cambiaria y la Ley de Procedimiento Fiscal (d\u00f3lar colch\u00f3n).&nbsp;<\/strong>De hecho, el Ejecutivo ya consigui\u00f3 fotos de adhesi\u00f3n al nuevo r\u00e9gimen con la mitad de los mandatarios provinciales.<\/p>\n\n\n\n<p>El jueves, el posible candidato a diputado -nacional o provincial-<strong>&nbsp;Jos\u00e9 Luis Espert<\/strong>, brind\u00f3 su primera conferencia en Casa Rosada, en la cual anunci\u00f3 el Proyecto de Ley de Inocencia Fiscal pero tambi\u00e9n aprovech\u00f3 para apuntar contra los diputados que votaron a favor de la reforma previsional. \u00abSabemos que los jubilados cobran miserias y que en el Garrahan cobran miserias,&nbsp;<strong>pero entre eso y hacerles creer que se puede pagar algo cuando no hay presupuesto suficiente para hacerlo hay diferencia\u201d,&nbsp;<\/strong>dijo el economista dos d\u00edas despu\u00e9s de ser recibido por la presidenta de La Libertad Avanza, Karina Milei. En el entorno de \u00abel Profe\u00bb ratifican que ir\u00e1 primero en los comicios de octubre y no de septiembre, aunque en Rosada no descartan ninguna opci\u00f3n.<\/p>\n\n\n\n<figure class=\"wp-block-gallery has-nested-images columns-default is-cropped wp-block-gallery-1 is-layout-flex wp-block-gallery-is-layout-flex\">\n<figure class=\"wp-block-image size-large\"><img loading=\"lazy\" decoding=\"async\" width=\"994\" height=\"603\" data-id=\"2659\" src=\"https:\/\/pasahoy.com.ar\/ph\/wp-content\/uploads\/2025\/06\/1000401426.png\" alt=\"\" class=\"wp-image-2659\" srcset=\"https:\/\/pasahoy.com.ar\/ph\/wp-content\/uploads\/2025\/06\/1000401426.png 994w, https:\/\/pasahoy.com.ar\/ph\/wp-content\/uploads\/2025\/06\/1000401426-300x182.png 300w, https:\/\/pasahoy.com.ar\/ph\/wp-content\/uploads\/2025\/06\/1000401426-768x466.png 768w\" sizes=\"auto, (max-width: 994px) 100vw, 994px\" \/><\/figure>\n<\/figure>\n","protected":false},"excerpt":{"rendered":"<p>En Casa Rosada se saben en desventaja, aunque siguen apostando al di\u00e1logo con gobernadores. Mientras tanto, el oficialismo no descuida la campa\u00f1a electoral. Pese a que todav\u00eda el\u00a0Senado\u00a0no puso fecha para tratar el\u00a0aumento de haberes jubilatorios\u00a0y la recomposici\u00f3n de la reforma previsional, que esta semana\u00a0tuvieron media sanci\u00f3n en la C\u00e1mara Baja, en el Gobierno avizoran [&hellip;]<\/p>\n","protected":false},"author":3,"featured_media":2659,"comment_status":"open","ping_status":"open","sticky":false,"template":"","format":"standard","meta":{"_jetpack_memberships_contains_paid_content":false,"footnotes":""},"categories":[2],"tags":[],"class_list":["post-2658","post","type-post","status-publish","format-standard","has-post-thumbnail","hentry","category-nacional"],"jetpack_featured_media_url":"https:\/\/pasahoy.com.ar\/ph\/wp-content\/uploads\/2025\/06\/1000401426.png","jetpack_sharing_enabled":true,"_links":{"self":[{"href":"https:\/\/pasahoy.com.ar\/ph\/wp-json\/wp\/v2\/posts\/2658","targetHints":{"allow":["GET"]}}],"collection":[{"href":"https:\/\/pasahoy.com.ar\/ph\/wp-json\/wp\/v2\/posts"}],"about":[{"href":"https:\/\/pasahoy.com.ar\/ph\/wp-json\/wp\/v2\/types\/post"}],"author":[{"embeddable":true,"href":"https:\/\/pasahoy.com.ar\/ph\/wp-json\/wp\/v2\/users\/3"}],"replies":[{"embeddable":true,"href":"https:\/\/pasahoy.com.ar\/ph\/wp-json\/wp\/v2\/comments?post=2658"}],"version-history":[{"count":1,"href":"https:\/\/pasahoy.com.ar\/ph\/wp-json\/wp\/v2\/posts\/2658\/revisions"}],"predecessor-version":[{"id":2660,"href":"https:\/\/pasahoy.com.ar\/ph\/wp-json\/wp\/v2\/posts\/2658\/revisions\/2660"}],"wp:featuredmedia":[{"embeddable":true,"href":"https:\/\/pasahoy.com.ar\/ph\/wp-json\/wp\/v2\/media\/2659"}],"wp:attachment":[{"href":"https:\/\/pasahoy.com.ar\/ph\/wp-json\/wp\/v2\/media?parent=2658"}],"wp:term":[{"taxonomy":"category","embeddable":true,"href":"https:\/\/pasahoy.com.ar\/ph\/wp-json\/wp\/v2\/categories?post=2658"},{"taxonomy":"post_tag","embeddable":true,"href":"https:\/\/pasahoy.com.ar\/ph\/wp-json\/wp\/v2\/tags?post=2658"}],"curies":[{"name":"wp","href":"https:\/\/api.w.org\/{rel}","templated":true}]}}