{"id":2647,"date":"2025-06-06T17:05:58","date_gmt":"2025-06-06T17:05:58","guid":{"rendered":"https:\/\/pasahoy.com.ar\/ph\/?p=2647"},"modified":"2025-06-06T17:05:58","modified_gmt":"2025-06-06T17:05:58","slug":"la-provincia-dio-un-paso-clave-con-la-aprobacion-de-la-ley-de-desarrollo-de-proveedores-mineros-y-mano-de-obra-riojana","status":"publish","type":"post","link":"https:\/\/pasahoy.com.ar\/ph\/la-provincia-dio-un-paso-clave-con-la-aprobacion-de-la-ley-de-desarrollo-de-proveedores-mineros-y-mano-de-obra-riojana\/","title":{"rendered":"La Provincia dio un paso clave con la aprobaci\u00f3n de la Ley de Desarrollo de Proveedores Mineros y Mano de Obra Riojana"},"content":{"rendered":"\n<p><em>La norma, a la que la Legislatura dio luz verde este jueves, busca dar impulso al desarrollo de la miner\u00eda en La Rioja, a partir de un fuerte respaldo a pymes y trabajadores, con un esquema de contrataci\u00f3n que prioriza lo local y promueve la inclusi\u00f3n laboral en todo el territorio provincial.<\/em><\/p>\n\n\n\n<figure class=\"wp-block-gallery has-nested-images columns-default is-cropped wp-block-gallery-1 is-layout-flex wp-block-gallery-is-layout-flex\">\n<figure class=\"wp-block-image size-large\"><img loading=\"lazy\" decoding=\"async\" width=\"1024\" height=\"682\" data-id=\"2650\" src=\"https:\/\/pasahoy.com.ar\/ph\/wp-content\/uploads\/2025\/06\/1000401358-1024x682.jpg\" alt=\"\" class=\"wp-image-2650\" srcset=\"https:\/\/pasahoy.com.ar\/ph\/wp-content\/uploads\/2025\/06\/1000401358-1024x682.jpg 1024w, https:\/\/pasahoy.com.ar\/ph\/wp-content\/uploads\/2025\/06\/1000401358-300x200.jpg 300w, https:\/\/pasahoy.com.ar\/ph\/wp-content\/uploads\/2025\/06\/1000401358-768x512.jpg 768w, https:\/\/pasahoy.com.ar\/ph\/wp-content\/uploads\/2025\/06\/1000401358-1536x1023.jpg 1536w, https:\/\/pasahoy.com.ar\/ph\/wp-content\/uploads\/2025\/06\/1000401358.jpg 1600w\" sizes=\"auto, (max-width: 1024px) 100vw, 1024px\" \/><\/figure>\n\n\n\n<figure class=\"wp-block-image size-large\"><img loading=\"lazy\" decoding=\"async\" width=\"1024\" height=\"682\" data-id=\"2648\" src=\"https:\/\/pasahoy.com.ar\/ph\/wp-content\/uploads\/2025\/06\/1000401356-1024x682.jpg\" alt=\"\" class=\"wp-image-2648\" srcset=\"https:\/\/pasahoy.com.ar\/ph\/wp-content\/uploads\/2025\/06\/1000401356-1024x682.jpg 1024w, https:\/\/pasahoy.com.ar\/ph\/wp-content\/uploads\/2025\/06\/1000401356-300x200.jpg 300w, https:\/\/pasahoy.com.ar\/ph\/wp-content\/uploads\/2025\/06\/1000401356-768x512.jpg 768w, https:\/\/pasahoy.com.ar\/ph\/wp-content\/uploads\/2025\/06\/1000401356-1536x1023.jpg 1536w, https:\/\/pasahoy.com.ar\/ph\/wp-content\/uploads\/2025\/06\/1000401356.jpg 1600w\" sizes=\"auto, (max-width: 1024px) 100vw, 1024px\" \/><\/figure>\n\n\n\n<figure class=\"wp-block-image size-large\"><img loading=\"lazy\" decoding=\"async\" width=\"1024\" height=\"682\" data-id=\"2649\" src=\"https:\/\/pasahoy.com.ar\/ph\/wp-content\/uploads\/2025\/06\/1000401355-1024x682.jpg\" alt=\"\" class=\"wp-image-2649\" srcset=\"https:\/\/pasahoy.com.ar\/ph\/wp-content\/uploads\/2025\/06\/1000401355-1024x682.jpg 1024w, https:\/\/pasahoy.com.ar\/ph\/wp-content\/uploads\/2025\/06\/1000401355-300x200.jpg 300w, https:\/\/pasahoy.com.ar\/ph\/wp-content\/uploads\/2025\/06\/1000401355-768x512.jpg 768w, https:\/\/pasahoy.com.ar\/ph\/wp-content\/uploads\/2025\/06\/1000401355-1536x1023.jpg 1536w, https:\/\/pasahoy.com.ar\/ph\/wp-content\/uploads\/2025\/06\/1000401355.jpg 1600w\" sizes=\"auto, (max-width: 1024px) 100vw, 1024px\" \/><\/figure>\n<\/figure>\n\n\n\n<p>La C\u00e1mara de Diputados de la Provincia aprob\u00f3 el proyecto de Ley para el Desarrollo de Proveedores Mineros y Mano de Obra Riojana. La iniciativa, impulsada por el Bloque Justicialista y trabajada de forma conjunta con el Ministerio de Trabajo, Empleo, Industria y Miner\u00eda, tiene como objetivo regular, acompa\u00f1ar y promover el crecimiento de proveedores locales y de la mano de obra riojana en el marco de un modelo de miner\u00eda sostenible, inclusiva y con una fuerte perspectiva de g\u00e9nero.<br>El ministro de Trabajo, Empleo, Industria y Miner\u00eda, Federico Baz\u00e1n, celebr\u00f3 la sanci\u00f3n de la ley como parte de una pol\u00edtica p\u00fablica que busca consolidar un modelo de desarrollo inclusivo y asegur\u00f3 que \u201cEsta norma es una expresi\u00f3n concreta del modelo de provincia que defendemos: con desarrollo productivo, inclusi\u00f3n, empleo local y priorizando nuestras pymes\u00bb. Asimismo, el funcionario provincial destac\u00f3 que \u00abla misma se dise\u00f1\u00f3 y trabaj\u00f3 con participaci\u00f3n de todos los actores, con mucho consenso y transparencia\u00bb, para luego remarcar que \u00abla ley acompa\u00f1a a las empresas y trabajadores de La Rioja, pero a su vez ofrece un marco de seguridad jur\u00eddica, moderna, a los empresas inversoras. Estamos convencidos que el desarrollo de la miner\u00eda se llevar\u00e1 a cabo con el desarrollo y participaci\u00f3n de las comunidades\u201d.<\/p>\n\n\n\n<p><em>Transparencia y accesibilidad<\/em><br>Por su parte, la secretaria de Miner\u00eda de la Provincia, Ivanna Guardia, valor\u00f3 el proceso participativo que dio origen a la ley y el impacto que tendr\u00e1 en el desarrollo local. Al respecto, sostuvo que \u201cla Ley de Proveedores Mineros la venimos trabajando hace tiempo, con la participaci\u00f3n activa de las c\u00e1maras de productores mineros. Estudiamos legislaciones de otras provincias para construir una mejor versi\u00f3n, con foco en priorizar a las pymes y trabajadores riojanos como mano de obra calificada, y destacando la perspectiva de g\u00e9nero\u201d.<br>Guardia tambi\u00e9n subray\u00f3 la importancia de la transparencia y la accesibilidad como principios fundamentales del nuevo esquema, sobre lo que asegur\u00f3 que \u201chabr\u00e1 un registro p\u00fablico al que cualquier persona podr\u00e1 acceder, lo que garantiza el control ciudadano. Esta ley es un paso concreto hacia una miner\u00eda que genere empleo genuino, fomente la inclusi\u00f3n y permita el crecimiento econ\u00f3mico desde el territorio\u201d.<\/p>\n\n\n\n<p><em>\u201cUna ley legitimada por todos los sectores\u201d<\/em><br>La diputada provincial Lourdes Ortiz, integrante del Bloque Justicialista y autora del proyecto, remarc\u00f3 que la norma fue construida con amplia participaci\u00f3n de c\u00e1maras empresariales, profesionales, proveedores y representantes del sector. \u201cEl objetivo principal es acompa\u00f1ar el desarrollo de proveedores locales y de la mano de obra riojana, regulando las relaciones entre las empresas mineras y quienes les ofrecen bienes, servicios o insumos, con reglas claras y equitativas\u201d, sostuvo.<\/p>\n\n\n\n<p><em>En detalle<\/em><br>La Ley establece que los proveedores deber\u00e1n tener domicilio real y fiscal en La Rioja, y contar con al menos un 80% de trabajadores residentes en la Provincia. En el caso de profesionales o t\u00e9cnicos, deber\u00e1n estar matriculados en los colegios profesionales correspondientes dentro del territorio provincial.<br>Asimismo, las empresas mineras deber\u00e1n contratar al menos un 70% de proveedores y trabajadores locales. Se crear\u00e1 tambi\u00e9n el Registro Provincial de Proveedores de Empresas Mineras (REPEM), y se implementar\u00e1 un sistema de contrataci\u00f3n por \u201canillos\u201d: primero se priorizar\u00e1 al departamento donde se ubique el proyecto, luego a la regi\u00f3n y finalmente al resto de la Provincia.<br>La Ley tambi\u00e9n contempla incentivos fiscales y financieros para aquellas empresas que, adem\u00e1s de cumplir con estas disposiciones, promuevan una mayor participaci\u00f3n femenina (m\u00e1s del 20%) o la inclusi\u00f3n de j\u00f3venes de entre 18 y 29 a\u00f1os.<\/p>\n","protected":false},"excerpt":{"rendered":"<p>La norma, a la que la Legislatura dio luz verde este jueves, busca dar impulso al desarrollo de la miner\u00eda en La Rioja, a partir de un fuerte respaldo a pymes y trabajadores, con un esquema de contrataci\u00f3n que prioriza lo local y promueve la inclusi\u00f3n laboral en todo el territorio provincial. La C\u00e1mara de [&hellip;]<\/p>\n","protected":false},"author":3,"featured_media":2650,"comment_status":"open","ping_status":"open","sticky":false,"template":"","format":"standard","meta":{"_jetpack_memberships_contains_paid_content":false,"footnotes":""},"categories":[1],"tags":[],"class_list":["post-2647","post","type-post","status-publish","format-standard","has-post-thumbnail","hentry","category-local"],"jetpack_featured_media_url":"https:\/\/pasahoy.com.ar\/ph\/wp-content\/uploads\/2025\/06\/1000401358.jpg","jetpack_sharing_enabled":true,"_links":{"self":[{"href":"https:\/\/pasahoy.com.ar\/ph\/wp-json\/wp\/v2\/posts\/2647","targetHints":{"allow":["GET"]}}],"collection":[{"href":"https:\/\/pasahoy.com.ar\/ph\/wp-json\/wp\/v2\/posts"}],"about":[{"href":"https:\/\/pasahoy.com.ar\/ph\/wp-json\/wp\/v2\/types\/post"}],"author":[{"embeddable":true,"href":"https:\/\/pasahoy.com.ar\/ph\/wp-json\/wp\/v2\/users\/3"}],"replies":[{"embeddable":true,"href":"https:\/\/pasahoy.com.ar\/ph\/wp-json\/wp\/v2\/comments?post=2647"}],"version-history":[{"count":1,"href":"https:\/\/pasahoy.com.ar\/ph\/wp-json\/wp\/v2\/posts\/2647\/revisions"}],"predecessor-version":[{"id":2651,"href":"https:\/\/pasahoy.com.ar\/ph\/wp-json\/wp\/v2\/posts\/2647\/revisions\/2651"}],"wp:featuredmedia":[{"embeddable":true,"href":"https:\/\/pasahoy.com.ar\/ph\/wp-json\/wp\/v2\/media\/2650"}],"wp:attachment":[{"href":"https:\/\/pasahoy.com.ar\/ph\/wp-json\/wp\/v2\/media?parent=2647"}],"wp:term":[{"taxonomy":"category","embeddable":true,"href":"https:\/\/pasahoy.com.ar\/ph\/wp-json\/wp\/v2\/categories?post=2647"},{"taxonomy":"post_tag","embeddable":true,"href":"https:\/\/pasahoy.com.ar\/ph\/wp-json\/wp\/v2\/tags?post=2647"}],"curies":[{"name":"wp","href":"https:\/\/api.w.org\/{rel}","templated":true}]}}