{"id":2641,"date":"2025-06-06T17:03:59","date_gmt":"2025-06-06T17:03:59","guid":{"rendered":"https:\/\/pasahoy.com.ar\/ph\/?p=2641"},"modified":"2025-06-06T17:03:59","modified_gmt":"2025-06-06T17:03:59","slug":"ante-la-ausencia-de-nacion-la-provincia-y-el-municipio-inauguraron-nuevas-luminarias-en-las-rutas-38-y-75","status":"publish","type":"post","link":"https:\/\/pasahoy.com.ar\/ph\/ante-la-ausencia-de-nacion-la-provincia-y-el-municipio-inauguraron-nuevas-luminarias-en-las-rutas-38-y-75\/","title":{"rendered":"Ante la ausencia de Naci\u00f3n, la Provincia y el Municipio inauguraron nuevas luminarias en las rutas 38 y 75"},"content":{"rendered":"\n<p><em>El gobernador Ricardo Quintela, junto al intendente capitalino Armando Molina, encabez\u00f3 el acto de inauguraci\u00f3n de la obra que contempl\u00f3 el recambio de 255 artefactos de iluminaci\u00f3n y la instalaci\u00f3n de 10 nuevos tableros. El mandatario provincial aprovech\u00f3 la ocasi\u00f3n para destacar el trabajo conjunto entre la Provincia, el municipio y las empresas involucradas, al tiempo que lanz\u00f3 duras cr\u00edticas al Gobierno nacional por la falta de recursos y la exclusi\u00f3n de las provincias en el reparto de fondos.<\/em><\/p>\n\n\n\n<figure class=\"wp-block-gallery has-nested-images columns-default is-cropped wp-block-gallery-1 is-layout-flex wp-block-gallery-is-layout-flex\">\n<figure class=\"wp-block-image size-large\"><img loading=\"lazy\" decoding=\"async\" width=\"1024\" height=\"767\" data-id=\"2645\" src=\"https:\/\/pasahoy.com.ar\/ph\/wp-content\/uploads\/2025\/06\/1000401351-1024x767.jpg\" alt=\"\" class=\"wp-image-2645\" srcset=\"https:\/\/pasahoy.com.ar\/ph\/wp-content\/uploads\/2025\/06\/1000401351-1024x767.jpg 1024w, https:\/\/pasahoy.com.ar\/ph\/wp-content\/uploads\/2025\/06\/1000401351-300x225.jpg 300w, https:\/\/pasahoy.com.ar\/ph\/wp-content\/uploads\/2025\/06\/1000401351-768x576.jpg 768w, https:\/\/pasahoy.com.ar\/ph\/wp-content\/uploads\/2025\/06\/1000401351-1536x1151.jpg 1536w, https:\/\/pasahoy.com.ar\/ph\/wp-content\/uploads\/2025\/06\/1000401351.jpg 1600w\" sizes=\"auto, (max-width: 1024px) 100vw, 1024px\" \/><\/figure>\n\n\n\n<figure class=\"wp-block-image size-large\"><img loading=\"lazy\" decoding=\"async\" width=\"1024\" height=\"684\" data-id=\"2643\" src=\"https:\/\/pasahoy.com.ar\/ph\/wp-content\/uploads\/2025\/06\/1000401352-1024x684.jpg\" alt=\"\" class=\"wp-image-2643\" srcset=\"https:\/\/pasahoy.com.ar\/ph\/wp-content\/uploads\/2025\/06\/1000401352-1024x684.jpg 1024w, https:\/\/pasahoy.com.ar\/ph\/wp-content\/uploads\/2025\/06\/1000401352-300x200.jpg 300w, https:\/\/pasahoy.com.ar\/ph\/wp-content\/uploads\/2025\/06\/1000401352-768x513.jpg 768w, https:\/\/pasahoy.com.ar\/ph\/wp-content\/uploads\/2025\/06\/1000401352-1536x1026.jpg 1536w, https:\/\/pasahoy.com.ar\/ph\/wp-content\/uploads\/2025\/06\/1000401352.jpg 1600w\" sizes=\"auto, (max-width: 1024px) 100vw, 1024px\" \/><\/figure>\n\n\n\n<figure class=\"wp-block-image size-large\"><img loading=\"lazy\" decoding=\"async\" width=\"1024\" height=\"822\" data-id=\"2642\" src=\"https:\/\/pasahoy.com.ar\/ph\/wp-content\/uploads\/2025\/06\/1000401353-1024x822.jpg\" alt=\"\" class=\"wp-image-2642\" srcset=\"https:\/\/pasahoy.com.ar\/ph\/wp-content\/uploads\/2025\/06\/1000401353-1024x822.jpg 1024w, https:\/\/pasahoy.com.ar\/ph\/wp-content\/uploads\/2025\/06\/1000401353-300x241.jpg 300w, https:\/\/pasahoy.com.ar\/ph\/wp-content\/uploads\/2025\/06\/1000401353-768x617.jpg 768w, https:\/\/pasahoy.com.ar\/ph\/wp-content\/uploads\/2025\/06\/1000401353.jpg 1345w\" sizes=\"auto, (max-width: 1024px) 100vw, 1024px\" \/><\/figure>\n\n\n\n<figure class=\"wp-block-image size-large\"><img loading=\"lazy\" decoding=\"async\" width=\"1024\" height=\"684\" data-id=\"2644\" src=\"https:\/\/pasahoy.com.ar\/ph\/wp-content\/uploads\/2025\/06\/1000401354-1024x684.jpg\" alt=\"\" class=\"wp-image-2644\" srcset=\"https:\/\/pasahoy.com.ar\/ph\/wp-content\/uploads\/2025\/06\/1000401354-1024x684.jpg 1024w, https:\/\/pasahoy.com.ar\/ph\/wp-content\/uploads\/2025\/06\/1000401354-300x200.jpg 300w, https:\/\/pasahoy.com.ar\/ph\/wp-content\/uploads\/2025\/06\/1000401354-768x513.jpg 768w, https:\/\/pasahoy.com.ar\/ph\/wp-content\/uploads\/2025\/06\/1000401354-1536x1026.jpg 1536w, https:\/\/pasahoy.com.ar\/ph\/wp-content\/uploads\/2025\/06\/1000401354.jpg 1600w\" sizes=\"auto, (max-width: 1024px) 100vw, 1024px\" \/><\/figure>\n<\/figure>\n\n\n\n<p>\u201cEsta es una obra que le corresponde a Vialidad Nacional, pero como no les env\u00edan fondos, no pueden mantener las rutas ni el alumbrado. Por eso decidimos intervenir desde la Provincia, con la ciudad capital y la empresa EDELaR, para iluminar avenidas de alta transitabilidad\u201d, explic\u00f3 el mandatario provincial durante el acto.<br>Adem\u00e1s de resaltar la importancia de la obra en t\u00e9rminos de seguridad vial y embellecimiento urbano, Quintela record\u00f3 la dura situaci\u00f3n que atraviesa el pa\u00eds y se\u00f1al\u00f3: \u201cAyer nos reunimos 22 de los 23 gobernadores para analizar la situaci\u00f3n cr\u00edtica de nuestras provincias y elaborar un plan de acci\u00f3n conjunto\u201d.<br>En ese marco, inform\u00f3 que un grupo de gobernadores se reunir\u00e1 con el Ejecutivo nacional para exigir el cumplimiento de la Ley de Coparticipaci\u00f3n Federal de Impuestos. \u201cNo se coparticipan los impuestos al combustible, el cheque, los aranceles por exportaci\u00f3n e importaci\u00f3n, ni los Aportes del Tesoro Nacional (ATN). Necesitamos, como m\u00ednimo, que se coparticipen dos de ellos\u201d, remarc\u00f3.<br>Quintela sostuvo que la falta de recursos repercute directamente en los servicios que se prestan a la ciudadan\u00eda: \u201cEsto no solo significa obras; tambi\u00e9n impacta en los bolsillos de los trabajadores. Queremos mejorar la calidad de vida de nuestra gente, no empeorarla\u201d.<br>En ese contexto, el gobernador tambi\u00e9n elogi\u00f3 a los diputados nacionales riojanos que impulsaron en el Congreso una moratoria previsional que permitir\u00eda a muchos trabajadores informales acceder a la jubilaci\u00f3n, y celebr\u00f3 el reciente avance de un incremento del 7,5% para los jubilados junto con un bono adicional.<br>\u201cTenemos que rediscutir y redistribuir el presupuesto provincial para poder acariciar a nuestros empleados p\u00fablicos con un incremento salarial en julio\u201d, anticip\u00f3, y reconoci\u00f3 que \u201choy es muy dif\u00edcil hacer obras como esta; estamos ahorrando, reordenando las cuentas\u201d.<br>Por \u00faltimo, Quintela pidi\u00f3 \u201cno bajar los brazos\u201d y reafirm\u00f3 su compromiso: \u201cMientras est\u00e9 al frente del gobierno, voy a hacer todo lo posible para garantizar salarios, servicios y esperanza para nuestra gente\u201d.<\/p>\n\n\n\n<p><em>\u00abLuminosa solidaridad\u00bb<\/em><br>Por su parte, el intendente Armando Molina destac\u00f3 el esfuerzo conjunto del municipio y la Provincia para llevar adelante la obra ante la falta de respuestas del Estado nacional. \u201cFrente al oscuro abandono del Estado nacional, se hace presente la luminosa solidaridad de los estados provinciales y municipales\u201d, afirm\u00f3.<br>La obra, que comprende la instalaci\u00f3n de modernas luminarias LED a lo largo de la circunvalaci\u00f3n y la ciclov\u00eda, forma parte de una estrategia para mejorar la seguridad vial en un sector que hab\u00eda sido escenario de numerosos accidentes. \u201cQueremos cuidar a los riojanos, a los turistas y a los trabajadores que usan esta ruta cada d\u00eda\u201d, dijo Molina. \u201cNos duele cada accidente y las tristezas sociales que significan perder vidas\u201d.<br>El jefe comunal explic\u00f3 que la decisi\u00f3n de encarar la obra fue tomada junto al gobernador Ricardo Quintela, ante el evidente deterioro y abandono del mantenimiento de las rutas nacionales. \u201cLa 38 atraviesa la ciudad de sur a norte y era muy peligroso hacerlo a oscuras. Hoy queda iluminada toda la traza, desde el ingreso norte hasta el sur\u201d, asegur\u00f3.<br>Molina tambi\u00e9n agradeci\u00f3 a los equipos de Electromec\u00e1nica y del municipio por el trabajo realizado, y pidi\u00f3 a la comunidad cuidar la obra. \u201cM\u00e1s de 180 luminarias estaban sin funcionar y fueron vandalizadas. Esta es una conducta social que debemos cambiar. Sabemos qui\u00e9n lo hace y para qu\u00e9 lo hacen\u201d, advirti\u00f3.<br>Asimismo, el intendente llam\u00f3 a \u201cdejar el escritorio y salir al lado del pueblo\u201d. \u201cSi estamos con la gente, a pesar de que no podamos cumplir con todas las necesidades, nos va a acompa\u00f1ar\u201d, expres\u00f3. Adem\u00e1s, record\u00f3 que muchas \u00e1reas como cultura, deporte y educaci\u00f3n siguen funcionando \u201ccon vocaci\u00f3n, voluntad e ingenio\u201d, pero que los recursos se est\u00e1n concentrando en servicios esenciales como bacheo, iluminaci\u00f3n y recolecci\u00f3n de residuos.<br>Finalmente, sostuvo que el objetivo es \u201cuna Rioja limpia, segura, ordenada e iluminada\u201d, y apel\u00f3 a la unidad y solidaridad de la comunidad. \u201cAunque algunos se borren en nombre del d\u00e9ficit cero, seguiremos trabajando por la ciudad que merecemos\u201d, concluy\u00f3.<\/p>\n\n\n\n<p><em>Trabajo coordinado<\/em><br>Tambi\u00e9n en el marco de la inauguraci\u00f3n, el ministro de Infraestructura de la Provincia, Marcelo del Moral, destac\u00f3 que la obra mejora la seguridad tanto para peatones como para transportistas. \u201cEs una intervenci\u00f3n que incluye iluminaci\u00f3n, limpieza y seguridad. M\u00e1s all\u00e1 de las contradicciones jur\u00eddicas respecto a la jurisdicci\u00f3n, lo importante es que estas obras beneficien a la gente\u201d, se\u00f1al\u00f3.<br>Asimismo, indic\u00f3 que la obra fue concretada a partir del trabajo conjunto entre la empresa EDELaR, el municipio capitalino y el Gobierno provincial.<br>Del Moral tambi\u00e9n remarc\u00f3 el contexto complejo que atraviesa la obra p\u00fablica desde fines de 2023: \u201cEl parate a nivel nacional ha destruido la obra p\u00fablica en todo el pa\u00eds. En La Rioja, el gobernador ha priorizado salud, educaci\u00f3n, seguridad y los salarios\u201d. Sin embargo, y a pesar de las dificultades presupuestarias, subray\u00f3 que se sigue trabajando de manera coordinada con los municipios del interior y de la Capital.<\/p>\n\n\n\n<p><em>Iluminaci\u00f3n inteligente<\/em><br>Por su parte, Jer\u00f3nimo Quintela, presidente de EDELaR, explic\u00f3 que la obra contempl\u00f3 el recambio de 255 artefactos de iluminaci\u00f3n y la instalaci\u00f3n de 10 tableros nuevos, todos vandalizados anteriormente. \u201cEsta es una obra producto de un convenio y un pedido del Gobernador para trabajar en conjunto con el municipio. La Ruta 38 era una avenida abandonada, con m\u00e1s de 190 luminarias apagadas\u201d, indic\u00f3.<br>El sistema incorporado cuenta con tecnolog\u00eda de telecomando, desarrollada por el propio equipo t\u00e9cnico de la empresa. \u201cSe trata de una iluminaci\u00f3n inteligente que permite monitorear el consumo, encender o apagar las luces a distancia y tomar decisiones en tiempo real\u201d, explic\u00f3 el titular de EDELaR.<br>Desde el Gobierno provincial destacaron que esta intervenci\u00f3n forma parte de una pol\u00edtica de recuperaci\u00f3n del espacio p\u00fablico urbano, especialmente en zonas de alto tr\u00e1nsito, y agradecieron el acompa\u00f1amiento de intendentes, legisladores y vecinos.<\/p>\n","protected":false},"excerpt":{"rendered":"<p>El gobernador Ricardo Quintela, junto al intendente capitalino Armando Molina, encabez\u00f3 el acto de inauguraci\u00f3n de la obra que contempl\u00f3 el recambio de 255 artefactos de iluminaci\u00f3n y la instalaci\u00f3n de 10 nuevos tableros. El mandatario provincial aprovech\u00f3 la ocasi\u00f3n para destacar el trabajo conjunto entre la Provincia, el municipio y las empresas involucradas, al [&hellip;]<\/p>\n","protected":false},"author":3,"featured_media":2645,"comment_status":"open","ping_status":"open","sticky":false,"template":"","format":"standard","meta":{"_jetpack_memberships_contains_paid_content":false,"footnotes":""},"categories":[1],"tags":[],"class_list":["post-2641","post","type-post","status-publish","format-standard","has-post-thumbnail","hentry","category-local"],"jetpack_featured_media_url":"https:\/\/pasahoy.com.ar\/ph\/wp-content\/uploads\/2025\/06\/1000401351.jpg","jetpack_sharing_enabled":true,"_links":{"self":[{"href":"https:\/\/pasahoy.com.ar\/ph\/wp-json\/wp\/v2\/posts\/2641","targetHints":{"allow":["GET"]}}],"collection":[{"href":"https:\/\/pasahoy.com.ar\/ph\/wp-json\/wp\/v2\/posts"}],"about":[{"href":"https:\/\/pasahoy.com.ar\/ph\/wp-json\/wp\/v2\/types\/post"}],"author":[{"embeddable":true,"href":"https:\/\/pasahoy.com.ar\/ph\/wp-json\/wp\/v2\/users\/3"}],"replies":[{"embeddable":true,"href":"https:\/\/pasahoy.com.ar\/ph\/wp-json\/wp\/v2\/comments?post=2641"}],"version-history":[{"count":1,"href":"https:\/\/pasahoy.com.ar\/ph\/wp-json\/wp\/v2\/posts\/2641\/revisions"}],"predecessor-version":[{"id":2646,"href":"https:\/\/pasahoy.com.ar\/ph\/wp-json\/wp\/v2\/posts\/2641\/revisions\/2646"}],"wp:featuredmedia":[{"embeddable":true,"href":"https:\/\/pasahoy.com.ar\/ph\/wp-json\/wp\/v2\/media\/2645"}],"wp:attachment":[{"href":"https:\/\/pasahoy.com.ar\/ph\/wp-json\/wp\/v2\/media?parent=2641"}],"wp:term":[{"taxonomy":"category","embeddable":true,"href":"https:\/\/pasahoy.com.ar\/ph\/wp-json\/wp\/v2\/categories?post=2641"},{"taxonomy":"post_tag","embeddable":true,"href":"https:\/\/pasahoy.com.ar\/ph\/wp-json\/wp\/v2\/tags?post=2641"}],"curies":[{"name":"wp","href":"https:\/\/api.w.org\/{rel}","templated":true}]}}